{"id":385,"count":10,"description":"","link":"https:\/\/www.dorif.it\/reperes\/category\/28-entre-le-theorique-et-lexperientiel-loral-en-didactique-du-fle-questionnements-et-perspectives\/entre-le-theorique-et-lexperientiel-loral-en-didactique-du-fle-questionnements-et-perspectives\/","name":"Entre le th\u00e9orique et l'exp\u00e9rientiel : l'oral en didactique du FLE. Questionnements et perspectives","slug":"entre-le-theorique-et-lexperientiel-loral-en-didactique-du-fle-questionnements-et-perspectives","taxonomy":"category","parent":384,"meta":[],"acf":[],"yoast_head":"<!-- This site is optimized with the Yoast SEO plugin v27.3 - https:\/\/yoast.com\/product\/yoast-seo-wordpress\/ -->\n<title>Entre le th\u00e9orique et l&#039;exp\u00e9rientiel : l&#039;oral en didactique du FLE. Questionnements et perspectives Archivi - Rep\u00e8res-Dorif<\/title>\n<meta name=\"robots\" content=\"index, follow, max-snippet:-1, max-image-preview:large, max-video-preview:-1\" \/>\n<link rel=\"canonical\" href=\"https:\/\/www.dorif.it\/reperes\/category\/28-entre-le-theorique-et-lexperientiel-loral-en-didactique-du-fle-questionnements-et-perspectives\/entre-le-theorique-et-lexperientiel-loral-en-didactique-du-fle-questionnements-et-perspectives\/\" \/>\n<meta property=\"og:locale\" content=\"it_IT\" \/>\n<meta property=\"og:type\" content=\"article\" \/>\n<meta property=\"og:title\" content=\"Entre le th\u00e9orique et l&#039;exp\u00e9rientiel : l&#039;oral en didactique du FLE. Questionnements et perspectives Archivi - Rep\u00e8res-Dorif\" \/>\n<meta property=\"og:url\" content=\"https:\/\/www.dorif.it\/reperes\/category\/28-entre-le-theorique-et-lexperientiel-loral-en-didactique-du-fle-questionnements-et-perspectives\/entre-le-theorique-et-lexperientiel-loral-en-didactique-du-fle-questionnements-et-perspectives\/\" \/>\n<meta property=\"og:site_name\" content=\"Rep\u00e8res-Dorif\" \/>\n<meta name=\"twitter:card\" content=\"summary_large_image\" \/>\n<script type=\"application\/ld+json\" class=\"yoast-schema-graph\">{\"@context\":\"https:\\\/\\\/schema.org\",\"@graph\":[{\"@type\":\"CollectionPage\",\"@id\":\"https:\\\/\\\/www.dorif.it\\\/reperes\\\/category\\\/28-entre-le-theorique-et-lexperientiel-loral-en-didactique-du-fle-questionnements-et-perspectives\\\/entre-le-theorique-et-lexperientiel-loral-en-didactique-du-fle-questionnements-et-perspectives\\\/\",\"url\":\"https:\\\/\\\/www.dorif.it\\\/reperes\\\/category\\\/28-entre-le-theorique-et-lexperientiel-loral-en-didactique-du-fle-questionnements-et-perspectives\\\/entre-le-theorique-et-lexperientiel-loral-en-didactique-du-fle-questionnements-et-perspectives\\\/\",\"name\":\"Entre le th\u00e9orique et l'exp\u00e9rientiel : l'oral en didactique du FLE. Questionnements et perspectives Archivi - Rep\u00e8res-Dorif\",\"isPartOf\":{\"@id\":\"https:\\\/\\\/www.dorif.it\\\/reperes\\\/#website\"},\"breadcrumb\":{\"@id\":\"https:\\\/\\\/www.dorif.it\\\/reperes\\\/category\\\/28-entre-le-theorique-et-lexperientiel-loral-en-didactique-du-fle-questionnements-et-perspectives\\\/entre-le-theorique-et-lexperientiel-loral-en-didactique-du-fle-questionnements-et-perspectives\\\/#breadcrumb\"},\"inLanguage\":\"it-IT\"},{\"@type\":\"BreadcrumbList\",\"@id\":\"https:\\\/\\\/www.dorif.it\\\/reperes\\\/category\\\/28-entre-le-theorique-et-lexperientiel-loral-en-didactique-du-fle-questionnements-et-perspectives\\\/entre-le-theorique-et-lexperientiel-loral-en-didactique-du-fle-questionnements-et-perspectives\\\/#breadcrumb\",\"itemListElement\":[{\"@type\":\"ListItem\",\"position\":1,\"name\":\"Home\",\"item\":\"https:\\\/\\\/www.dorif.it\\\/reperes\\\/\"},{\"@type\":\"ListItem\",\"position\":2,\"name\":\"28 - Entre le th\u00e9orique et l'exp\u00e9rientiel : l'oral en didactique du FLE. Questionnements et perspectives\",\"item\":\"https:\\\/\\\/www.dorif.it\\\/reperes\\\/category\\\/28-entre-le-theorique-et-lexperientiel-loral-en-didactique-du-fle-questionnements-et-perspectives\\\/\"},{\"@type\":\"ListItem\",\"position\":3,\"name\":\"Entre le th\u00e9orique et l'exp\u00e9rientiel : l'oral en didactique du FLE. Questionnements et perspectives\"}]},{\"@type\":\"WebSite\",\"@id\":\"https:\\\/\\\/www.dorif.it\\\/reperes\\\/#website\",\"url\":\"https:\\\/\\\/www.dorif.it\\\/reperes\\\/\",\"name\":\"Rep\u00e8res-Dorif\",\"description\":\"Autor du Fran\u00e7ais: langues, cultures et plurilinguisme\",\"potentialAction\":[{\"@type\":\"SearchAction\",\"target\":{\"@type\":\"EntryPoint\",\"urlTemplate\":\"https:\\\/\\\/www.dorif.it\\\/reperes\\\/?s={search_term_string}\"},\"query-input\":{\"@type\":\"PropertyValueSpecification\",\"valueRequired\":true,\"valueName\":\"search_term_string\"}}],\"inLanguage\":\"it-IT\"}]}<\/script>\n<!-- \/ Yoast SEO plugin. -->","yoast_head_json":{"title":"Entre le th\u00e9orique et l'exp\u00e9rientiel : l'oral en didactique du FLE. Questionnements et perspectives Archivi - Rep\u00e8res-Dorif","robots":{"index":"index","follow":"follow","max-snippet":"max-snippet:-1","max-image-preview":"max-image-preview:large","max-video-preview":"max-video-preview:-1"},"canonical":"https:\/\/www.dorif.it\/reperes\/category\/28-entre-le-theorique-et-lexperientiel-loral-en-didactique-du-fle-questionnements-et-perspectives\/entre-le-theorique-et-lexperientiel-loral-en-didactique-du-fle-questionnements-et-perspectives\/","og_locale":"it_IT","og_type":"article","og_title":"Entre le th\u00e9orique et l'exp\u00e9rientiel : l'oral en didactique du FLE. Questionnements et perspectives Archivi - Rep\u00e8res-Dorif","og_url":"https:\/\/www.dorif.it\/reperes\/category\/28-entre-le-theorique-et-lexperientiel-loral-en-didactique-du-fle-questionnements-et-perspectives\/entre-le-theorique-et-lexperientiel-loral-en-didactique-du-fle-questionnements-et-perspectives\/","og_site_name":"Rep\u00e8res-Dorif","twitter_card":"summary_large_image","schema":{"@context":"https:\/\/schema.org","@graph":[{"@type":"CollectionPage","@id":"https:\/\/www.dorif.it\/reperes\/category\/28-entre-le-theorique-et-lexperientiel-loral-en-didactique-du-fle-questionnements-et-perspectives\/entre-le-theorique-et-lexperientiel-loral-en-didactique-du-fle-questionnements-et-perspectives\/","url":"https:\/\/www.dorif.it\/reperes\/category\/28-entre-le-theorique-et-lexperientiel-loral-en-didactique-du-fle-questionnements-et-perspectives\/entre-le-theorique-et-lexperientiel-loral-en-didactique-du-fle-questionnements-et-perspectives\/","name":"Entre le th\u00e9orique et l'exp\u00e9rientiel : l'oral en didactique du FLE. Questionnements et perspectives Archivi - Rep\u00e8res-Dorif","isPartOf":{"@id":"https:\/\/www.dorif.it\/reperes\/#website"},"breadcrumb":{"@id":"https:\/\/www.dorif.it\/reperes\/category\/28-entre-le-theorique-et-lexperientiel-loral-en-didactique-du-fle-questionnements-et-perspectives\/entre-le-theorique-et-lexperientiel-loral-en-didactique-du-fle-questionnements-et-perspectives\/#breadcrumb"},"inLanguage":"it-IT"},{"@type":"BreadcrumbList","@id":"https:\/\/www.dorif.it\/reperes\/category\/28-entre-le-theorique-et-lexperientiel-loral-en-didactique-du-fle-questionnements-et-perspectives\/entre-le-theorique-et-lexperientiel-loral-en-didactique-du-fle-questionnements-et-perspectives\/#breadcrumb","itemListElement":[{"@type":"ListItem","position":1,"name":"Home","item":"https:\/\/www.dorif.it\/reperes\/"},{"@type":"ListItem","position":2,"name":"28 - Entre le th\u00e9orique et l'exp\u00e9rientiel : l'oral en didactique du FLE. Questionnements et perspectives","item":"https:\/\/www.dorif.it\/reperes\/category\/28-entre-le-theorique-et-lexperientiel-loral-en-didactique-du-fle-questionnements-et-perspectives\/"},{"@type":"ListItem","position":3,"name":"Entre le th\u00e9orique et l'exp\u00e9rientiel : l'oral en didactique du FLE. Questionnements et perspectives"}]},{"@type":"WebSite","@id":"https:\/\/www.dorif.it\/reperes\/#website","url":"https:\/\/www.dorif.it\/reperes\/","name":"Rep\u00e8res-Dorif","description":"Autor du Fran\u00e7ais: langues, cultures et plurilinguisme","potentialAction":[{"@type":"SearchAction","target":{"@type":"EntryPoint","urlTemplate":"https:\/\/www.dorif.it\/reperes\/?s={search_term_string}"},"query-input":{"@type":"PropertyValueSpecification","valueRequired":true,"valueName":"search_term_string"}}],"inLanguage":"it-IT"}]}},"_links":{"self":[{"href":"https:\/\/www.dorif.it\/reperes\/wp-json\/wp\/v2\/categories\/385","targetHints":{"allow":["GET"]}}],"collection":[{"href":"https:\/\/www.dorif.it\/reperes\/wp-json\/wp\/v2\/categories"}],"about":[{"href":"https:\/\/www.dorif.it\/reperes\/wp-json\/wp\/v2\/taxonomies\/category"}],"up":[{"embeddable":true,"href":"https:\/\/www.dorif.it\/reperes\/wp-json\/wp\/v2\/categories\/384"}],"wp:post_type":[{"href":"https:\/\/www.dorif.it\/reperes\/wp-json\/wp\/v2\/posts?categories=385"},{"href":"https:\/\/www.dorif.it\/reperes\/wp-json\/wp\/v2\/pmb_content?categories=385"}],"curies":[{"name":"wp","href":"https:\/\/api.w.org\/{rel}","templated":true}]}}