{"id":10298,"date":"2023-11-06T16:53:53","date_gmt":"2023-11-06T15:53:53","guid":{"rendered":"https:\/\/www.dorif.it\/reperes\/?p=10298"},"modified":"2023-11-14T12:48:28","modified_gmt":"2023-11-14T11:48:28","slug":"jeremi-sauvage-remarques-sur-levaluation-et-la-consigne-en-didactique-de-loral-en-fle","status":"publish","type":"post","link":"https:\/\/www.dorif.it\/reperes\/jeremi-sauvage-remarques-sur-levaluation-et-la-consigne-en-didactique-de-loral-en-fle\/","title":{"rendered":"J\u00e9r\u00e9mi SAUVAGE, Remarques sur l\u2019\u00e9valuation et la consigne en didactique de l\u2019oral en FLE"},"content":{"rendered":"<h3 id=\"j\u00e9r\u00e9mi-sauvage\" style=\"text-align: center; padding-left: 80px;\">J\u00e9r\u00e9mi SAUVAGE<\/h3>\n<p>&nbsp;<\/p>\n<h2 id=\"remarques-sur-l\u2019\u00e9valuation-\" style=\"text-align: center;\"><strong>Remarques sur l\u2019\u00e9valuation et la consigne en didactique de l\u2019oral en FLE<\/strong><\/h2>\n<p>&nbsp;<\/p>\n<p>&nbsp;<\/p>\n<p><strong>J\u00e9r\u00e9mi Sauvage<br \/>\n<\/strong>Universit\u00e9 Paul-Val\u00e9ry-Montpellier 3, Unit\u00e9 de recherche <em>L H U M A I N<br \/>\n<\/em>Jeremi.sauvage@univ-montp3.fr<\/p>\n<hr \/>\n<p><strong><br \/>\nR\u00e9sum\u00e9<br \/>\n<\/strong>Le but du pr\u00e9sent article est d\u2019interroger la pertinence et les biais de l\u2019\u00e9valuation de l\u2019oral en didactique du FLE, plus pr\u00e9cis\u00e9ment en didactique de la prononciation. Nous verrons que si les consignes elles-m\u00eames des exercices induisent certains biais dans la t\u00e2che demand\u00e9e aux apprenants, Il nous semblerait pertinent d\u2019envisager de nouvelles approches et de nouvelles consid\u00e9rations des comp\u00e9tences linguistiques en lien avec l\u2019oral, comme, par exemple, repenser la le\u00e7on de phon\u00e9tique sans faire appel \u00e0 d\u2019autres activit\u00e9s sociocognitives que celles de l\u2019oral.<\/p>\n<p><strong>Abstract<br \/>\n<\/strong>The aim of this article is to examine the relevance and biases of oral assessment in the didactics of French as a foreign language, and more specifically in the didactics of pronunciation. We shall see that if the instructions for the exercises themselves induce certain biases in the task asked of the learners, it would not be absurd to envisage new approaches and new considerations of linguistic skills in relation to oral expression, such as, for example, rethinking the phonetics lesson without calling on socio-cognitive activities other than those of oral expression.<\/p>\n<hr \/>\n<p>&nbsp;<\/p>\n<h3 id=\"\u00a01-introduction-:-du-son-au-p\">1. Introduction : du son au phon\u00e8me<\/h3>\n<p>Comme l\u2019a expliqu\u00e9 Michel Billi\u00e8res dans son blog \u00ab\u00a0Au son du FLE\u00a0\u00bb, la phonologie et la phon\u00e9tique sont deux disciplines distinctes s\u2019int\u00e9ressant \u00e0 la mati\u00e8re sonore des langues et de la parole. La \u00ab\u00a0Phon\u00e9tique\u00a0\u00bb (acoustique, perceptive et articulatoire) s\u2019int\u00e9resse aux dimensions physiques et concr\u00e8tes de la parole, tandis que la \u00ab\u00a0Phonologie\u00a0\u00bb s\u2019int\u00e9resse quant \u00e0 elle aux unit\u00e9s sonores des langues (les phon\u00e8mes), par d\u00e9finition abstraite. Or, en situation d\u2019enseignement-apprentissage d\u2019une langue \u00e9trang\u00e8re, la fronti\u00e8re est quelque peu t\u00e9nue entre ces deux domaines. La <em>r\u00e9alisation<\/em> des phon\u00e8mes (plan phonologique) se traduisant par une production sonore (plan phon\u00e9tique), on parle depuis longtemps de \u00ab\u00a0syst\u00e8me phon\u00e9tico-phonologique\u00a0\u00bb (BOYSSON-BARDIES 1996\u00a0; DETEY 2005\u00a0; SAUVAGE 2015) pour ne pas avoir \u00e0 s\u2019interroger sur une question dont on ne peut pas obtenir une r\u00e9ponse pr\u00e9cise. En consid\u00e9rant que l\u2019appropriation d\u2019une langue consiste, dans ce domaine, \u00e0 s\u2019approprier les phon\u00e8mes constitutifs d\u2019un syst\u00e8me phonologique d\u2019une langue donn\u00e9e en int\u00e9grant ces phon\u00e8mes dans l\u2019organisation de la conscience phonologique de l\u2019apprenant (SAUVAGE, 2021), il se pose alors, de fa\u00e7on l\u00e9gitime, la question de l\u2019\u00e9valuation de cette comp\u00e9tence phonologique qui ne peut \u00eatre observ\u00e9e de mani\u00e8re directe. C\u2019est alors \u00e0 travers les r\u00e9sultats d\u2019activit\u00e9s et d\u2019exercices de perception et de production que l\u2019enseignant doit interpr\u00e9ter, le moins approximativement possible, cette comp\u00e9tence phonologique\u00a0: les phon\u00e8mes de la langue-cible ont-ils trouv\u00e9 leur place dans la conscience phonologique de l\u2019apprenant\u00a0? En d\u2019autres termes, si le phon\u00e8me \/u\/ n\u2019existe pas dans la conscience phonologique de l\u2019apprenant (parce que ce phon\u00e8me est absent du ou des syst\u00e8mes linguistiques de ma ou mes langue(s) premi\u00e8re(s)), comment et quand ce phon\u00e8me \/u\/ trouvera-t-il sa place (construction d\u2019une opposition phonologique (CLEMENTS HUME 1995) avec le phon\u00e8me \/U\/ par exemple) dans sa conscience phonologique de locuteur-apprenant\u00a0?<\/p>\n<p>Un deuxi\u00e8me aspect nous semble encore plus complexe que ce qu\u2019on a l\u2019habitude de lire et d\u2019entendre\u00a0: comment peut-on appr\u00e9hender l\u2019interrelation perception \/ articulation des phon\u00e8mes et leurs cons\u00e9quences en didactique de la prononciation en langue \u00e9trang\u00e8re (DETEY 2020)\u00a0? Si la boucle audio-phonatoire de Delattre (1951) est d\u00e9sormais attest\u00e9e sur le plan neurophysiologique (RIZZOLATTI <em>et al<\/em>., 1996\u00a0; 2006), le facteur \u00ab\u00a0temps\u00a0\u00bb pose un probl\u00e8me aux enseignants en qu\u00eate d\u2019\u00e9valuation (HUVER SPRINGER 2011). Quelles r\u00e9actions doivent avoir les enseignants face \u00e0 la diversit\u00e9 des vitesses d\u2019apprentissages de leurs \u00e9l\u00e8ves\u00a0? En effet, les m\u00eames r\u00e9seaux de neurones sont activ\u00e9s pour le traitement du signal sonore sur le plan perceptif mais ce sont \u00e9galement ces m\u00eames r\u00e9seaux qui permettent la coordination motrice de l\u2019appareil phonatoire (pour une synth\u00e8se sur ces questions, <em>cf<\/em>. SAUVAGE 2021). C\u2019est pourquoi, il est indispensable de proposer en classe, d\u00e8s le d\u00e9but des apprentissages, des activit\u00e9s et des exercices dont l\u2019objectif principal concerne la discrimination (qui renvoie \u00e0 l\u2019\u00e9coute attentive de la M\u00e9thode Verbo-Tonale (RENARD 1977)) ainsi que la production articulatoire des nouveaux sons. Cependant, nous manquons d\u2019\u00e9tudes et de donn\u00e9es \u00e0 propos de la temporalit\u00e9 n\u00e9cessaire entre les deux processus. Cela renvoie aux deux \u00e9tapes d\u00e9velopp\u00e9es par l\u2019interactionnisme socio-discursif (BRONCKART 1997\u00a0; 1999\u00a0; 2008, 2012), \u00e0 savoir un premier processus dit de \u00ab\u00a0conscientisation\u00a0\u00bb (l\u2019action de l\u2019Autre me fait prendre conscience d\u2019un ph\u00e9nom\u00e8ne), avant un second de \u00ab\u00a0s\u00e9miotisation des repr\u00e9sentations individuelles\u00a0\u00bb dont l\u2019objectif est de faire \u00e9voluer des repr\u00e9sentations mentales existantes (SAUVAGE 2014). C\u2019est l\u00e0 une vraie difficult\u00e9 pour l\u2019enseignant\u00a0: alors qu\u2019a \u00e9t\u00e9 constat\u00e9e en classe une v\u00e9ritable \u00e9volution des comp\u00e9tences perceptives des nouveaux sons, les effets sur l\u2019articulation se font parfois attendre longtemps\u00a0: on observe donc un d\u00e9calage plus ou moins important entre la r\u00e9ussite d\u2019exercices visant la perception et celle d\u2019exercices visant l\u2019articulation, ce qui pose une question de fond\u00a0: qu\u2019\u00e9value-t-on r\u00e9ellement pendant et en fin de s\u00e9quence p\u00e9dagogique\u00a0? Ce n\u2019est pas parce que l\u2019apprenant ne sait pas encore prononcer le phon\u00e8me-cible qu\u2019il n\u2019a pas commenc\u00e9 \u00e0 prendre conscience de l\u2019opposition phonologique dont la le\u00e7on fait l\u2019objet.<\/p>\n<p>Dans cet article, nous souhaitons aborder ces aspects, en nous appuyant sur une posture holistique bas\u00e9e sur la pens\u00e9e complexe d\u2019Edgar Morin (MORIN 1977\u00a0; 1980\u00a0; 1990\u00a0; 2004\u00a0; 2011\u00a0; MORIN LE MOIGNE 1999). Voil\u00e0 pourquoi il s\u2019agira de refuser la simplification \u00e0 outrance de la situation d\u2019enseignement-apprentissage que rev\u00eat une le\u00e7on de phon\u00e9tique en cours de langue \u00e9trang\u00e8re et d\u2019essayer d\u2019apporter un regard syst\u00e9mique \u00e0 cette situation pour en appr\u00e9hender les tenants et les aboutissants. Il nous semble en effet indispensable d\u2019\u00e9largir nos conceptions parfois trop \u00ab\u00a0acad\u00e9miques\u00a0\u00bb pour am\u00e9liorer les pratiques p\u00e9dagogiques, tant sur le plan de la formation de formateurs qu\u2019en classe face aux apprenants.<\/p>\n<h3 id=\"\u00a02-questions-d\u2019\u00e9valuation-\">2. Questions d\u2019\u00e9valuation de l\u2019oral<\/h3>\n<p>Tout cela nous am\u00e8ne \u00e0 nous interroger sur les diff\u00e9rents param\u00e8tres propres \u00e0 l\u2019\u00e9valuation des comp\u00e9tences de l\u2019oral, souvent plus d\u00e9licates \u00e0 \u00ab\u00a0cerner\u00a0\u00bb que celles de l\u2019\u00e9crit (RONDAL 2001). Outre les interrogations l\u00e9gitimes et qui ne sont pas nouvelles (HUVER SPRINGER 2011), par exemple lors des certifications linguistiques type DELF\/DALF (SAUVAGE GARDIES 2021), nous pensons qu\u2019il est l\u00e9gitime de s\u2019arr\u00eater un instant sur les questions suivantes\u00a0: qu\u2019\u00e9value-t-on <em>vraiment<\/em> en fin de s\u00e9quence de \u00ab\u00a0Phon\u00e9tique corrective\u00a0\u00bb\u00a0? Ce qu\u2019on pense mesurer comme une comp\u00e9tence perceptive, \u00e0 travers une r\u00e9alisation articulatoire, l\u2019est-elle vraiment (une comp\u00e9tence perceptive)\u00a0? Car enfin, la seule certitude de l\u2019enseignant, est que si l\u2019apprenant r\u00e9ussit \u00e0 prononcer le phon\u00e8me \/u\/ dans diff\u00e9rents contextes, c\u2019est bien qu\u2019il per\u00e7oit ledit phon\u00e8me dans ces contextes. Mais \/u\/ devient \/U\/ sur le plan articulatoire, on ne peut remettre en cause la qualit\u00e9 de la perception de l\u2019apprenant puisqu\u2019il existe ce d\u00e9calage possible, cette n\u00e9cessaire temporalit\u00e9 variable entre l\u2019activation des r\u00e9seaux de neurones \u00e0 l\u2019\u0153uvre dans les m\u00e9canismes neuro-perceptifs et leur pendant sur la coordination motrice des muscles de l\u2019appareil phonatoire.<\/p>\n<p>Cela nous am\u00e8ne alors \u00e0 nous interroger sur \u00ab\u00a0qui\u00a0\u00bb est \u00e9valu\u00e9. En d\u2019autres termes, sur ce qu\u2019est un \u00ab\u00a0apprenant\u00a0\u00bb. D\u2019un point de vue psycholinguistique, l\u2019apprenant adulte est un \u00eatre humain, c\u2019est-\u00e0-dire le r\u00e9sultat d\u2019une \u00e9volution, un ancien enfant \/ adolescent. Il utilise donc des m\u00e9canismes psycho-sociaux-affectifs (CALLAMAND 1981\u00a0; BRUNER 1983\u00a0; 1991\u00a0; SAUVAGE 2014\u00a0; NARCY-COMBES &amp; NARCY-COMBES 2019) et biologiques (CHOMSKY 1995) qui peuvent se traduire par les approches neurolinguistiques (ANL) (NETTEN GERMAIN 2012\u00a0; GERMAIN 2018\u00a0; GUEDAT-BITTIGHOFFER, DAT, HUMEAU NOCUS, 2021) propres \u00e0 la nature humaine et qui font, toujours aujourd\u2019hui, l\u2019objet de recherche dans la mesure o\u00f9 nos connaissances sur la question sont loin d\u2019\u00eatre compl\u00e8tes et exhaustives. Cependant, ces connaissances ne sont pas non plus nulles gr\u00e2ce notamment aux contributions de diff\u00e9rentes disciplines qui sont, reconnaissons-le, de plus en plus en interactions (MORIN, 1986\u00a0; 1999\u00a0; 2013\u00a0; HILTON, 2022). Trop souvent, l\u2019apprenant est consid\u00e9r\u00e9, nous semble-t-il, en dehors d\u2019une histoire humaine au cours de laquelle au moins une autre langue (L1) a d\u00e9j\u00e0 \u00e9t\u00e9 appropri\u00e9e et donc poser des structures de bases \u00e0 partir desquelles les autres langues \u00e0 acqu\u00e9rir vont trouver leur place. De la m\u00eame mani\u00e8re qu\u2019on oublie parfois qu\u2019\u00e0 l\u2019\u00e9cole un \u00e9l\u00e8ve est aussi un enfant, il nous semble important de garder \u00e0 l\u2019esprit que la complexit\u00e9 humaine peut permettre de donner du sens aux freins mais aussi aux r\u00e9ussites multiples en situation d\u2019enseignement-apprentissage des langues (SAUVAGE, 2023a sous presse).<\/p>\n<p>Face \u00e0 cette complexit\u00e9, l\u2019enseignant doit alors se poser la question l\u00e9gitime du \u00ab\u00a0comment \u00e9valuer\u00a0?\u00a0\u00bb, ce qui constitue en soi un n\u0153ud gordien qu\u2019on n\u2019a pas fini de d\u00e9m\u00ealer. Si une r\u00e9ponse simple n\u2019est pas envisageable, nous sugg\u00e9rons d\u2019ouvrir un chantier sur cette question en apparence simple.<\/p>\n<p>En poursuivant la r\u00e9flexion, on aboutit rapidement au \u00ab\u00a0pourquoi \u00e9valuer\u00a0?\u00a0\u00bb et au \u00ab\u00a0pour quoi \u00e9valuer\u00a0?\u00a0\u00bb, \u00e9valuer pour quoi faire\u00a0? La question du \u00ab\u00a0pourquoi \/ pour quoi\u00a0\u00bb appelle de multiples r\u00e9ponses\u00a0: a) pour des raisons purement p\u00e9dagogiques, comme la mesure de l\u2019\u00e9volution des comp\u00e9tences test\u00e9es (formations initiale, formative et sommatives)\u00a0; b) pour des raisons administratives et soci\u00e9tales, comme le fait de se fixer un objectif de certification linguistique. Cela dit, on peut se demander si l\u2019objectif principal de l\u2019appropriation de comp\u00e9tences linguistiques peut r\u00e9ellement se limiter \u00e0 une \u00e9valuation administrative plut\u00f4t qu\u2019\u00e0 objectif de communication en contexte \u00e0 une intercompr\u00e9hension (DIDELOT<strong>, <\/strong>RACINE<strong>, <\/strong>ZAY <strong>\u00a0<\/strong>PRIKHODKINE, 2019). Par exemple, quels sont les enjeux de r\u00e9ussir ou non des exercices de perception ou de r\u00e9p\u00e9tition pendant une s\u00e9quence en phon\u00e9tique FLE\u00a0? Le fait de r\u00e9ussir (de valider) tel ou tel exercice pr\u00e9vaut-il sur les comp\u00e9tences r\u00e9elles en situation communicative\u00a0? Nous pensons que non. S\u2019il s\u2019agit bien d\u2019un indicateur pour l\u2019enseignant du fait que la progression p\u00e9dagogique est en cours, nous d\u00e9fendons l\u2019id\u00e9e selon laquelle toute \u00e9valuation sommative (la seule pr\u00e9sentant un int\u00e9r\u00eat principal) devrait avoir lieu en situation r\u00e9elle de communication, et non dans un laboratoire de langue ou de phon\u00e9tique. Dans le cadre de l\u2019appropriation d\u2019une comp\u00e9tence articulatoire en langue \u00e9trang\u00e8re, nous pensons qu\u2019il en est de m\u00eame. R\u00e9ussir les exercices et activit\u00e9s d\u2019une s\u00e9quence p\u00e9dagogique ne pr\u00e9sente qu\u2019un int\u00e9r\u00eat limit\u00e9, le principal objectif \u00e9tant d\u2019am\u00e9liorer la qualit\u00e9 de la r\u00e9alisation articulatoire des phon\u00e8mes en situation de production de parole spontan\u00e9e. En cela, l\u2019\u00e9valuation de l\u2019articulation phon\u00e9tique des apprenants devraient avoir lieu pendant une conversation, comme lors des \u00e9preuves de Production Orale pour les examens DELF\/DALF.<\/p>\n<h3 id=\"\u00a03-questions-de-formulation-d\">3. Questions de formulation des consignes en phon\u00e9tique<\/h3>\n<p>Pour faire \u00e9cho au r\u00e9cent article portant sur le \u00ab\u00a0sens cach\u00e9\u00a0\u00bb des consignes (SAUVAGE, 2023), nous souhaiterions revenir sur la formulation des consignes (ZAKHARTCHOUK, 1999\u00a0; 2000\u00a0; LANG BEILLET, 2023) dans les manuels ou exercices p\u00e9dagogiques de phon\u00e9tique, en particulier pour d\u00e9coder ce qu\u2019induisent ces formulations sur les \u00e9valuations, ce qu\u2019on \u00e9value et comment on le fait. Nous nous sommes pour cela appuy\u00e9 sur un corpus de manuels d\u00e9di\u00e9s \u00e0 l\u2019enseignement-apprentissage de la prononciation (BARRET, 1968\u00a0; LEON, 1970\u00a0; CALLAMAND, 1973\u00a0; CALLAMAND PEDOVA-GUIMBRETIERE, 1984\u00a0; KANEMAN-POUGATCH PEDOVA-GUIMBRETIERE, 1989\u00a0; PAGNIEZ-DELBART, 1992\u00a0; SIREJOLS TEMPESTA, 1994\u00a0; CHARLIAC MOTRON, 1999\u00a0; ABRY CHALARON, 2009).<\/p>\n<h4 id=\"1-la-place-de-l\u2019\u00e9crit-dans-\"><strong><em>3.1. La place de l\u2019\u00e9crit dans l\u2019enseignement-apprentissage de l\u2019oral<\/em><\/strong><\/h4>\n<p>Dans un premier temps, nous souhaitons insister sur un aspect qui reste ambigu pour nous en didactique de la prononciation\u00a0: la place de l\u2019\u00e9crit dans les consignes et donc, <em>a fortiori<\/em> dans les exercices et leurs \u00e9valuations, ce qui revient \u00e0 r\u00e9fl\u00e9chir \u00e0 cette fameuse \u00ab\u00a0relation graphie-phonie\u00a0\u00bb.<\/p>\n<p style=\"text-align: center;\"><em>Exemple #1\u00a0: Pagniez &amp; Delbart, 1990<\/em><\/p>\n<p><img fetchpriority=\"high\" decoding=\"async\" class=\"aligncenter wp-image-10306 size-full\" src=\"https:\/\/www.dorif.it\/reperes\/wp-content\/uploads\/2023\/10\/sauvage-1-1.jpg\" alt=\"\" width=\"552\" height=\"299\" srcset=\"https:\/\/www.dorif.it\/reperes\/wp-content\/uploads\/2023\/10\/sauvage-1-1-200x108.jpg 200w, https:\/\/www.dorif.it\/reperes\/wp-content\/uploads\/2023\/10\/sauvage-1-1-300x163.jpg 300w, https:\/\/www.dorif.it\/reperes\/wp-content\/uploads\/2023\/10\/sauvage-1-1-400x217.jpg 400w, https:\/\/www.dorif.it\/reperes\/wp-content\/uploads\/2023\/10\/sauvage-1-1.jpg 552w\" sizes=\"(max-width: 552px) 100vw, 552px\" \/><\/p>\n<p>Nous nous interrogeons sur la place de l\u2019\u00e9criture orthographique et sur le statut de la correspondance graphie-phonie dans la s\u00e9quence de phon\u00e9tique. On peut, dans un premier temps se demander si la relation \u00ab\u00a0graphie-phonie\u00a0\u00bb est \u00e9quivalente \u00e0 une relation \u00ab\u00a0phonie graphie\u00a0\u00bb. Dans le premier cas, en mettant la graphie (donc les graph\u00e8mes) en avant, il s\u2019agit de donner une priorit\u00e9 \u00e0 l\u2019orthographe et donc \u00e0 l\u2019\u00e9criture orthographique relevant des comp\u00e9tences de la Compr\u00e9hension Ecrite (CE) et de la Production Ecrite (PE). On pourra alors s\u2019interroger sur ce type de priorit\u00e9 en Didactique de l\u2019oral, alors que si l\u2019on formule cette relation prioritaire comme \u00e9tant \u00ab\u00a0oralo-scripturale\u00a0\u00bb, il s\u2019agira alors de mettre en avant la comp\u00e9tence phonologique par rapport \u00e0 la comp\u00e9tence graph\u00e9mique. On sait, par ailleurs, que le recours \u00e0 l\u2019usage visuel des graph\u00e8mes peut \u00eatre un adjuvant \u00e0 l\u2019appropriation phonologique du syst\u00e8me de la langue-cible (CHADEE, 2013).<\/p>\n<p>Bien entendu, \u00e0 un moment donn\u00e9 dans la progression p\u00e9dagogique, les liens entre les sons entendus et les graph\u00e8mes vus doivent faire l\u2019objet d\u2019une attention particuli\u00e8re. Mais nous pensons que ce type d\u2019exercices rel\u00e8vent plus de la comp\u00e9tence orthographique en Production \u00e9crite (P.E.) que d\u2019une comp\u00e9tence phon\u00e9tique proprement dite. Ainsi, l\u2019\u00e9valuation de ce type d\u2019activit\u00e9s p\u00e9dagogiques renvoie plus pour nous \u00e0 la P.E. qu\u2019\u00e0 la Production Orale (P.O.). Inverser les priorit\u00e9s ici, en gardant le m\u00eame exemple que <em>supra<\/em> \u00e0 propos de l\u2019opposition phonologique \/u\/ ~ \/U\/, revient \u00e0 compliquer inutilement le travail sur le syst\u00e8me phon\u00e9tico-phonologique de la langue fran\u00e7aise, dans la mesure o\u00f9 dans la plupart des langues, le graph\u00e8me \u00ab\u00a0u\u00a0\u00bb correspond au phon\u00e8me \/U\/, ce qui n\u2019est pas le cas en fran\u00e7ais. Nous avons relev\u00e9 plusieurs verbes comme \u00ab\u00a0\u00e9crivez\u00a0\u00bb, \u00ab\u00a0cochez\u00a0\u00bb, \u00ab\u00a0recopiez\u00a0\u00bb, \u00ab\u00a0notez\u00a0\u00bb (souvent \u00e0 l\u2019imp\u00e9ratif), impliquant pour l\u2019apprenant de fournir un travail de lire-\u00e9crire, soit disant pour structurer son syst\u00e8me phon\u00e9mique et am\u00e9liorer sa prononciation (Sauvage, 2023b sous presse).<\/p>\n<p style=\"text-align: center;\"><em>Exemple #2\u00a0: Charliac &amp; Motron, 1998<\/em><\/p>\n<p><img decoding=\"async\" class=\"aligncenter wp-image-10307 size-full\" src=\"https:\/\/www.dorif.it\/reperes\/wp-content\/uploads\/2023\/10\/sauvage-2-1.jpg\" alt=\"\" width=\"570\" height=\"354\" srcset=\"https:\/\/www.dorif.it\/reperes\/wp-content\/uploads\/2023\/10\/sauvage-2-1-200x124.jpg 200w, https:\/\/www.dorif.it\/reperes\/wp-content\/uploads\/2023\/10\/sauvage-2-1-300x186.jpg 300w, https:\/\/www.dorif.it\/reperes\/wp-content\/uploads\/2023\/10\/sauvage-2-1-400x248.jpg 400w, https:\/\/www.dorif.it\/reperes\/wp-content\/uploads\/2023\/10\/sauvage-2-1.jpg 570w\" sizes=\"(max-width: 570px) 100vw, 570px\" \/><\/p>\n<p>A partir de cela, il nous semble pertinent de r\u00e9fl\u00e9chir \u00e0 une d\u00e9marche p\u00e9dagogique qui allierait l\u2019oral comme objectif et comme moyen d\u2019enseignement-apprentissage. Pourquoi serait-on dans l\u2019obligation d\u2019introduire des activit\u00e9s de lecture et\/ou d\u2019\u00e9criture dans la le\u00e7on de phon\u00e9tique\u00a0? Les vagues de migration r\u00e9centes marqu\u00e9es par l\u2019accueil et l\u2019accompagnement d\u2019un public d\u2019apprenant parfois analphab\u00e8te et\/ou issus de langues\/cultures parfois tr\u00e8s diff\u00e9rentes de la langue fran\u00e7aise (code s\u00e9miotique d\u2019\u00e9criture non-latin, sens d\u2019\u00e9criture diff\u00e9rent de celui des langues occidentales\u2026) nous ont oblig\u00e9s \u00e0 reconsid\u00e9rer le recours \u00e0 la lecture et \u00e0 l\u2019\u00e9criture en didactique de l\u2019oral. Il ne faudrait pas confondre \u00ab\u00a0oral\u00a0\u00bb, \u00ab\u00a0oralit\u00e9\u00a0\u00bb et \u00ab\u00a0oralisation\u00a0\u00bb (WEBER, 2019\u00a0; 2022). On peut d\u2019ailleurs inverser les r\u00f4les\u00a0: peut-on imaginer un francophone monolingue qui doive apprendre le mandarin standard (niveau A1.1.) en Chine et \u00e0 qui, soi-disant pour l\u2019aider, on explique qu\u2019il ne doit plus parler le fran\u00e7ais \u00e0 la maison\u00a0? L\u2019argument en mati\u00e8re phon\u00e9tico-phonologique serait de perturber les oppositions phonologiques des consonnes occlusives non-vois\u00e9es \/ aspir\u00e9es \/p\/ ~ \/p<sup>h<\/sup>\/, \/t\/ ~ \/t<sup>h<\/sup>\/, \/k\/ ~ \/k<sup>h<\/sup>\/.<\/p>\n<p><strong><em>Le risque de surcharge cognitive<\/em><\/strong><\/p>\n<p>Un autre aspect contre-productif a trait \u00e0 la nature de la t\u00e2che demand\u00e9e. Outre le fait qu\u2019on puisse se tromper en recopiant, compl\u00e9tant \u00e0 l\u2019\u00e9crit, etc., il est parfois demand\u00e9 de cocher ou m\u00eame de compter \u00e0 l\u2019apprenant.<\/p>\n<p style=\"text-align: center;\"><em>Exemple #3\u00a0: Sirejols &amp; Tempesta, 1994<\/em><\/p>\n<p><img decoding=\"async\" class=\"aligncenter wp-image-10308 size-full\" src=\"https:\/\/www.dorif.it\/reperes\/wp-content\/uploads\/2023\/10\/sauvage-3-1.jpg\" alt=\"\" width=\"573\" height=\"299\" srcset=\"https:\/\/www.dorif.it\/reperes\/wp-content\/uploads\/2023\/10\/sauvage-3-1-200x104.jpg 200w, https:\/\/www.dorif.it\/reperes\/wp-content\/uploads\/2023\/10\/sauvage-3-1-300x157.jpg 300w, https:\/\/www.dorif.it\/reperes\/wp-content\/uploads\/2023\/10\/sauvage-3-1-400x209.jpg 400w, https:\/\/www.dorif.it\/reperes\/wp-content\/uploads\/2023\/10\/sauvage-3-1.jpg 573w\" sizes=\"(max-width: 573px) 100vw, 573px\" \/><\/p>\n<p>Or, ici, en cas d\u2019erreur, peut-on \u00eatre certain de ce qu\u2019on a \u00e9valu\u00e9 ? Est-ce r\u00e9ellement une erreur de perception ? Ou bien une erreur en lien avec l\u2019organisation spatiale de la page, du tableau que l\u2019on demande \u00e0 compl\u00e9ter ? Ou encore une erreur de d\u00e9nombrement ? Les pr\u00e9requis sont ici trop nombreux et de natures trop diverses. De la m\u00eame mani\u00e8re qu\u2019une difficult\u00e9 de compr\u00e9hension en lecture peut cr\u00e9er des erreurs dans les r\u00e9ponses \u00e0 un probl\u00e8me de math\u00e9matiques, il en est de m\u00eame ici : ne pas comprendre un \u00e9nonc\u00e9 en math\u00e9matiques constitue une erreur de lecture (la mauvaise note devant donc \u00eatre attribu\u00e9e \u00e0 la comp\u00e9tence de compr\u00e9hension en lecture, et non en math\u00e9matiques), supposer que l\u2019apprenant poss\u00e8de toutes les comp\u00e9tences pour discriminer et d\u00e9nombrer un phon\u00e8me dans un \u00e9nonc\u00e9 oral rel\u00e8ve d\u2019une t\u00e2che complexe et d\u2019un bagage de comp\u00e9tences peut-\u00eatre trop important pour certains apprenants. Nous pensons en particulier \u00e0 certains publics de cours de FLE qui n\u2019ont jamais \u00e9t\u00e9 scolaris\u00e9s comme certaines femmes afghanes par exemple. D\u00e8s lors, il ne nous appara\u00eet pas absurde d\u2019envisager une s\u00e9quence p\u00e9dagogique visant les comp\u00e9tences perceptives et articulatoires de certains phon\u00e8mes 100% construites sur des activit\u00e9s et exercices. Car si l\u2019on est capable de mener une telle s\u00e9quence p\u00e9dagogique avec certains apprenants (et la M\u00e9thode Verbo-Tonale nous semble parfaitement adapt\u00e9e, RENARD, 1977 ; BILLIERES, 2001 ; 2005 ; 2008 ; SAUVAGE BILLIERES, 2019), pourquoi ne pas g\u00e9n\u00e9raliser, au moins avec les grands d\u00e9butants en FLE, une approche exclusivement orale pour travailler la perception et la production du syst\u00e8me phon\u00e9tico-phonologique du fran\u00e7ais en FLE ? Cela renvoie \u00e0 ce que nous avons expliqu\u00e9 supra sur le fait de se concentrer, dans un premier temps, en termes d\u2019objectifs p\u00e9dagogiques, uniquement sur la relation perception \/ articulation. Pour faire \u00e9voluer l\u2019articulation sur le plan phon\u00e9tique, il est n\u00e9cessaire de faire \u00e9voluer dans un premier temps les structures de la conscience phon\u00e9mique en agissant sur les oppositions phonologiques des traits distinctifs. C\u2019est pourquoi nous pr\u00e9f\u00e9rons qualifier la le\u00e7on de \u00ab phon\u00e9tique corrective \u00bb de \u00ab phonologie rem\u00e9diative \u00bb (SAUVAGE, 2023b sous presse).<\/p>\n<h3 id=\"\u00a04-des-r\u00e9ponses-et-des-quest\">4. Des r\u00e9ponses et des questions<\/h3>\n<p>Pour tenter de resserrer les liens des diff\u00e9rentes th\u00e9matiques \u00e9voqu\u00e9s dans cet article, nous allons essayer de r\u00e9pondre \u00e0 l\u2019ensemble des questions formul\u00e9es par une tentative de probl\u00e9matisation dont le but devrait \u00eatre de d\u00e9gager des pistes didactiques et p\u00e9dagogiques.<\/p>\n<p>Reprenons pour commencer la question de la terminologie lourde de sens que nous avons d\u00e9taill\u00e9e par ailleurs (SAUVAGE, 2023c sous presse). Les r\u00e9centes avanc\u00e9es dans le domaine, gr\u00e2ce notamment aux disciplines connexes \u00e0 la didactique de la prononciation (sciences cognitives, neurosciences, psychologie des apprentissages\u2026) nous invitent \u00e0 r\u00e9interroger la question des choix terminologiques utilis\u00e9s par les enseignants, les institutions, mais \u00e9galement les \u00e9diteurs et les didacticiens en formation de formateurs. Le fait de parler, certainement par habitude plus que par conviction, de \u00ab\u00a0Phon\u00e9tique corrective\u00a0\u00bb pour d\u00e9nommer l\u2019enseignement-apprentissage de la prononciation en langue \u00e9trang\u00e8re induit pour nous deux incoh\u00e9rences.<\/p>\n<p>La premi\u00e8re concerne le terme \u00ab\u00a0correction\u00a0\u00bb, qui se rattache au champ lexical d\u2019une certaine vision traditionnelle et normative de la langue. Si l\u2019on a besoin de \u00ab\u00a0corriger\u00a0\u00bb une prononciation, c\u2019est qu\u2019on ne consid\u00e8re pas du tout les approches sociales, voire sociolinguistiques, de la parole. La question de la variation (<em>vs<\/em> la faute) socio-phon\u00e9tique concernant l\u2019ensemble d\u2019une communaut\u00e9 (socio-)linguistique faisant l\u2019objet de bon nombre de r\u00e9flexions depuis des d\u00e9cennies (de la dialectologie rurale \u00e0 la sociolinguistique moderne). Il se pose alors de mani\u00e8re tout aussi l\u00e9gitime la question des normes de prononciation \u00e0 enseigner aux apprenants allophones. Par ailleurs, une prise en consid\u00e9ration traditionnelle renvoie \u00e0 une culture de la linguistique particuli\u00e8re s\u2019inscrivant dans une conception de la langue centr\u00e9e sur l\u2019histoire acad\u00e9mique des \u00ab\u00a0Lettres \u00e0 la Fran\u00e7aise\u00a0\u00bb (cf. BARRET, 1968), avec toute l\u2019importance donn\u00e9e \u00e0 la litt\u00e9rature et \u00e0 l\u2019\u00e9crit, c\u2019est-\u00e0-dire aux normes et r\u00e8gles du fran\u00e7ais standard, plut\u00f4t qu\u2019\u00e0 une conception de langue centr\u00e9e sur les pratiques sociales (Linguistique \u2013 Sciences du langage, LEON, 1970) et leurs complexit\u00e9s et diversit\u00e9s (LABOV, 1972\u00a0; LAKS, 1983\u00a0; CHISS FILLOLET, 1986). Finalement, on peut se demander si apprendre \u00e0 \u00ab\u00a0parler\u00a0\u00bb une langue renvoie vraiment \u00e0 des comp\u00e9tences de l\u2019oral (de perception et d\u2019articulation, notamment, sur le plan phon\u00e9tico-phonologique). Nous sommes personnellement t\u00e9moin que les normes de l\u2019\u00e9crit, de la langue standard, restent encore trop souvent les principaux r\u00e9f\u00e9rentiels pour l\u2019\u00e9valuation des comp\u00e9tences linguistiques \u00e0 l\u2019issue d\u2019une s\u00e9quence d\u2019enseignement-apprentissage.<\/p>\n<p>La deuxi\u00e8me incoh\u00e9rence concerne le terme \u00ab\u00a0Phon\u00e9tique\u00a0\u00bb. Comme nous l\u2019avons pr\u00e9cis\u00e9 <em>supra<\/em>, le plan phon\u00e9tique n\u2019est que la cons\u00e9quence d\u2019un travail effectu\u00e9 plus en amont, \u00e0 savoir sur le plan phonologique. En effet, si l\u2019objectif p\u00e9dagogique est bien d\u2019am\u00e9liorer (de faire \u00e9voluer) la qualit\u00e9 de la prononciation de l\u2019apprenant, le travail de fond se situe au niveau phonologique dans la mesure o\u00f9 le r\u00f4le de l\u2019enseignant est d\u00e9di\u00e9 \u00e0 la modification de la conscience phonologique des apprenants. C\u2019est donc parce que le but de la le\u00e7on de phon\u00e9tique vise une transformation phonologique qu\u2019il n\u2019est plus possible de parler de \u00ab\u00a0phon\u00e9tique corrective\u00a0\u00bb, mais bien de \u00ab\u00a0rem\u00e9diation phonologique\u00a0\u00bb (SAUVAGE, 2023b sous presse).<\/p>\n<p>Ainsi, il convient de red\u00e9finir les objectifs p\u00e9dagogiques (types d\u2019exercices et d\u2019activit\u00e9s propos\u00e9s) ainsi que les objectifs didactiques (r\u00e9flexions de l\u2019enseignant). Cela nous am\u00e8ne \u00e0 proposer des modifications sur la formulation des consignes, par exemple en tenant compte de l\u2019\u00e9tat des connaissances \u00e0 propos des rapports entre l\u2019oral et l\u2019\u00e9crit en langue et de l\u2019historicit\u00e9 de la didactique du FLE dans le domaine (SAUVAGE, 2021). On peut alors se poser la question, de mani\u00e8re l\u00e9gitime, s\u2019il ne faut pas enseigner l\u2019oral par et pour l\u2019oral, c\u2019est-\u00e0-dire en faisant abstraction des anciennes conceptions traditionnelles des langues et de leur enseignement. Cela conduirait alors \u00e0 red\u00e9finir la fronti\u00e8re entre p\u00e9dagogie et didactique, en tenant compte des repr\u00e9sentations sociales, des raisonnements des enseignants et de leurs formations, en didactique du FLE. Il appara\u00eet en effet que l\u2019\u00e9volution des connaissances en didactique de la prononciation doit faire \u00e9voluer nos repr\u00e9sentations et nos conceptions dans le domaine. C\u2019est pourquoi, nous sommes favorable \u00e0 poursuivre une r\u00e9flexion collective en didactique de la prononciation des langues \u00e9trang\u00e8res.<\/p>\n<p>&nbsp;<\/p>\n<h3 id=\"r\u00e9f\u00e9rences-bibliographiques\">R\u00e9f\u00e9rences bibliographiques<\/h3>\n<p>ABRY, Dominique, CHALARON, Marie-Laure, <em>Les 500 exercices de phon\u00e9tique, niveau A1-A2. Livre avec un CD audio<\/em>, Paris, Hachette, 2009.<\/p>\n<p>BARRET, Line, <em>M\u00e9thode de prononciation du fran\u00e7ais<\/em>, Paris, Didier, 1968.<\/p>\n<p>BILLIERES, Michel, \u00ab\u00a0Le statut de l\u2019intonation dans l\u2019\u00e9volution de l\u2019enseignement\/apprentissage de l\u2019oral en FLE\u00a0\u00bb, <em>Le Fran\u00e7ais dans le Monde, Recherches et applications<\/em>, n\u00b0\u00a043, 2008, p.\u00a027-37.<\/p>\n<p>BILLIERES, Michel, \u00ab\u00a0Les pratiques du verbo-tonal. Retour aux sources\u00a0\u00bb, in Berr\u00e9, Michel (dir.), <em>Linguistique de la parole et apprentissage des langues. Questions autour de la m\u00e9thode verbo-tonale de P. Guberina<\/em>, Mons, CIPA, 2005, p.\u00a067-87.<\/p>\n<p>BILLIERES, Michel, \u00ab\u00a0Le corps en phon\u00e9tique corrective\u00a0\u00bb, in Renard, Raymond (dir.). <em>Apprentissage d\u2019une langue \u00e9trang\u00e8re\/seconde 2. La phon\u00e9tique verbo-tonale<\/em>, Bruxelles, De Boeck, coll. \u00ab\u00a0P\u00e9dagogies en d\u00e9veloppement\u00a0\u00bb, 2001.<\/p>\n<p>BOYSSON-BARDIES, B\u00e9n\u00e9dicte, <em>Comment la parole vient aux enfants<\/em>, Paris, Odile Jacob, 1996.<\/p>\n<p>BRONCKART, Jean-Paul, <em>Activit\u00e9 langagi\u00e8re, textes et discours : pour un interactionnisme socio-discursif<\/em>, Gen\u00e8ve, Delachaux &amp; Niestl\u00e9, 1997.<\/p>\n<p>BRONCKART, Jean-Paul, \u00ab\u00a0La conscience comme \u2018analyseur\u2019 des \u00e9pist\u00e9mologies de Vygotski et Piaget\u00a0\u00bb, in Clot, Yves, (dir.), <em>Avec Vygotski<\/em>, 1999, p. 17-43.<\/p>\n<p>BRONCKART, Jean-Paul, \u00ab\u00a0Genres de textes, types de discours et \u00ab\u00a0degr\u00e9s\u00a0\u00bb de langue. Hommage \u00e0 Fran\u00e7ois Rastier\u00a0\u00bb, <em>Texto, 13 (1)<\/em>, 2008.<\/p>\n<p>BRONCKART, Jean-Paul, \u00ab\u00a0Le r\u00f4le de la ma\u00eetrise langagi\u00e8re dans le d\u00e9veloppement identitaire des personnes\u00a0\u00bb, in Sauvage, J\u00e9r\u00e9mi, Demougin, Fran\u00e7oise (dir.), <em>La construction identitaire \u00e0 l\u2019\u00e9cole. Perspectives linguistiques et plurielles<\/em>, Paris, L\u2019Harmattan, 2012, p.15-32.<\/p>\n<p>BRUNER, J\u00e9r\u00f4me S, <em>Car la culture donne forme \u00e0 l\u2019esprit<\/em>, Paris, Retz, 1991.<\/p>\n<p>CALLAMAND, Monique, <em>M\u00e9thodologie de l\u2019enseignement de la prononciation. Organisation de la mati\u00e8re phonique du fran\u00e7ais et correction phon\u00e9tique<\/em>, Paris, Cl\u00e9 International, 1981.<\/p>\n<p>CALLAMAND, Monique, <em>L\u2019intonation expressive. Exercices syst\u00e9matiques de perfectionnement<\/em>, Paris, Hachette \/ Larousse, 1973.<\/p>\n<p>CALLAMAND, Monique, P\u00e9doya-Guimbreti\u00e8re, Elisabeth, \u00ab\u00a0Phon\u00e9tique et enseignement\u00a0\u00bb, <em>Le Fran\u00e7ais dans le Monde<\/em>, 1984, n\u00b0\u00a0182, p. 56-58.<\/p>\n<p>CHADEE, Tania, <em>Influences de l\u2019\u00e9crit sur la perception auditive\u00a0: le cas de locuteurs hidiphones apprenant le fran\u00e7ais<\/em>. Th\u00e8se de doctorat sous la direction de Nathalie Spangherro-Gaillard, Soutenue \u00e0 l\u2019Universit\u00e9 de Toulouse 2, le 11 janvier 2013.<\/p>\n<p>CHARLIAC, Lucile, MOTRON, Annie-Claude, <em>Phon\u00e9tique progressive du fran\u00e7ais niveau interm\u00e9diaire, avec 600 exercices<\/em>, Paris, CLE International, 1999.<\/p>\n<p>CHISS, Jean-Louis, FILLOLET, Jacques, \u00ab\u00a0Interactions p\u00e9dagogiques et didactique des langues (de la classe de FLE \u00e0 la classe de FLM)\u00a0\u00bb, <em>Langue Fran\u00e7aise<\/em>, 1986, 70, p. 87-97.<\/p>\n<p>CHOMSKY, Noam, <em>The minimalist program<\/em>, Cambridge, MIT Press, 1995.<\/p>\n<p>CLEMENTS, G.N. &amp; Hume, E. \u201cThe internal organization of speech sounds\u201d, in Goldsmith, John (dir.), <em>Handbook of Phonological Theory<\/em>, Oxford, Basil Blackwell, 1995, p. 245-306.<\/p>\n<p>DETEY, Sylvain, \u00ab\u00a0Que signifie \u00ab\u00a0corriger la prononciation du fran\u00e7ais\u00a0\u00bb aujourd\u2019hui\u00a0? De 80 ans de crible phonologique aux probl\u00e9matiques contemporaines (glottophobie, covid19 et intelligence artificielle)\u00a0\u00bb, <em>Le Langage et l\u2019Homme<\/em>, 2020-2, p. 15-42.<\/p>\n<p>DETEY, Sylvain (2005). <em>Interphonologie et repr\u00e9sentations orthographiques\u00a0: du r\u00f4le de l\u2019\u00e9crit dans l\u2019enseignement-apprentisage du fran\u00e7ais oral chez des \u00e9tudiants japonais<\/em>, Th\u00e8se de doctorat soutenue \u00e0 Toulouse 2 sous la direction de Jacques Durand et Jean-Luc Nespoulous.<\/p>\n<p>DIDELOT<strong>, <\/strong>Marion<strong>, <\/strong>Racine<strong>, <\/strong>Isabelle<strong>, <\/strong>Zay, Fran\u00e7oise<strong>, <\/strong>Prikhodkine, Alexei,\u00a0 \u00ab\u00a0Enseignement et \u00e9valuation de la prononciation aujourd&#8217;hui\u00a0: l&#8217;intelligibilit\u00e9 comme enjeu,\u00a0<em>Recherches en didactique des langues et des cultures<\/em>\u00a0\u00bb, [En ligne], 16-1\u00a0|\u00a02019, mis en ligne le 30 janvier 2019, consult\u00e9 le 13 f\u00e9vrier 2021. DOI\u00a0: <a href=\"https:\/\/doi.org\/10.4000\/rdlc.4333\">https:\/\/doi.org\/10.4000\/rdlc.4333<\/a><\/p>\n<p>ELMAN, J. L., \u201cLanguage as a dynamical system\u201d, in Port R.F. &amp; van Gelder T. (dir.), <em>Mind as Motion\u00a0: Explorations in the Dynamics of Cognition<\/em>, Cambridge, MA: MIT Press, 1995, p. 195-223.<\/p>\n<p>GERMAIN, Claude, <em>The Neurolinguistic Approach (NAL) for Learning and Teaching Foreign Languages \u2013 Theory and Practice<\/em>, Cambridge, Scholars Publishing, 2018<em>.<\/em><\/p>\n<p>GUEDAT-BITTIGHOFFER, Delphine, Dat, Marie-Ange, Humeau, Camille, Nocus, Isabelle, \u00abLes enjeux de l\u2019implantation de l\u2019approche neurolinguistique, une nouvelle m\u00e9thode d\u2019apprentissage du fran\u00e7ais langue seconde aupr\u00e8s d\u2019\u00e9l\u00e8ves allophones en contexte scolaire\u00a0\u00bb,\u00a0<em>Recherches en \u00e9ducation<\/em> [En ligne], 45\u00a0|\u00a02021, mis en ligne le 01 novembre 2021<br \/>\n<a href=\"http:\/\/journals.openedition.org\/ree\/9513\">http:\/\/journals.openedition.org\/ree\/9513<\/a><\/p>\n<p>HILTON, Heather, <em>Enseigner les langues avec l\u2019apport des Sciences cognitives<\/em>, Paris, Nathan, 2022.<\/p>\n<p>HUVER, Emmanuelle, SPRINGER, Claude, <em>L\u2019\u00e9valuation en langue<\/em>, Paris, Didier, 2011.<\/p>\n<p>KANEMAN-POUGATCH, Massia, PEDOYA-GUIMBRETIERE, Elisabeth, <em>Plaisir des sons<\/em>, Paris, Hatier-Didier, 1989.<\/p>\n<p>LABOV, William, <em>Socioliguistics patterns<\/em>, Paris, Minuit, 1972.<\/p>\n<p>LANG, Elodie, BEILLET, Marie, \u00ab\u00a0La consigne en FLE\u00a0: un agent infiltr\u00e9\u00a0?\u00a0\u00bb, <em>Travaux de Didactique du FLE<\/em>, 82-2023.<\/p>\n<p>LAKS, Bernard, \u00ab\u00a0Langage et pratiques sociales. Etude sociolinguistique d\u2019un groupe d\u2019adolescents\u00a0\u00bb, <em>Actes de la Recherche en Sciences Sociales,<\/em> 1983, 46, p. 73-97.<\/p>\n<p>LEON, Monique, <em>Exercices syst\u00e9matiques de prononciation fran\u00e7aise<\/em>, Paris, Hachette \/ Larousse, 1970.<\/p>\n<p>MEN, <em>Nouveaux programmes de l\u2019\u00e9ducation nationale<\/em>, 1995.<\/p>\n<p>MORIN, Edgar, LE MOIGNE, Jean-Louis, <em>L\u2019intelligence de la complexit\u00e9<\/em>, Paris, L\u2019Harmattan, 1999.<\/p>\n<p>MORIN, Edgar, <em>Les sept savoirs n\u00e9cessaires \u00e0 l\u2019\u00e9ducation du futur<\/em>, coll. Essais, Paris, Editions du Seuil, 2001.<\/p>\n<p>MORIN, Edgar, <em>La nature de la nature<\/em>, Paris, Le Seuil, 1977.<\/p>\n<p>MORIN, Edgar, <em>La vie de la vie<\/em>, Paris, Le Seuil, 1980.<\/p>\n<p>MORIN, Edgar, <em>La connaissance de la connaissance<\/em>, Paris, Le Seuil, 1986.<\/p>\n<p>MORIN, Edgar, <em>Introduction \u00e0 la pens\u00e9e<\/em><em>\u00a0complexe<\/em>, Paris, ESF, 1990.<\/p>\n<p>MORIN, Edgar, <em>Relier les connaissances<\/em>, Paris, Le Seuil, 1999.<\/p>\n<p>MORIN, Edgar, <em>Ethique<\/em>, Paris, Le Seuil, 2004.<\/p>\n<p>MORIN, Edgar, <em>L\u2019humanit\u00e9 de l\u2019humanit\u00e9<\/em>, Paris, Le Seuil, 2011.<\/p>\n<p>MORIN, Edgar, \u00ab\u00a0Complexus, ce qui est tiss\u00e9 ensemble\u00a0\u00bb, in Benkirane, R\u00e9da, <em>La complexit\u00e9, vertiges et promesses<\/em>, Paris, Le Seuil, 2013.<\/p>\n<p>MORIN, Edgar, <em>Penser global, l&#8217;homme et son univers<\/em>, Coll. champs essais, Paris, Flammarion, 2016.<\/p>\n<p>NARCY-COMBES, Jean-Paul, NARCY-COMBES, Marie-Fran\u00e7oise, <em>Cognition et personnalit\u00e9 dans l&#8217;apprentissage des langues<\/em>, Paris, Didier, 2019.<\/p>\n<p>NETTEN, Joan, GERMAIN, Claude, \u201cA new paradigm for the learning of a second or foreign language: The neurolinguistic approach\u201d, <em>Neuroeducation<\/em>, 2012, 1(1), p. 85-114.<\/p>\n<p>PAGNIEZ-DELBART, Th\u00e9r\u00e8se, <em>A l\u2019\u00e9coute des sons. Les voyelles, les consonnes<\/em>, Paris, CLE International, 1992.<\/p>\n<p>RENARD, Raymond, \u00a0<em>Introduction \u00e0 la m\u00e9thode verbo-tonale de correction phon\u00e9tique<\/em>, \u00a0Paris, Didier, 1977.<\/p>\n<p>RIZZOLATTI, Giacomo, <em>et al<\/em>., \u201cPremotor cortex and the recognition of motor actions\u201d, <em>Cognitive Brain Research<\/em>, 1996, 3, 131-141<\/p>\n<p>RIZZOLATTI, Giacomo, <em>et al<\/em>. , \u00ab\u00a0Les syst\u00e8mes de neurones miroirs\u00a0\u00bb,\u00a0<em>R\u00e9ception des associ\u00e9s \u00e9trangers \u00e9lus<\/em>, 2005-2006. Site internet de l\u2019Acad\u00e9mie des sciences.<\/p>\n<p>RONDAL, Jean-Adolphe, \u00ab\u00a0Est-ce possible\u00a0? Est-ce souhaitable d\u2019\u00e9valuer l\u2019oral\u00a0?\u00a0\u00bb 2001, <a href=\"https:\/\/www.cafepedagogique.net\/2007\/03\/18\/evaluation-du-langage-oral-2\/\">https:\/\/www.cafepedagogique.net\/2007\/03\/18\/evaluation-du-langage-oral-2\/<\/a><\/p>\n<p>SAUVAGE, J\u00e9r\u00e9mi, \u00ab\u00a0Acquisition et didactique du Fran\u00e7ais langue seconde\u00a0\u00bb, <em>Etudes de linguistique appliqu\u00e9e<\/em>, 2014, 174, p. 156-166.<\/p>\n<p>SAUVAGE, J\u00e9r\u00e9mi, (dir.), \u00ab Didactique de la phon\u00e9tique du fran\u00e7ais\u00a0: et maintenant\u00a0? \u00bb, <em>Le Langage et l\u2019Homme<\/em>, 2020-2.<\/p>\n<p>SAUVAGE, J\u00e9r\u00e9mi, \u00ab\u00a0Fran\u00e7ais parl\u00e9, variations et didactique de la phon\u00e9tique dans l\u2019enseignement-apprentissage du FLE. R\u00e9flexions et propositions\u00a0\u00bb, <em>Studii de Lingvistica<\/em>, n\u00b011 \/ 2021. <a href=\"http:\/\/studiidelingvistica.uoradea.ro\/arhiva-en-11-2021.html\">http:\/\/studiidelingvistica.uoradea.ro\/arhiva-en-11-2021.html<\/a><\/p>\n<p>SAUVAGE, J\u00e9r\u00e9mi, \u00ab\u00a0Impacts du CECR sur le syst\u00e8me scolaire ordinaire et en phon\u00e9tique dans les formations FLE universitaires\u00a0\u00bb, <em>Revue de la Soci\u00e9t\u00e9 japonaise de didactique du fran\u00e7ais (SJDF)<\/em>, 2021, 15 (1-2), p.134-143.<\/p>\n<p>SAUVAGE, J\u00e9r\u00e9mi, \u00ab\u00a0Enjeux et difficult\u00e9s de la didactique de la phon\u00e9tique corrective en FLE\u00a0\u00bb, 8e Colloque international <em>Campus FLE \/ ADCUEFE 2018<\/em>, Paris, L\u2019Harmattan.<\/p>\n<p>SAUVAGE, J\u00e9r\u00e9mi, \u00abEnseignement-apprentissage de la \u00ab phon\u00e9tique \u00bb en langue \u00e9trang\u00e8re : de la complexit\u00e9 \u00e0 la Pens\u00e9e complexe\u00a0\u00bb, Actes du Colloque international <em>Penser la complexit\u00e9 : quelles approches et quels outils en contexte pluriel ou plurilingue ? <\/em>Universit\u00e9 de Besan\u00e7on, octobre 2022, Peter Lang, (2023a sous presse).<\/p>\n<p>SAUVAGE, J\u00e9r\u00e9mi, \u00ab\u00a0Le sens parfois cach\u00e9 dans les consignes en phon\u00e9tique corrective\u00a0\u00bb, <em>Travaux de Didactique du FLE<\/em>, 82-2023. (2023b sous presse)<\/p>\n<p>SAUVAGE, J\u00e9r\u00e9mi, \u00ab\u00a0Questions terminologiques et enjeux \u00e9pist\u00e9mologiques de la \u00ab le\u00e7on de phon\u00e9tique corrective \u00bb en FLE\u00a0\u00bb, Actes du Colloque international <em>Phon\u00e9tique du FLE \u00e0 vis\u00e9e didactique, quelles perspectives ? <\/em>Universit\u00e9 Catholique de Toulouse, juin 2022. (2023c sous presse)<\/p>\n<p>SAUVAGE, J\u00e9r\u00e9mi, GARDIES, Patricia, \u00ab\u00a0Evaluations des comp\u00e9tences orales en DELF-DALF : int\u00e9r\u00eats et limites\u00a0\u00bb, <em>Travaux de Didactique du FLE<\/em>, 79-2021. <a href=\"https:\/\/revue-tdfle.fr\/articles\/revue-79\/2622-tester-les-competences-orales-en-fle-interets-et-limites-du-delf-dalf\">https:\/\/revue-tdfle.fr\/articles\/revue-79\/2622-tester-les-competences-orales-en-fle-interets-et-limites-du-delf-dalf<\/a><\/p>\n<p>SAUVAGE, J\u00e9r\u00e9mi, BILLIERES, Michel (dir.), \u00ab\u00a0Enseigner la phon\u00e9tique d\u2019une langue \u00e9trang\u00e8re. Bilans et perspectives\u00a0\u00bb, <em>Revue de Didactique des Langues et des Cultures <\/em>(Cahiers de l\u2019<em>ACEDLE<\/em>), 2019, n.16-1. https:\/\/journals.openedition.org\/rdlc\/4219<\/p>\n<p>SIREJOLS, Evelyne, TEMPESTA, Giovanna, <em>Bien entendu\u00a0!<\/em> Paris, Hachette \/ Didier, 1994.<\/p>\n<p>WEBER, Corinne, \u00ab\u00a0Interrogations \u00e9pist\u00e9mologiques\u00a0autour de l\u2019oralit\u00e9\u00a0\u00bb,\u00a0<em>Recherches en didactique des langues et des cultures<\/em> [En ligne], 16-1\u00a0|\u00a02019, mis en ligne le 30 janvier 2019, <a href=\"http:\/\/journals.openedition.org\/rdlc\/4252\">http:\/\/journals.openedition.org\/rdlc\/4252<\/a><\/p>\n<p>WEBER, Corinne, \u00a0<em>Oralit\u00e9 et didactique du fran\u00e7ais langue \u00e9trang\u00e8re<\/em>, Limoges, Lambert-Lucas, 2022.<\/p>\n<p>ZAKHARTCHOUK, Jean-Michel, \u00a0<em>Comprendre les \u00e9nonc\u00e9s et les consignes<\/em>. Amiens, CRDP Cahiers p\u00e9dagogiques, 1999.<\/p>\n<p>ZAKHARTCHOUK, Jean-Michel, \u00ab\u00a0Les consignes au c\u0153ur de la classe : geste p\u00e9dagogique et geste didactique\u00a0\u00bb, <a href=\"https:\/\/www.persee.fr\/collection\/reper\">Rep\u00e8res. Recherches en didactique du fran\u00e7ais langue maternelle<\/a>, 2000-<a href=\"https:\/\/www.persee.fr\/issue\/reper_1157-1330_2000_num_22_1?sectionId=reper_1157-1330_2000_num_22_1_2343\">22<\/a>, p. 61-81.<\/p>\n<hr \/>\n<p>Per citare questo articolo:<\/p>\n<p>J\u00e9r\u00e9mi SAUVAGE, \u00ab Remarques sur l\u2019\u00e9valuation et la consigne en didactique de l\u2019oral en FLE \u00bb, <em>Rep\u00e8res DoRiF,<\/em>\u00a0n. 28 \u2013\u00a0<em>Entre le th\u00e9orique et l\u2019exp\u00e9rientiel\u00a0: l\u2019oral en didactique du FLE. Questionnements et perspectives<\/em>, DoRiF Universit\u00e0, Roma, novembre 2023, https:\/\/www.dorif.it\/reperes\/jeremi-sauvage-remarques-sur-levaluation-et-la-consigne-en-didactique-de-loral-en-fle\/<\/p>\n<p style=\"text-align: center;\">ISSN 2281-3020<\/p>\n<p><img loading=\"lazy\" decoding=\"async\" class=\"alignnone size-full wp-image-8924 aligncenter\" src=\"https:\/\/www.dorif.it\/reperes\/wp-content\/uploads\/2022\/04\/logo-pubblicazione.png\" alt=\"\" width=\"111\" height=\"49\" \/><\/p>\n<p style=\"text-align: center;\">Quest\u2019opera \u00e8 distribuita con Licenza\u00a0<a href=\"http:\/\/creativecommons.org\/licenses\/by-nc-nd\/3.0\/it\/\">Creative Commons Attribuzione \u2013 Non commerciale \u2013 Non opere derivate 3.0 Italia<\/a>.<\/p>\n<p>&nbsp;<\/p>\n","protected":false},"excerpt":{"rendered":"<p> <a href=\"https:\/\/www.dorif.it\/reperes\/jeremi-sauvage-remarques-sur-levaluation-et-la-consigne-en-didactique-de-loral-en-fle\/\"> Continue de lire&#8230;<\/a><\/p>\n","protected":false},"author":8,"featured_media":0,"comment_status":"closed","ping_status":"closed","sticky":false,"template":"","format":"standard","meta":{"_acf_changed":false,"_bbp_topic_count":0,"_bbp_reply_count":0,"_bbp_total_topic_count":0,"_bbp_total_reply_count":0,"_bbp_voice_count":0,"_bbp_anonymous_reply_count":0,"_bbp_topic_count_hidden":0,"_bbp_reply_count_hidden":0,"_bbp_forum_subforum_count":0,"footnotes":""},"categories":[385],"tags":[386],"class_list":["post-10298","post","type-post","status-publish","format-standard","hentry","category-entre-le-theorique-et-lexperientiel-loral-en-didactique-du-fle-questionnements-et-perspectives","tag-28-entre-le-theorique-et-lexperientiel-loral-en-didactique-du-fle-questionnements-et-perspectives"],"acf":[],"yoast_head":"<!-- This site is optimized with the Yoast SEO plugin v27.3 - https:\/\/yoast.com\/product\/yoast-seo-wordpress\/ -->\n<title>J\u00e9r\u00e9mi SAUVAGE, Remarques sur l\u2019\u00e9valuation et la consigne en didactique de l\u2019oral en FLE - Rep\u00e8res-Dorif<\/title>\n<meta name=\"robots\" content=\"index, follow, max-snippet:-1, max-image-preview:large, max-video-preview:-1\" \/>\n<link rel=\"canonical\" href=\"https:\/\/www.dorif.it\/reperes\/jeremi-sauvage-remarques-sur-levaluation-et-la-consigne-en-didactique-de-loral-en-fle\/\" \/>\n<meta property=\"og:locale\" content=\"it_IT\" \/>\n<meta property=\"og:type\" content=\"article\" \/>\n<meta property=\"og:title\" content=\"J\u00e9r\u00e9mi SAUVAGE, Remarques sur l\u2019\u00e9valuation et la consigne en didactique de l\u2019oral en FLE - Rep\u00e8res-Dorif\" \/>\n<meta property=\"og:description\" content=\"Continue de lire...\" \/>\n<meta property=\"og:url\" content=\"https:\/\/www.dorif.it\/reperes\/jeremi-sauvage-remarques-sur-levaluation-et-la-consigne-en-didactique-de-loral-en-fle\/\" \/>\n<meta property=\"og:site_name\" content=\"Rep\u00e8res-Dorif\" \/>\n<meta property=\"article:published_time\" content=\"2023-11-06T15:53:53+00:00\" \/>\n<meta property=\"article:modified_time\" content=\"2023-11-14T11:48:28+00:00\" \/>\n<meta property=\"og:image\" content=\"https:\/\/www.dorif.it\/reperes\/wp-content\/uploads\/2023\/10\/sauvage-1-1.jpg\" \/>\n<meta name=\"author\" content=\"Orvale\" \/>\n<meta name=\"twitter:card\" content=\"summary_large_image\" \/>\n<meta name=\"twitter:label1\" content=\"Scritto da\" \/>\n\t<meta name=\"twitter:data1\" content=\"J\u00e9r\u00e9mi SAUVAGE\" \/>\n\t<meta name=\"twitter:label2\" content=\"Tempo di lettura stimato\" \/>\n\t<meta name=\"twitter:data2\" content=\"26 minuti\" \/>\n<script type=\"application\/ld+json\" class=\"yoast-schema-graph\">{\"@context\":\"https:\\\/\\\/schema.org\",\"@graph\":[{\"@type\":\"Article\",\"@id\":\"https:\\\/\\\/www.dorif.it\\\/reperes\\\/jeremi-sauvage-remarques-sur-levaluation-et-la-consigne-en-didactique-de-loral-en-fle\\\/#article\",\"isPartOf\":{\"@id\":\"https:\\\/\\\/www.dorif.it\\\/reperes\\\/jeremi-sauvage-remarques-sur-levaluation-et-la-consigne-en-didactique-de-loral-en-fle\\\/\"},\"author\":{\"name\":\"Orvale\",\"@id\":\"https:\\\/\\\/www.dorif.it\\\/reperes\\\/#\\\/schema\\\/person\\\/be5f529c70120fdda9afb763971d717f\"},\"headline\":\"J\u00e9r\u00e9mi SAUVAGE, Remarques sur l\u2019\u00e9valuation et la consigne en didactique de l\u2019oral en FLE\",\"datePublished\":\"2023-11-06T15:53:53+00:00\",\"dateModified\":\"2023-11-14T11:48:28+00:00\",\"mainEntityOfPage\":{\"@id\":\"https:\\\/\\\/www.dorif.it\\\/reperes\\\/jeremi-sauvage-remarques-sur-levaluation-et-la-consigne-en-didactique-de-loral-en-fle\\\/\"},\"wordCount\":5347,\"image\":{\"@id\":\"https:\\\/\\\/www.dorif.it\\\/reperes\\\/jeremi-sauvage-remarques-sur-levaluation-et-la-consigne-en-didactique-de-loral-en-fle\\\/#primaryimage\"},\"thumbnailUrl\":\"https:\\\/\\\/www.dorif.it\\\/reperes\\\/wp-content\\\/uploads\\\/2023\\\/10\\\/sauvage-1-1.jpg\",\"keywords\":[\"28 - Entre le th\u00e9orique et l'exp\u00e9rientiel : l'oral en didactique du FLE. Questionnements et perspectives\"],\"articleSection\":[\"Entre le th\u00e9orique et l'exp\u00e9rientiel : l'oral en didactique du FLE. Questionnements et perspectives\"],\"inLanguage\":\"it-IT\"},{\"@type\":\"WebPage\",\"@id\":\"https:\\\/\\\/www.dorif.it\\\/reperes\\\/jeremi-sauvage-remarques-sur-levaluation-et-la-consigne-en-didactique-de-loral-en-fle\\\/\",\"url\":\"https:\\\/\\\/www.dorif.it\\\/reperes\\\/jeremi-sauvage-remarques-sur-levaluation-et-la-consigne-en-didactique-de-loral-en-fle\\\/\",\"name\":\"J\u00e9r\u00e9mi SAUVAGE, Remarques sur l\u2019\u00e9valuation et la consigne en didactique de l\u2019oral en FLE - Rep\u00e8res-Dorif\",\"isPartOf\":{\"@id\":\"https:\\\/\\\/www.dorif.it\\\/reperes\\\/#website\"},\"primaryImageOfPage\":{\"@id\":\"https:\\\/\\\/www.dorif.it\\\/reperes\\\/jeremi-sauvage-remarques-sur-levaluation-et-la-consigne-en-didactique-de-loral-en-fle\\\/#primaryimage\"},\"image\":{\"@id\":\"https:\\\/\\\/www.dorif.it\\\/reperes\\\/jeremi-sauvage-remarques-sur-levaluation-et-la-consigne-en-didactique-de-loral-en-fle\\\/#primaryimage\"},\"thumbnailUrl\":\"https:\\\/\\\/www.dorif.it\\\/reperes\\\/wp-content\\\/uploads\\\/2023\\\/10\\\/sauvage-1-1.jpg\",\"datePublished\":\"2023-11-06T15:53:53+00:00\",\"dateModified\":\"2023-11-14T11:48:28+00:00\",\"author\":{\"@id\":\"https:\\\/\\\/www.dorif.it\\\/reperes\\\/#\\\/schema\\\/person\\\/be5f529c70120fdda9afb763971d717f\"},\"breadcrumb\":{\"@id\":\"https:\\\/\\\/www.dorif.it\\\/reperes\\\/jeremi-sauvage-remarques-sur-levaluation-et-la-consigne-en-didactique-de-loral-en-fle\\\/#breadcrumb\"},\"inLanguage\":\"it-IT\",\"potentialAction\":[{\"@type\":\"ReadAction\",\"target\":[\"https:\\\/\\\/www.dorif.it\\\/reperes\\\/jeremi-sauvage-remarques-sur-levaluation-et-la-consigne-en-didactique-de-loral-en-fle\\\/\"]}]},{\"@type\":\"ImageObject\",\"inLanguage\":\"it-IT\",\"@id\":\"https:\\\/\\\/www.dorif.it\\\/reperes\\\/jeremi-sauvage-remarques-sur-levaluation-et-la-consigne-en-didactique-de-loral-en-fle\\\/#primaryimage\",\"url\":\"https:\\\/\\\/www.dorif.it\\\/reperes\\\/wp-content\\\/uploads\\\/2023\\\/10\\\/sauvage-1-1.jpg\",\"contentUrl\":\"https:\\\/\\\/www.dorif.it\\\/reperes\\\/wp-content\\\/uploads\\\/2023\\\/10\\\/sauvage-1-1.jpg\",\"width\":552,\"height\":299},{\"@type\":\"BreadcrumbList\",\"@id\":\"https:\\\/\\\/www.dorif.it\\\/reperes\\\/jeremi-sauvage-remarques-sur-levaluation-et-la-consigne-en-didactique-de-loral-en-fle\\\/#breadcrumb\",\"itemListElement\":[{\"@type\":\"ListItem\",\"position\":1,\"name\":\"Home\",\"item\":\"https:\\\/\\\/www.dorif.it\\\/reperes\\\/\"},{\"@type\":\"ListItem\",\"position\":2,\"name\":\"J\u00e9r\u00e9mi SAUVAGE, Remarques sur l\u2019\u00e9valuation et la consigne en didactique de l\u2019oral en FLE\"}]},{\"@type\":\"WebSite\",\"@id\":\"https:\\\/\\\/www.dorif.it\\\/reperes\\\/#website\",\"url\":\"https:\\\/\\\/www.dorif.it\\\/reperes\\\/\",\"name\":\"Rep\u00e8res-Dorif\",\"description\":\"Autor du Fran\u00e7ais: langues, cultures et plurilinguisme\",\"potentialAction\":[{\"@type\":\"SearchAction\",\"target\":{\"@type\":\"EntryPoint\",\"urlTemplate\":\"https:\\\/\\\/www.dorif.it\\\/reperes\\\/?s={search_term_string}\"},\"query-input\":{\"@type\":\"PropertyValueSpecification\",\"valueRequired\":true,\"valueName\":\"search_term_string\"}}],\"inLanguage\":\"it-IT\"},{\"@type\":\"Person\",\"@id\":\"https:\\\/\\\/www.dorif.it\\\/reperes\\\/#\\\/schema\\\/person\\\/be5f529c70120fdda9afb763971d717f\",\"name\":\"Orvale\",\"image\":{\"@type\":\"ImageObject\",\"inLanguage\":\"it-IT\",\"@id\":\"https:\\\/\\\/secure.gravatar.com\\\/avatar\\\/d1f962340761948aa72825921b12c22d66f83c4526d447ab70ba4e4167f348d5?s=96&d=mm&r=g\",\"url\":\"https:\\\/\\\/secure.gravatar.com\\\/avatar\\\/d1f962340761948aa72825921b12c22d66f83c4526d447ab70ba4e4167f348d5?s=96&d=mm&r=g\",\"contentUrl\":\"https:\\\/\\\/secure.gravatar.com\\\/avatar\\\/d1f962340761948aa72825921b12c22d66f83c4526d447ab70ba4e4167f348d5?s=96&d=mm&r=g\",\"caption\":\"Orvale\"},\"url\":\"\"}]}<\/script>\n<!-- \/ Yoast SEO plugin. -->","yoast_head_json":{"title":"J\u00e9r\u00e9mi SAUVAGE, Remarques sur l\u2019\u00e9valuation et la consigne en didactique de l\u2019oral en FLE - Rep\u00e8res-Dorif","robots":{"index":"index","follow":"follow","max-snippet":"max-snippet:-1","max-image-preview":"max-image-preview:large","max-video-preview":"max-video-preview:-1"},"canonical":"https:\/\/www.dorif.it\/reperes\/jeremi-sauvage-remarques-sur-levaluation-et-la-consigne-en-didactique-de-loral-en-fle\/","og_locale":"it_IT","og_type":"article","og_title":"J\u00e9r\u00e9mi SAUVAGE, Remarques sur l\u2019\u00e9valuation et la consigne en didactique de l\u2019oral en FLE - Rep\u00e8res-Dorif","og_description":"Continue de lire...","og_url":"https:\/\/www.dorif.it\/reperes\/jeremi-sauvage-remarques-sur-levaluation-et-la-consigne-en-didactique-de-loral-en-fle\/","og_site_name":"Rep\u00e8res-Dorif","article_published_time":"2023-11-06T15:53:53+00:00","article_modified_time":"2023-11-14T11:48:28+00:00","og_image":[{"url":"https:\/\/www.dorif.it\/reperes\/wp-content\/uploads\/2023\/10\/sauvage-1-1.jpg","type":"","width":"","height":""}],"author":"Orvale","twitter_card":"summary_large_image","twitter_misc":{"Scritto da":"J\u00e9r\u00e9mi SAUVAGE","Tempo di lettura stimato":"26 minuti"},"schema":{"@context":"https:\/\/schema.org","@graph":[{"@type":"Article","@id":"https:\/\/www.dorif.it\/reperes\/jeremi-sauvage-remarques-sur-levaluation-et-la-consigne-en-didactique-de-loral-en-fle\/#article","isPartOf":{"@id":"https:\/\/www.dorif.it\/reperes\/jeremi-sauvage-remarques-sur-levaluation-et-la-consigne-en-didactique-de-loral-en-fle\/"},"author":{"name":"Orvale","@id":"https:\/\/www.dorif.it\/reperes\/#\/schema\/person\/be5f529c70120fdda9afb763971d717f"},"headline":"J\u00e9r\u00e9mi SAUVAGE, Remarques sur l\u2019\u00e9valuation et la consigne en didactique de l\u2019oral en FLE","datePublished":"2023-11-06T15:53:53+00:00","dateModified":"2023-11-14T11:48:28+00:00","mainEntityOfPage":{"@id":"https:\/\/www.dorif.it\/reperes\/jeremi-sauvage-remarques-sur-levaluation-et-la-consigne-en-didactique-de-loral-en-fle\/"},"wordCount":5347,"image":{"@id":"https:\/\/www.dorif.it\/reperes\/jeremi-sauvage-remarques-sur-levaluation-et-la-consigne-en-didactique-de-loral-en-fle\/#primaryimage"},"thumbnailUrl":"https:\/\/www.dorif.it\/reperes\/wp-content\/uploads\/2023\/10\/sauvage-1-1.jpg","keywords":["28 - Entre le th\u00e9orique et l'exp\u00e9rientiel : l'oral en didactique du FLE. Questionnements et perspectives"],"articleSection":["Entre le th\u00e9orique et l'exp\u00e9rientiel : l'oral en didactique du FLE. Questionnements et perspectives"],"inLanguage":"it-IT"},{"@type":"WebPage","@id":"https:\/\/www.dorif.it\/reperes\/jeremi-sauvage-remarques-sur-levaluation-et-la-consigne-en-didactique-de-loral-en-fle\/","url":"https:\/\/www.dorif.it\/reperes\/jeremi-sauvage-remarques-sur-levaluation-et-la-consigne-en-didactique-de-loral-en-fle\/","name":"J\u00e9r\u00e9mi SAUVAGE, Remarques sur l\u2019\u00e9valuation et la consigne en didactique de l\u2019oral en FLE - Rep\u00e8res-Dorif","isPartOf":{"@id":"https:\/\/www.dorif.it\/reperes\/#website"},"primaryImageOfPage":{"@id":"https:\/\/www.dorif.it\/reperes\/jeremi-sauvage-remarques-sur-levaluation-et-la-consigne-en-didactique-de-loral-en-fle\/#primaryimage"},"image":{"@id":"https:\/\/www.dorif.it\/reperes\/jeremi-sauvage-remarques-sur-levaluation-et-la-consigne-en-didactique-de-loral-en-fle\/#primaryimage"},"thumbnailUrl":"https:\/\/www.dorif.it\/reperes\/wp-content\/uploads\/2023\/10\/sauvage-1-1.jpg","datePublished":"2023-11-06T15:53:53+00:00","dateModified":"2023-11-14T11:48:28+00:00","author":{"@id":"https:\/\/www.dorif.it\/reperes\/#\/schema\/person\/be5f529c70120fdda9afb763971d717f"},"breadcrumb":{"@id":"https:\/\/www.dorif.it\/reperes\/jeremi-sauvage-remarques-sur-levaluation-et-la-consigne-en-didactique-de-loral-en-fle\/#breadcrumb"},"inLanguage":"it-IT","potentialAction":[{"@type":"ReadAction","target":["https:\/\/www.dorif.it\/reperes\/jeremi-sauvage-remarques-sur-levaluation-et-la-consigne-en-didactique-de-loral-en-fle\/"]}]},{"@type":"ImageObject","inLanguage":"it-IT","@id":"https:\/\/www.dorif.it\/reperes\/jeremi-sauvage-remarques-sur-levaluation-et-la-consigne-en-didactique-de-loral-en-fle\/#primaryimage","url":"https:\/\/www.dorif.it\/reperes\/wp-content\/uploads\/2023\/10\/sauvage-1-1.jpg","contentUrl":"https:\/\/www.dorif.it\/reperes\/wp-content\/uploads\/2023\/10\/sauvage-1-1.jpg","width":552,"height":299},{"@type":"BreadcrumbList","@id":"https:\/\/www.dorif.it\/reperes\/jeremi-sauvage-remarques-sur-levaluation-et-la-consigne-en-didactique-de-loral-en-fle\/#breadcrumb","itemListElement":[{"@type":"ListItem","position":1,"name":"Home","item":"https:\/\/www.dorif.it\/reperes\/"},{"@type":"ListItem","position":2,"name":"J\u00e9r\u00e9mi SAUVAGE, Remarques sur l\u2019\u00e9valuation et la consigne en didactique de l\u2019oral en FLE"}]},{"@type":"WebSite","@id":"https:\/\/www.dorif.it\/reperes\/#website","url":"https:\/\/www.dorif.it\/reperes\/","name":"Rep\u00e8res-Dorif","description":"Autor du Fran\u00e7ais: langues, cultures et plurilinguisme","potentialAction":[{"@type":"SearchAction","target":{"@type":"EntryPoint","urlTemplate":"https:\/\/www.dorif.it\/reperes\/?s={search_term_string}"},"query-input":{"@type":"PropertyValueSpecification","valueRequired":true,"valueName":"search_term_string"}}],"inLanguage":"it-IT"},{"@type":"Person","@id":"https:\/\/www.dorif.it\/reperes\/#\/schema\/person\/be5f529c70120fdda9afb763971d717f","name":"Orvale","image":{"@type":"ImageObject","inLanguage":"it-IT","@id":"https:\/\/secure.gravatar.com\/avatar\/d1f962340761948aa72825921b12c22d66f83c4526d447ab70ba4e4167f348d5?s=96&d=mm&r=g","url":"https:\/\/secure.gravatar.com\/avatar\/d1f962340761948aa72825921b12c22d66f83c4526d447ab70ba4e4167f348d5?s=96&d=mm&r=g","contentUrl":"https:\/\/secure.gravatar.com\/avatar\/d1f962340761948aa72825921b12c22d66f83c4526d447ab70ba4e4167f348d5?s=96&d=mm&r=g","caption":"Orvale"},"url":""}]}},"_links":{"self":[{"href":"https:\/\/www.dorif.it\/reperes\/wp-json\/wp\/v2\/posts\/10298","targetHints":{"allow":["GET"]}}],"collection":[{"href":"https:\/\/www.dorif.it\/reperes\/wp-json\/wp\/v2\/posts"}],"about":[{"href":"https:\/\/www.dorif.it\/reperes\/wp-json\/wp\/v2\/types\/post"}],"author":[{"embeddable":true,"href":"https:\/\/www.dorif.it\/reperes\/wp-json\/wp\/v2\/users\/8"}],"replies":[{"embeddable":true,"href":"https:\/\/www.dorif.it\/reperes\/wp-json\/wp\/v2\/comments?post=10298"}],"version-history":[{"count":13,"href":"https:\/\/www.dorif.it\/reperes\/wp-json\/wp\/v2\/posts\/10298\/revisions"}],"predecessor-version":[{"id":10613,"href":"https:\/\/www.dorif.it\/reperes\/wp-json\/wp\/v2\/posts\/10298\/revisions\/10613"}],"wp:attachment":[{"href":"https:\/\/www.dorif.it\/reperes\/wp-json\/wp\/v2\/media?parent=10298"}],"wp:term":[{"taxonomy":"category","embeddable":true,"href":"https:\/\/www.dorif.it\/reperes\/wp-json\/wp\/v2\/categories?post=10298"},{"taxonomy":"post_tag","embeddable":true,"href":"https:\/\/www.dorif.it\/reperes\/wp-json\/wp\/v2\/tags?post=10298"}],"curies":[{"name":"wp","href":"https:\/\/api.w.org\/{rel}","templated":true}]}}