{"id":11022,"date":"2024-02-08T14:29:26","date_gmt":"2024-02-08T13:29:26","guid":{"rendered":"https:\/\/www.dorif.it\/reperes\/?p=11022"},"modified":"2024-02-24T21:59:09","modified_gmt":"2024-02-24T20:59:09","slug":"danielle-londei-avertissement","status":"publish","type":"post","link":"https:\/\/www.dorif.it\/reperes\/danielle-londei-avertissement\/","title":{"rendered":"Danielle LONDEI, Avertissement"},"content":{"rendered":"<h3 id=\"danielle-londei\" style=\"text-align: center; padding-left: 120px;\">Danielle LONDEI<\/h3>\n<p>&nbsp;<\/p>\n<h2 id=\"avertissement\" style=\"text-align: center;\"><strong>Avertissement<\/strong><\/h2>\n<p>&nbsp;<\/p>\n<p>&nbsp;<\/p>\n<p>Nous partirons de loin : qu&#8217;est-ce que l&#8217;intelligence ? Il n&#8217;en existe qu&#8217;une seule, la n\u00f4tre, terme de comparaison de toutes les autres activit\u00e9s c\u00e9r\u00e9brales pr\u00e9sentes dans la nature ? En fait, il existe autant de d\u00e9finitions que de chercheurs qui s&#8217;en occupent. Stefano Mancuso, directeur du <em>Laboratorio Internazionale di Neurologie Vegetali<\/em> de Florence, r\u00e9pond avec un typique discours\u00a0 acad\u00e9mique : \u00ab\u00a0Moi, en qualit\u00e9 de botanique, j&#8217;ai une id\u00e9e de l&#8217;intelligence qui a peu \u00e0 faire avec celle humaine : pour moi c&#8217;est la capacit\u00e9 \u00e0 affronter et \u00e0 r\u00e9soudre des probl\u00e8mes. Les plantes y r\u00e9ussissent tr\u00e8s bien, et donc,\u00a0 de mon point de vue, ce sont des \u00eatres intelligents\u00a0\u00bb. Humaine, animale ou v\u00e9g\u00e9tale, individuelle ou collective, naturelle ou artificielle, les possibles intelligences se multiplient, se poursuivent, se reconnaissent les unes\u00a0et les autres, \u00e0 l&#8217;int\u00e9rieur d&#8217;un dialogue id\u00e9al.<\/p>\n<p>Une d\u00e9couverte r\u00e9cente li\u00e9e \u00e0 la pand\u00e9mie a mis en \u00e9vidence que lorsque les individus ont \u00e9t\u00e9 soumis \u00e0 diverses formes d&#8217;isolement, nous avions en fait besoin de l&#8217;intelligence des autres pour am\u00e9liorer nos propres points de vue. Avec les confinements les \u00e9valuations du QI ont commenc\u00e9 \u00e0 diminuer, pour ensuite revenir aux niveaux initiaux lorsque les mesures d&#8217;isolement ont \u00e9t\u00e9 enlev\u00e9es : nous avons besoin des autres pour am\u00e9liorer notre propre intelligence individuelle ! Il s&#8217;agit d&#8217;une forme d&#8217;intelligence collective. Les \u00eatres vivants ont besoin d&#8217;\u00eatre inclusifs pour affronter et r\u00e9soudre des probl\u00e8mes.<\/p>\n<p>Nous en arrivons au concept d&#8217;intelligence collective, soit se confronter avec les autres aide \u00e0 effacer des id\u00e9es erron\u00e9es et nous donne une perception plus repr\u00e9sentative du monde. Cela est tr\u00e8s utile parce que cela nous permet de mieux focaliser les probl\u00e8mes et de les r\u00e9soudre. La synchronisation des cerveaux, c&#8217;est-\u00e0-dire les courants \u00e9lectriques qui traversent 86 milliards de neurones de notre cerveau, se pr\u00e9sentent sous formes d&#8217;ondes, lorsque nous pensons et \u00e9prouvons des \u00e9motions. Ainsi, un groupe de personnes qui travaillent ensemble, qui interagissent pour r\u00e9soudre des probl\u00e8mes communs en \u00e9changeant des informations, des donn\u00e9es, des concepts, fait que leurs ondes c\u00e9r\u00e9brales finissent par se synchroniser. Nous avons commenc\u00e9 \u00e0 appr\u00e9cier le sens de communaut\u00e9 des savoirs et combien l&#8217;intelligence collective offre beaucoup plus qu&#8217;une approche individualiste. Certains chercheurs soutiennent que le genre humain est en train de traverser une transition \u00e9volutive, \u00e9galement \u00e0 cause des nouvelles technologies, des apports en perspective de l&#8217;IA : depuis les software pour les r\u00e9unions \u00e0 distance aux r\u00e9seaux sociaux, aux services de transports, ces nouveaux moyens nous aident \u00e0 communiquer, calculer, partager nos exp\u00e9riences, \u00e0 cr\u00e9er un &#8220;esprit m\u00e9gaconnect\u00e9&#8221;.<\/p>\n<p>Si ces quelques indices de r\u00e9flexions peuvent avoir un int\u00e9r\u00eat report\u00e9s \u00e0 une question micro, c&#8217;est sans doute \u00e0 cause des ramifications, m\u00eame apparemment lointaines, qui inspirent ces changement d&#8217;orientation dans tous les domaines : dans ce cas, accueillir un premier num\u00e9ro \u00ab Varia \u00bb dans une revue \u00e0 vocation th\u00e9matique depuis sa naissance, qui voulait \u00eatre l&#8217;\u00e9manation des recherches de groupes qui caract\u00e9risaient l&#8217;organisation de notre association Dorif-Universit\u00e0.<\/p>\n<p>Il serait banal et trompeur d&#8217;en rester au principe d&#8217;offrir un lieu d&#8217;accueil pour des articles qui n&#8217;auraient pas trouv\u00e9 dans les num\u00e9ros pr\u00e9c\u00e9dents ou en cours de la revue une place d&#8217;insertion.<\/p>\n<p>De mani\u00e8re sans doute inconsciente, nous avons per\u00e7u, comme ce fut le cas des num\u00e9ros sp\u00e9ciaux et des \u00ab Ateliers \u00bb, qu&#8217;une dimension nouvelle d&#8217;ouverture manquait, que des points de vue hors des groupes disciplinaires existants, devaient pouvoir \u00eatre pris en compte. En outre, la co\u00efncidence temporelle entre la production de textes de la part de chercheurs et leur collocation pouvaient ne pas co\u00efncider avec la programmation . L&#8217;important, nous semble-t-il, est de nous synchroniser avec ces recherches, de nous connecter avec celles-ci, de maintenir des \u00ab rep\u00e8res \u00bb des recherches en cours,\u00a0 pour\u00a0 assurer une \u00ab intelligence des recherches en acte \u00bb, une intelligence informative qui offre \u00e0 nos lecteurs, sinon une r\u00e9solution de probl\u00e8mes, au moins l&#8217;identification de probl\u00e9matiques pluri-interdisciplinaires, la conscience de celles-ci, pour pouvoir les prendre en compte de mani\u00e8re diffuse, si nous sommes convaincus que l\u00e0 se situe le principe d&#8217;une revue associative, qui par essence est \u00e0 vocation collective.<\/p>\n<p>Avons-nous eu raison de faire ce pas prospectif ? Celui-ci se justifie-t-il ? et si oui, faudra-t-il \u00e0 l&#8217;avenir en tenir compte r\u00e9guli\u00e8rement ?<\/p>\n<p>A vous, lecteurs et lectrices, de le dire.<\/p>\n<p>&nbsp;<\/p>\n<hr \/>\n<p>Per citare questo articolo:<\/p>\n<p>Danielle LONDEI, \u00ab Avertissement \u00bb, <em>Rep\u00e8res DoRiF,<\/em> num\u00e9ro hors-s\u00e9rie <em>Varia<\/em>, DoRiF Universit\u00e0, Roma, febbraio 2024, https:\/\/www.dorif.it\/reperes\/danielle-londei-avertissement\/<\/p>\n<p style=\"text-align: center;\">ISSN 2281-3020<\/p>\n<p><img decoding=\"async\" class=\"alignnone size-full wp-image-8924 aligncenter\" src=\"https:\/\/www.dorif.it\/reperes\/wp-content\/uploads\/2022\/04\/logo-pubblicazione.png\" alt=\"\" width=\"111\" height=\"49\" \/><\/p>\n<p style=\"text-align: center;\">Quest\u2019opera \u00e8 distribuita con Licenza\u00a0<a href=\"http:\/\/creativecommons.org\/licenses\/by-nc-nd\/3.0\/it\/\">Creative Commons Attribuzione \u2013 Non commerciale \u2013 Non opere derivate 3.0 Italia<\/a>.<\/p>\n","protected":false},"excerpt":{"rendered":"<p> <a href=\"https:\/\/www.dorif.it\/reperes\/danielle-londei-avertissement\/\"> Continue de lire&#8230;<\/a><\/p>\n","protected":false},"author":8,"featured_media":0,"comment_status":"closed","ping_status":"closed","sticky":false,"template":"","format":"standard","meta":{"_acf_changed":false,"_bbp_topic_count":0,"_bbp_reply_count":0,"_bbp_total_topic_count":0,"_bbp_total_reply_count":0,"_bbp_voice_count":0,"_bbp_anonymous_reply_count":0,"_bbp_topic_count_hidden":0,"_bbp_reply_count_hidden":0,"_bbp_forum_subforum_count":0,"footnotes":""},"categories":[400],"tags":[401],"class_list":["post-11022","post","type-post","status-publish","format-standard","hentry","category-varia-29-varia","tag-29-varia"],"acf":[],"yoast_head":"<!-- This site is optimized with the Yoast SEO plugin v27.3 - https:\/\/yoast.com\/product\/yoast-seo-wordpress\/ -->\n<title>Danielle LONDEI, Avertissement - Rep\u00e8res-Dorif<\/title>\n<meta name=\"robots\" content=\"index, follow, max-snippet:-1, max-image-preview:large, max-video-preview:-1\" \/>\n<link rel=\"canonical\" href=\"https:\/\/www.dorif.it\/reperes\/danielle-londei-avertissement\/\" \/>\n<meta property=\"og:locale\" content=\"it_IT\" \/>\n<meta property=\"og:type\" content=\"article\" \/>\n<meta property=\"og:title\" content=\"Danielle LONDEI, Avertissement - Rep\u00e8res-Dorif\" \/>\n<meta property=\"og:description\" content=\"Continue de lire...\" \/>\n<meta property=\"og:url\" content=\"https:\/\/www.dorif.it\/reperes\/danielle-londei-avertissement\/\" \/>\n<meta property=\"og:site_name\" content=\"Rep\u00e8res-Dorif\" \/>\n<meta property=\"article:published_time\" content=\"2024-02-08T13:29:26+00:00\" \/>\n<meta property=\"article:modified_time\" content=\"2024-02-24T20:59:09+00:00\" \/>\n<meta property=\"og:image\" content=\"https:\/\/www.dorif.it\/reperes\/wp-content\/uploads\/2022\/04\/logo-pubblicazione.png\" \/>\n<meta name=\"author\" content=\"Orvale\" \/>\n<meta name=\"twitter:card\" content=\"summary_large_image\" \/>\n<meta name=\"twitter:label1\" content=\"Scritto da\" \/>\n\t<meta name=\"twitter:data1\" content=\"Danielle LONDEI\" \/>\n\t<meta name=\"twitter:label2\" content=\"Tempo di lettura stimato\" \/>\n\t<meta name=\"twitter:data2\" content=\"5 minuti\" \/>\n<script type=\"application\/ld+json\" class=\"yoast-schema-graph\">{\"@context\":\"https:\\\/\\\/schema.org\",\"@graph\":[{\"@type\":\"Article\",\"@id\":\"https:\\\/\\\/www.dorif.it\\\/reperes\\\/danielle-londei-avertissement\\\/#article\",\"isPartOf\":{\"@id\":\"https:\\\/\\\/www.dorif.it\\\/reperes\\\/danielle-londei-avertissement\\\/\"},\"author\":{\"name\":\"Orvale\",\"@id\":\"https:\\\/\\\/www.dorif.it\\\/reperes\\\/#\\\/schema\\\/person\\\/be5f529c70120fdda9afb763971d717f\"},\"headline\":\"Danielle LONDEI, Avertissement\",\"datePublished\":\"2024-02-08T13:29:26+00:00\",\"dateModified\":\"2024-02-24T20:59:09+00:00\",\"mainEntityOfPage\":{\"@id\":\"https:\\\/\\\/www.dorif.it\\\/reperes\\\/danielle-londei-avertissement\\\/\"},\"wordCount\":826,\"image\":{\"@id\":\"https:\\\/\\\/www.dorif.it\\\/reperes\\\/danielle-londei-avertissement\\\/#primaryimage\"},\"thumbnailUrl\":\"https:\\\/\\\/www.dorif.it\\\/reperes\\\/wp-content\\\/uploads\\\/2022\\\/04\\\/logo-pubblicazione.png\",\"keywords\":[\"29-varia\"],\"articleSection\":[\"Varia\"],\"inLanguage\":\"it-IT\"},{\"@type\":\"WebPage\",\"@id\":\"https:\\\/\\\/www.dorif.it\\\/reperes\\\/danielle-londei-avertissement\\\/\",\"url\":\"https:\\\/\\\/www.dorif.it\\\/reperes\\\/danielle-londei-avertissement\\\/\",\"name\":\"Danielle LONDEI, Avertissement - Rep\u00e8res-Dorif\",\"isPartOf\":{\"@id\":\"https:\\\/\\\/www.dorif.it\\\/reperes\\\/#website\"},\"primaryImageOfPage\":{\"@id\":\"https:\\\/\\\/www.dorif.it\\\/reperes\\\/danielle-londei-avertissement\\\/#primaryimage\"},\"image\":{\"@id\":\"https:\\\/\\\/www.dorif.it\\\/reperes\\\/danielle-londei-avertissement\\\/#primaryimage\"},\"thumbnailUrl\":\"https:\\\/\\\/www.dorif.it\\\/reperes\\\/wp-content\\\/uploads\\\/2022\\\/04\\\/logo-pubblicazione.png\",\"datePublished\":\"2024-02-08T13:29:26+00:00\",\"dateModified\":\"2024-02-24T20:59:09+00:00\",\"author\":{\"@id\":\"https:\\\/\\\/www.dorif.it\\\/reperes\\\/#\\\/schema\\\/person\\\/be5f529c70120fdda9afb763971d717f\"},\"breadcrumb\":{\"@id\":\"https:\\\/\\\/www.dorif.it\\\/reperes\\\/danielle-londei-avertissement\\\/#breadcrumb\"},\"inLanguage\":\"it-IT\",\"potentialAction\":[{\"@type\":\"ReadAction\",\"target\":[\"https:\\\/\\\/www.dorif.it\\\/reperes\\\/danielle-londei-avertissement\\\/\"]}]},{\"@type\":\"ImageObject\",\"inLanguage\":\"it-IT\",\"@id\":\"https:\\\/\\\/www.dorif.it\\\/reperes\\\/danielle-londei-avertissement\\\/#primaryimage\",\"url\":\"https:\\\/\\\/www.dorif.it\\\/reperes\\\/wp-content\\\/uploads\\\/2022\\\/04\\\/logo-pubblicazione.png\",\"contentUrl\":\"https:\\\/\\\/www.dorif.it\\\/reperes\\\/wp-content\\\/uploads\\\/2022\\\/04\\\/logo-pubblicazione.png\",\"width\":111,\"height\":49},{\"@type\":\"BreadcrumbList\",\"@id\":\"https:\\\/\\\/www.dorif.it\\\/reperes\\\/danielle-londei-avertissement\\\/#breadcrumb\",\"itemListElement\":[{\"@type\":\"ListItem\",\"position\":1,\"name\":\"Home\",\"item\":\"https:\\\/\\\/www.dorif.it\\\/reperes\\\/\"},{\"@type\":\"ListItem\",\"position\":2,\"name\":\"Danielle LONDEI, Avertissement\"}]},{\"@type\":\"WebSite\",\"@id\":\"https:\\\/\\\/www.dorif.it\\\/reperes\\\/#website\",\"url\":\"https:\\\/\\\/www.dorif.it\\\/reperes\\\/\",\"name\":\"Rep\u00e8res-Dorif\",\"description\":\"Autor du Fran\u00e7ais: langues, cultures et plurilinguisme\",\"potentialAction\":[{\"@type\":\"SearchAction\",\"target\":{\"@type\":\"EntryPoint\",\"urlTemplate\":\"https:\\\/\\\/www.dorif.it\\\/reperes\\\/?s={search_term_string}\"},\"query-input\":{\"@type\":\"PropertyValueSpecification\",\"valueRequired\":true,\"valueName\":\"search_term_string\"}}],\"inLanguage\":\"it-IT\"},{\"@type\":\"Person\",\"@id\":\"https:\\\/\\\/www.dorif.it\\\/reperes\\\/#\\\/schema\\\/person\\\/be5f529c70120fdda9afb763971d717f\",\"name\":\"Orvale\",\"image\":{\"@type\":\"ImageObject\",\"inLanguage\":\"it-IT\",\"@id\":\"https:\\\/\\\/secure.gravatar.com\\\/avatar\\\/d1f962340761948aa72825921b12c22d66f83c4526d447ab70ba4e4167f348d5?s=96&d=mm&r=g\",\"url\":\"https:\\\/\\\/secure.gravatar.com\\\/avatar\\\/d1f962340761948aa72825921b12c22d66f83c4526d447ab70ba4e4167f348d5?s=96&d=mm&r=g\",\"contentUrl\":\"https:\\\/\\\/secure.gravatar.com\\\/avatar\\\/d1f962340761948aa72825921b12c22d66f83c4526d447ab70ba4e4167f348d5?s=96&d=mm&r=g\",\"caption\":\"Orvale\"},\"url\":\"\"}]}<\/script>\n<!-- \/ Yoast SEO plugin. -->","yoast_head_json":{"title":"Danielle LONDEI, Avertissement - Rep\u00e8res-Dorif","robots":{"index":"index","follow":"follow","max-snippet":"max-snippet:-1","max-image-preview":"max-image-preview:large","max-video-preview":"max-video-preview:-1"},"canonical":"https:\/\/www.dorif.it\/reperes\/danielle-londei-avertissement\/","og_locale":"it_IT","og_type":"article","og_title":"Danielle LONDEI, Avertissement - Rep\u00e8res-Dorif","og_description":"Continue de lire...","og_url":"https:\/\/www.dorif.it\/reperes\/danielle-londei-avertissement\/","og_site_name":"Rep\u00e8res-Dorif","article_published_time":"2024-02-08T13:29:26+00:00","article_modified_time":"2024-02-24T20:59:09+00:00","og_image":[{"url":"https:\/\/www.dorif.it\/reperes\/wp-content\/uploads\/2022\/04\/logo-pubblicazione.png","type":"","width":"","height":""}],"author":"Orvale","twitter_card":"summary_large_image","twitter_misc":{"Scritto da":"Danielle LONDEI","Tempo di lettura stimato":"5 minuti"},"schema":{"@context":"https:\/\/schema.org","@graph":[{"@type":"Article","@id":"https:\/\/www.dorif.it\/reperes\/danielle-londei-avertissement\/#article","isPartOf":{"@id":"https:\/\/www.dorif.it\/reperes\/danielle-londei-avertissement\/"},"author":{"name":"Orvale","@id":"https:\/\/www.dorif.it\/reperes\/#\/schema\/person\/be5f529c70120fdda9afb763971d717f"},"headline":"Danielle LONDEI, Avertissement","datePublished":"2024-02-08T13:29:26+00:00","dateModified":"2024-02-24T20:59:09+00:00","mainEntityOfPage":{"@id":"https:\/\/www.dorif.it\/reperes\/danielle-londei-avertissement\/"},"wordCount":826,"image":{"@id":"https:\/\/www.dorif.it\/reperes\/danielle-londei-avertissement\/#primaryimage"},"thumbnailUrl":"https:\/\/www.dorif.it\/reperes\/wp-content\/uploads\/2022\/04\/logo-pubblicazione.png","keywords":["29-varia"],"articleSection":["Varia"],"inLanguage":"it-IT"},{"@type":"WebPage","@id":"https:\/\/www.dorif.it\/reperes\/danielle-londei-avertissement\/","url":"https:\/\/www.dorif.it\/reperes\/danielle-londei-avertissement\/","name":"Danielle LONDEI, Avertissement - Rep\u00e8res-Dorif","isPartOf":{"@id":"https:\/\/www.dorif.it\/reperes\/#website"},"primaryImageOfPage":{"@id":"https:\/\/www.dorif.it\/reperes\/danielle-londei-avertissement\/#primaryimage"},"image":{"@id":"https:\/\/www.dorif.it\/reperes\/danielle-londei-avertissement\/#primaryimage"},"thumbnailUrl":"https:\/\/www.dorif.it\/reperes\/wp-content\/uploads\/2022\/04\/logo-pubblicazione.png","datePublished":"2024-02-08T13:29:26+00:00","dateModified":"2024-02-24T20:59:09+00:00","author":{"@id":"https:\/\/www.dorif.it\/reperes\/#\/schema\/person\/be5f529c70120fdda9afb763971d717f"},"breadcrumb":{"@id":"https:\/\/www.dorif.it\/reperes\/danielle-londei-avertissement\/#breadcrumb"},"inLanguage":"it-IT","potentialAction":[{"@type":"ReadAction","target":["https:\/\/www.dorif.it\/reperes\/danielle-londei-avertissement\/"]}]},{"@type":"ImageObject","inLanguage":"it-IT","@id":"https:\/\/www.dorif.it\/reperes\/danielle-londei-avertissement\/#primaryimage","url":"https:\/\/www.dorif.it\/reperes\/wp-content\/uploads\/2022\/04\/logo-pubblicazione.png","contentUrl":"https:\/\/www.dorif.it\/reperes\/wp-content\/uploads\/2022\/04\/logo-pubblicazione.png","width":111,"height":49},{"@type":"BreadcrumbList","@id":"https:\/\/www.dorif.it\/reperes\/danielle-londei-avertissement\/#breadcrumb","itemListElement":[{"@type":"ListItem","position":1,"name":"Home","item":"https:\/\/www.dorif.it\/reperes\/"},{"@type":"ListItem","position":2,"name":"Danielle LONDEI, Avertissement"}]},{"@type":"WebSite","@id":"https:\/\/www.dorif.it\/reperes\/#website","url":"https:\/\/www.dorif.it\/reperes\/","name":"Rep\u00e8res-Dorif","description":"Autor du Fran\u00e7ais: langues, cultures et plurilinguisme","potentialAction":[{"@type":"SearchAction","target":{"@type":"EntryPoint","urlTemplate":"https:\/\/www.dorif.it\/reperes\/?s={search_term_string}"},"query-input":{"@type":"PropertyValueSpecification","valueRequired":true,"valueName":"search_term_string"}}],"inLanguage":"it-IT"},{"@type":"Person","@id":"https:\/\/www.dorif.it\/reperes\/#\/schema\/person\/be5f529c70120fdda9afb763971d717f","name":"Orvale","image":{"@type":"ImageObject","inLanguage":"it-IT","@id":"https:\/\/secure.gravatar.com\/avatar\/d1f962340761948aa72825921b12c22d66f83c4526d447ab70ba4e4167f348d5?s=96&d=mm&r=g","url":"https:\/\/secure.gravatar.com\/avatar\/d1f962340761948aa72825921b12c22d66f83c4526d447ab70ba4e4167f348d5?s=96&d=mm&r=g","contentUrl":"https:\/\/secure.gravatar.com\/avatar\/d1f962340761948aa72825921b12c22d66f83c4526d447ab70ba4e4167f348d5?s=96&d=mm&r=g","caption":"Orvale"},"url":""}]}},"_links":{"self":[{"href":"https:\/\/www.dorif.it\/reperes\/wp-json\/wp\/v2\/posts\/11022","targetHints":{"allow":["GET"]}}],"collection":[{"href":"https:\/\/www.dorif.it\/reperes\/wp-json\/wp\/v2\/posts"}],"about":[{"href":"https:\/\/www.dorif.it\/reperes\/wp-json\/wp\/v2\/types\/post"}],"author":[{"embeddable":true,"href":"https:\/\/www.dorif.it\/reperes\/wp-json\/wp\/v2\/users\/8"}],"replies":[{"embeddable":true,"href":"https:\/\/www.dorif.it\/reperes\/wp-json\/wp\/v2\/comments?post=11022"}],"version-history":[{"count":5,"href":"https:\/\/www.dorif.it\/reperes\/wp-json\/wp\/v2\/posts\/11022\/revisions"}],"predecessor-version":[{"id":11089,"href":"https:\/\/www.dorif.it\/reperes\/wp-json\/wp\/v2\/posts\/11022\/revisions\/11089"}],"wp:attachment":[{"href":"https:\/\/www.dorif.it\/reperes\/wp-json\/wp\/v2\/media?parent=11022"}],"wp:term":[{"taxonomy":"category","embeddable":true,"href":"https:\/\/www.dorif.it\/reperes\/wp-json\/wp\/v2\/categories?post=11022"},{"taxonomy":"post_tag","embeddable":true,"href":"https:\/\/www.dorif.it\/reperes\/wp-json\/wp\/v2\/tags?post=11022"}],"curies":[{"name":"wp","href":"https:\/\/api.w.org\/{rel}","templated":true}]}}