{"id":3454,"date":"2020-10-30T11:29:32","date_gmt":"2020-10-30T10:29:32","guid":{"rendered":"https:\/\/www.dorif.it\/reperes\/?p=3454"},"modified":"2022-11-10T13:39:41","modified_gmt":"2022-11-10T12:39:41","slug":"pour-une-analyse-cognitive-de-discours-twitter-comme-corpus-la-grammaire-de-construction-comme-outil","status":"publish","type":"post","link":"https:\/\/www.dorif.it\/reperes\/pour-une-analyse-cognitive-de-discours-twitter-comme-corpus-la-grammaire-de-construction-comme-outil\/","title":{"rendered":"Matthieu BACH, Pour une Analyse Cognitive de Discours. Twitter comme corpus, la grammaire de construction comme outil"},"content":{"rendered":"<div class=\"fusion-fullwidth fullwidth-box fusion-builder-row-1 nonhundred-percent-fullwidth non-hundred-percent-height-scrolling\" style=\"--awb-border-radius-top-left:0px;--awb-border-radius-top-right:0px;--awb-border-radius-bottom-right:0px;--awb-border-radius-bottom-left:0px;--awb-flex-wrap:wrap;\" ><div class=\"fusion-builder-row fusion-row\"><div class=\"fusion-layout-column fusion_builder_column fusion-builder-column-0 fusion_builder_column_1_1 1_1 fusion-one-full fusion-column-first fusion-column-last\" style=\"--awb-bg-size:cover;\"><div class=\"fusion-column-wrapper fusion-column-has-shadow fusion-flex-column-wrapper-legacy\"><div class=\"fusion-text fusion-text-1\"><h3 id=\"matthieu-bach\" style=\"text-align: center;\">Matthieu Bach<\/h3>\n<h2 id=\"-pour-une-analyse-cognitive-de\" style=\"text-align: center;\"><strong> Pour une Analyse Cognitive de Discours. Twitter comme corpus, la grammaire de construction comme outil<\/strong><\/h2>\n<\/div><div class=\"fusion-text fusion-text-2\"><div id=\"article_body\" lang=\"FR\">\n<p>&nbsp;<\/p>\n<p class=\"align_justify\"><strong>Matthieu Bach<\/strong><br \/>\nUniversit\u00e9 de Bourgogne (EA 4182)<br \/>\nmatthieubach.pro@gmail.com<\/p>\n<hr \/>\n<div class=\"box1\">\n<h4 id=\"r\u00e9sum\u00e9\"><strong>R\u00e9sum\u00e9<\/strong><\/h4>\n<p class=\"align_justify\">La pr\u00e9sente contribution se propose de poser les jalons m\u00e9thodologiques d\u2019une Analyse Cognitive de Discours en appareillant la Grammaire de Construction dite usage-based \u00e0 une approche syst\u00e9matique de corpus num\u00e9riques pour permettre une observation \u00e0 haut degr\u00e9 de granularit\u00e9 du discours, compris ici comme une structure cognitive ayant la forme d\u2019un frame discursif. L\u2019argumentation propos\u00e9e sera illustr\u00e9e par l\u2019analyse microqualitative de la construction &lt;[[X] + [sur] + [Y]]&gt;, telle que \u00ab\u00a0je suis sur Paris\u00a0\u00bb.<\/p>\n<h4 id=\"abstract\"><strong>Abstract<\/strong><\/h4>\n<p><strong>For a Cognitive Discourse Analysis. Twitter as a corpus, construction grammar as a tool<\/strong><\/p>\n<p class=\"align_justify\">The present contribution proposes to lay down the methodological foundations of a Cognitive Discourse Analysis by matching the so-called usage-based Construction Grammar with a systematic approach to digital corpora in order to allow a highly precise observation of discourse, understood here as a cognitive structure in the form of a discourse frame. The proposed argumentation will be illustrated by a micro-qualitative analysis of the construction &lt;[[X] + [sur] + [Y]]&gt;, such as &#8220;je suis sur Paris&#8221;.<\/p>\n<hr \/>\n<\/div>\n<h2 id=\"--1-el\u00e9ments-de-contexte&#091;1&#093;\" ><\/h2>\n<h2 id=\"-el\u00e9ments-de-contexte-1\">1. El\u00e9ments de Contexte<a href=\"#_ftn1\" name=\"_ftnref1\">[1]<\/a><\/h2>\n<p>&nbsp;<\/p>\n<p class=\"align_justify\">La pr\u00e9sente contribution entend d\u00e9montrer comment l\u2019analyse de discours peut se muer en une Analyse <em>Cognitive<\/em> de Discours en s\u2019appuyant sur l\u2019un des d\u00e9veloppements majeurs de la linguistique cognitive qu\u2019est la grammaire de construction (abr\u00e9g\u00e9 ci-apr\u00e8s en GxC). Les constructions (GOLDBERG, 2019\u00a0; LASCH, 2016, 2018+, abr\u00e9g\u00e9 ci-apr\u00e8s en Cx) sont des structures linguistiques et cognitives holistiques encapsulant l\u2019ensemble des connaissances individuelles et supraindividuelles en un r\u00e9seau nomm\u00e9 le constructicon (cf. LYNGFELT <em>et al.<\/em>, 2018).<\/p>\n<p class=\"align_justify\">Dans la perspective de la GxC<em> usage-based <\/em>(GOLDBERG, 2019), les Cx sont des structures strictement s\u00e9mantiques et syntaxiques qui n\u2019int\u00e8grent <em>de facto<\/em> pas de param\u00e8tres pragmatiques et discursifs. N\u00e9anmoins, la recherche r\u00e9cente (BACH, e.p.a, b) a d\u00e9montr\u00e9 le lien entre des discours et des Cx plus ou moins sp\u00e9cialis\u00e9es. On postulera donc \u00e0 la suite de ces travaux que c\u2019est \u00e0 partir du discours (<em>sensu <\/em>LONGHI 2018, cf. BACH, 2019a) qu\u2019est mobilis\u00e9e une construction au profit d\u2019une autre et que les lex\u00e8mes ou les termes sont actualis\u00e9s\u00a0; ainsi, l\u2019analyse des Cx peut servir une analyse (cognitive) du discours.<\/p>\n<p>&nbsp;<\/p>\n<h2 id=\"-introduction-\u00e0-la-grammaire-\">2. Introduction \u00e0 la grammaire de construction <em>usage-based<\/em><\/h2>\n<p>&nbsp;<\/p>\n<p class=\"align_justify\">La notion centrale des GxC est la Cx. Une Cx est un sch\u00e9ma holistique poss\u00e9dant une force conceptuelle reposant sur une structure s\u00e9mantique stabilis\u00e9e coupl\u00e9e, par le biais d\u2019une matrice cognitive de surface, \u00e0 un sch\u00e9ma formel grammatical. La Cx poss\u00e8de une fonction intentionnelle particuli\u00e8re r\u00e9pondant \u00e0 un besoin \u00e9pist\u00e9mo-linguistique dans une situation de communication particuli\u00e8re, dans une culture et \u00e0 un temps et un moment donn\u00e9s. Une Cx n\u2019est jamais isol\u00e9e, elle est toujours prise dans un r\u00e9seau de constructions (= le constructicon, LASCH, 2016 ; GOLDBERG, 2019) allant de Cx abstraites vers des Cx concr\u00e8tes, et des Cx concr\u00e8tes aux r\u00e9alisations constructionnelles mat\u00e9rielles.<\/p>\n<p class=\"align_justify\">Une Cx est classiquement d\u00e9finie en reprenant la proposition de Goldberg (2019\u00a0: 7 [ma trad., MB])\u00a0:<\/p>\n<blockquote>\n<p>Tout sch\u00e9ma linguistique est reconnu comme une construction tant qu&#8217;un aspect de sa forme ou de sa fonction n&#8217;est pas strictement pr\u00e9visible \u00e0 partir de ses composants ou d&#8217;autres constructions reconnues comme existantes. De surcro\u00eet, les sch\u00e9mas sont stock\u00e9s en tant que constructions m\u00eame s&#8217;ils sont enti\u00e8rement pr\u00e9visibles \u00e0 condition qu&#8217;ils apparaissent avec une fr\u00e9quence suffisante.<a href=\"#_ftn2\" name=\"_ftnref2\">[2]<\/a><\/p>\n<\/blockquote>\n<p class=\"align_justify\">Il s\u2019agit donc d\u2019un couple de sens et de forme ayant une fr\u00e9quence \u00e9lev\u00e9e et qui est non strictement pr\u00e9dictible (cf. \u00e9galement LASCH, 2016, 2018+) comme le sont les figements (cf. p. ex. BACH, 2019b). On notera de plus que les constituants de la Cx poss\u00e8dent des forces s\u00e9mantique et syntaxique ind\u00e9pendantes major\u00e9es par la construction elle-m\u00eame.<\/p>\n<p class=\"align_justify\">Un exemple classique de Cx est la Cx de transfert g\u00e9n\u00e9ralement g\u00e9n\u00e9r\u00e9e par le verbe ditransitif \u00ab\u00a0donner\u00a0\u00bb, comme en (i)\u00a0:<\/p>\n<blockquote>\n<p>(i) JulianeX donneTRANSFERT le livreY \u00e0 MathildeZ.<\/p>\n<\/blockquote>\n<p class=\"align_justify\">En (i), l\u2019AGENT (Juliane), le pr\u00e9dicat d\u2019ACTION actualis\u00e9 par le verbe donner, l\u2019OBJET EFFICIENT (le livre) et le BENEFACTIF (Mathilde) sont respectivement coupl\u00e9s aux r\u00f4les grammaticaux sujet, verbe, COD, COI de telle mani\u00e8re que l\u2019on peut repr\u00e9senter la construction de la fa\u00e7on suivante\u00a0:<\/p>\n<div class=\"image_center\"><img decoding=\"async\" src=\"http:\/\/dorif.it\/ezine\/upl\/3e1ffb1023b843a68a9bb4675b638be4.jpg\" alt=\"bach 1\" \/><\/div>\n<p class=\"align_justify\">Le caract\u00e8re prototypique des Cx est \u00e0 souligner\u00a0; pour la Cx de transfert, la figure 1 est son prototype, mais une telle structure de sens et de forme autorise un certain nombre de variations comme en (ii) et (iii).<\/p>\n<blockquote>\n<p>(ii) Anna-Lena a refus\u00e9 l\u2019offre d\u2019emploi de son conseiller P\u00f4le-Emploi.<\/p>\n<p class=\"align_justify\">(iii) Simone a transmis le virus \u00e0 toute sa famille.<\/p>\n<\/blockquote>\n<p class=\"align_justify\">En (ii), on constate que le BENEFACTIF (Anna-Lena) n\u2019accepte pas l\u2019objet transmis par l\u2019AGENT\u00a0; or, ceci est un des param\u00e8tres de base de la Cx de TRANSFERT. Dans une veine similaire, l\u2019exemple (iii) reprend cet \u00e9l\u00e9ment et montre \u00e9galement que l\u2019objet transmis n\u2019est pas forc\u00e9ment physique et mat\u00e9riel. La Cx s\u2019active et d\u00e9ploie son s\u00e9mantisme m\u00eame pour les exemples suivants\u00a0:<\/p>\n<blockquote>\n<p>(iv) \u00ab\u00a0vous vous approchez de votre partenaire pendant qu\u2019il(elle) est assis(e), <em>donnez-lui un baiser <\/em>sur le front. \u00bb<a href=\"#_ftn3\" name=\"_ftnref3\">[3]<\/a><\/p>\n<p class=\"align_justify\">(v) \u00ab\u00a0Le suspense \u00e9tait mince, mais <em>la confirmation a d\u00fb \u00eatre accueillie<\/em> avec soulagement du c\u00f4t\u00e9 <em>des dirigeants<\/em> de la Mitchelton-Scott. \u00bb<a href=\"#_ftn4\" name=\"_ftnref4\">[4]<\/a><\/p>\n<\/blockquote>\n<p class=\"align_justify\">On reconna\u00eet une structure relativement stable \u00ab\u00a0donner un baiser\u00a0\u00bb o\u00f9 ce qui est donn\u00e9 n\u2019est pas immuable, et une structure o\u00f9 l\u2019AGENT est un organisme international (l\u2019Union Cycliste Internationale), les BENEFACTIFS (les dirigeants de l\u2019\u00e9quipe cycliste) sont multiples et l\u2019OBJET (une d\u00e9cision) est un \u00e9l\u00e9ment volatil. Toutefois, les deux \u00e9nonc\u00e9s sont compr\u00e9hensibles gr\u00e2ce \u00e0 la <em>puissance<\/em> s\u00e9mantique apport\u00e9e par la Cx.<\/p>\n<p class=\"align_justify\">Ce qui nous int\u00e9resse dans la pr\u00e9sente contribution est la s\u00e9lection d\u2019une Cx au profit d\u2019une autre et\/ou l\u2019actualisation d\u2019un lex\u00e8me par rapport \u00e0 un autre (pourquoi l\u2019on \u00ab\u00a0donne\u00a0\u00bb et non pas l\u2019on \u00ab\u00a0jette\u00a0\u00bb un baiser\u00a0?). Lasch (2018+) propose d\u2019int\u00e9grer dans la configuration de la Cx les <em>Frame Elements <\/em>(abr\u00e9g\u00e9s ci-apr\u00e8s en FE), qui sont des composants s\u00e9mantiques du frame mobilis\u00e9 par la situation d\u2019\u00e9nonciation.<\/p>\n<p class=\"align_justify\">La notion de frame repose sur l\u2019id\u00e9e basique qu\u2019il est impossible de comprendre le sens d\u2019un mot, d\u2019une phrase, d\u2019un texte sans avoir acc\u00e8s \u00e0 diff\u00e9rentes connaissances minimales (linguistiques, \u00e9pist\u00e9miques, etc.). Ces connaissances sont continues dans un frame en ce sens qu\u2019elles sont \u00e0 disposition du frame \u00e0 tout moment et qu\u2019elles sont li\u00e9es les unes aux autres. Il s\u2019agit alors d\u2019une structure cognitive coh\u00e9rente compos\u00e9e de sous-concepts qui sans eux ne permettraient pas d\u2019acc\u00e9der \u00e0 la totalit\u00e9 s\u00e9mantique d\u2019une unit\u00e9 linguistique. Le frame est compos\u00e9 de valeurs fig\u00e9es immuables et de valeurs variables, les deux \u00e9voluant avec l\u2019exp\u00e9rience de communication. Les comparaisons entre les variables, entre le prototype de la variable et la r\u00e9alisation, etc. sont hautement pertinentes en analyse de discours (cf. ZIEM, 2008).<\/p>\n<p class=\"align_justify\">On peut d\u00e9finir les FE comme des actualisations mat\u00e9rielles d\u2019un frame plus profond s\u00e9mantiquement, pour nous il s\u2019agit du frame discursif (cf. <em>infra<\/em>)\u00a0; concr\u00e8tement, il s\u2019agit en (i) des r\u00f4les communicationnels d\u2019un individu qui donne (le DONNEUR), d\u2019un individu qui re\u00e7oit (le RECEVEUR) et d\u2019un objet (OBJET DONN\u00c9) qui est transf\u00e9r\u00e9 volontairement du DONNEUR au RECEVEUR. Ces r\u00f4les communicationnels sont stock\u00e9s dans le frame discursif et inject\u00e9s dans la Cx pour g\u00e9n\u00e9rer le construct. Sans cette injection, il ne serait pas possible de passer d\u2019une entit\u00e9 conceptuelle \u00e0 un \u00e9nonc\u00e9 linguistique comme attendu par la communaut\u00e9 langagi\u00e8re dans une situation de communication pr\u00e9cise.<\/p>\n<p class=\"align_justify\">Bien s\u00fbr, dans ces exemples simples cette int\u00e9gration n\u2019a pas grand int\u00e9r\u00eat\u00a0; en revanche, dans une approche plus globale telle que celle expos\u00e9e <em>infra<\/em> la plus-value d\u2019un tel ajout est consid\u00e9rable.<\/p>\n<p>&nbsp;<\/p>\n<h2 id=\"-du-constructicon-au-discours\">3. Du constructicon au discours<\/h2>\n<p>&nbsp;<\/p>\n<p class=\"align_justify\">Dans la perspective fonctionnelle-cognitive qui est la n\u00f4tre, il est unanimement reconnu que les Cx apparaissent sous la forme d\u2019un vaste r\u00e9seau, qui est appel\u00e9 le constructicon (cf. GOLDBERG, 2019, LASCH, 2016 pour un exemple avec les Cx non-agentives, et la Fig. 6 du pr\u00e9sent travail). Ce r\u00e9seau est une hi\u00e9rarchie organisant les connaissances du plus abstrait au plus concret de telle mani\u00e8re qu\u2019une Cx concr\u00e8te h\u00e9rite des sp\u00e9cificit\u00e9s des Cx abstraites qui l\u2019ont g\u00e9n\u00e9r\u00e9e.<\/p>\n<p class=\"align_justify\">\u00c0 cet \u00e9gard, il est fondamental de s\u2019interroger sur l\u2019organisation du r\u00e9seau et sur son utilit\u00e9 cognitive. \u00c0 la suite des travaux cit\u00e9s, nous postulons que le r\u00e9seau dispose d\u2019une organisation verticale allant du plus abstrait au plus concret\u00a0:<\/p>\n<div class=\"image_center\"><img decoding=\"async\" src=\"http:\/\/dorif.it\/ezine\/upl\/476b60d06050cc1322650646226b7c8c.jpg\" alt=\"bach 2\" \/><\/div>\n<p class=\"align_justify\">La question essentielle est d\u00e8s lors la suivante : comment le syst\u00e8me conceptuel est-il capable de s\u00e9lectionner ces diff\u00e9rentes Cx<a href=\"#_ftn5\" name=\"_ftnref5\">[5]<\/a> et comment le construct est-il correctement r\u00e9alis\u00e9, c\u2019est-\u00e0-dire comment la combinaison lexicale ad\u00e9quate est-elle s\u00e9lectionn\u00e9e parmi le vaste r\u00e9pertoire stock\u00e9 chez le locuteur natif ?<\/p>\n<p class=\"align_justify\">La solution que nous proposons implique l\u2019utilisation de l\u2019entit\u00e9 sup\u00e9rieure qu\u2019est le discours. Nous entendons le discours \u00e0 la suite de Longhi (2018) et d\u00e9veloppons son approche ph\u00e9nom\u00e9nologique pour notre objet d\u2019\u00e9tude (cf. BACH, 2019a, b) de telle mani\u00e8re que l\u2019on peut d\u00e9finir le discours comme une structure conceptuelle hautement organis\u00e9e autour de param\u00e8tres textuels, sociaux, culturels, pragmatiques et \u00e9pist\u00e9miques.<a href=\"#_ftn6\" name=\"_ftnref6\">[6]<\/a><\/p>\n<p class=\"align_justify\">Longhi (2008, 2011, 2018) d\u00e9veloppe l\u2019\u00e9cole fran\u00e7aise d\u2019analyse de discours autour de sa Th\u00e9orie des Objets Discursifs. Pour r\u00e9sumer cette th\u00e9orie, il convient de distinguer quatre notions principales\u00a0: les <em>topo\u00ef<\/em>, le sens commun, la doxa (et l\u2019id\u00e9ologie, que nous laissons de c\u00f4t\u00e9 ici).<\/p>\n<p class=\"align_justify\">Les <em>topo\u00ef <\/em>sont des atomes de sens socialement structur\u00e9s par l\u2019exp\u00e9rience sociolinguistique. R\u00e9unis en un ensemble \u00e0 l\u2019occasion de situations de communication sp\u00e9cifique, ils forment un ensemble dont le sens commun est le concept structurant. Le sens commun renvoie \u00e0 la totalit\u00e9 des structures normatives invoqu\u00e9es par les locuteurs d\u2019une communaut\u00e9 d\u2019individus dans la r\u00e9alit\u00e9 langagi\u00e8re. La doxa est chez Longhi une r\u00e9gion topique d\u00e9limit\u00e9e du sens commun.<\/p>\n<p class=\"align_justify\">Le sens commun est la porte d\u2019entr\u00e9e privil\u00e9gi\u00e9e au discours, dans la mesure o\u00f9 il r\u00e9unit des \u00e9v\u00e9nements discursifs mat\u00e9riels. Il est alors l\u2019\u00e9cho sociolinguistique de la dimension \u00e9pist\u00e9mique du discours. Selon la perspective choisie, le sens commun permet (i) aux locuteurs de comprendre le sens transf\u00e9r\u00e9 lors de l\u2019\u00e9change communicationnel, et (ii), en production, de d\u00e9ployer le sens transf\u00e9r\u00e9 de mani\u00e8re ad\u00e9quate.<\/p>\n<p class=\"align_justify\">Dans cette th\u00e9orie, le sens commun et le discours actualisent une position hautement sociale et normative, mais sont \u00e9galement le reflet d\u2019un ensemble de positions individuelles, et ce en synchronie comme en diachronie. Ce faisant, la reconstruction du sens commun n\u00e9cessite le recours \u00e0 un corpus d\u2019\u00e9nonc\u00e9s authentiques, qui actualise un discours dans une situation de communication. \u00c0 ce stade, Longhi renvoie vers la ph\u00e9nom\u00e9nologie afin de prendre en compte l\u2019ensemble de la structure pragma-s\u00e9mantique d\u00e9ploy\u00e9e, par le discours en tant que sens commun, dans la situation d\u2019\u00e9nonciation.<\/p>\n<p class=\"align_justify\">La philosophie ph\u00e9nom\u00e9nologique repousse (MERLEAU-PONTY <em>i. a. <\/em>1945) la traditionnelle dichotomie entre esprit et corps au profit d\u2019une structure ph\u00e9nom\u00e9nale unifi\u00e9e dont les constituants sont interd\u00e9pendants et significatifs. Le sens est autant le r\u00e9sultat de m\u00e9canismes cognitifs que de l\u2019accumulation de perceptions sensorielles et corporelles. Plus encore, le sens transf\u00e9r\u00e9 est la structure conceptuelle \u00e9mergente de la r\u00e9union de ces diff\u00e9rents segments de sens. Ainsi, l\u2019appr\u00e9hension du monde et des objets du monde est le r\u00e9sultat d\u2019une perspective individuelle situ\u00e9e, corporelle et \u00e9pist\u00e9mique, contrainte par l\u2019exp\u00e9rience de l\u2019environnement local de l\u2019individu et norm\u00e9e par les superstructures discursives et sociales (et culturelles).<\/p>\n<p class=\"align_justify\">L\u2019analyse de discours dans la perspective de Longhi permet pr\u00e9cis\u00e9ment de faire ressortir ces ressorts conceptuels transcendantaux et surtout interindividuels, c\u2019est-\u00e0-dire sociaux (voire culturels).<\/p>\n<p class=\"align_justify\">En repartant de cette base, nous poursuivons l\u2019id\u00e9e ph\u00e9nom\u00e9nologique d\u2019un point de vue cognitif\u00a0: cela rev\u00eat alors l\u2019id\u00e9e d\u2019une cognition incarn\u00e9e (au sens de <em>embodied<\/em>, cf. LAKOFF, JOHNSON, 1999). La cognition humaine est le reflet de l\u2019exp\u00e9rience humaine de la vie sur Terre, et en parall\u00e8le, elle contraint <em>ipso facto<\/em> l\u2019exp\u00e9rience de la vie. Cela est \u00e0 coupler \u00e0 l\u2019axiome d\u00e9sormais largement acquis que le savoir, c\u2019est la langue et r\u00e9ciproquement (ZIEM, 2008)\u00a0; or, comme la cognition repose essentiellement sur la manipulation, la combinaison et la hi\u00e9rarchisation des connaissances, on peut raisonnablement postuler que la langue fa\u00e7onne la cognition qui fa\u00e7onne l\u2019exp\u00e9rience de vie et r\u00e9ciproquement. Ainsi, l\u2019\u00e9tude de la langue permet une observation de la cognition des locuteurs et des savoirs port\u00e9s par ces derniers.<\/p>\n<p class=\"align_justify\">Cette argumentation strictement th\u00e9orique est v\u00e9rifiable selon la perspective apport\u00e9e par diverses disciplines\u00a0; pour ce qui est de la linguistique, il semble n\u00e9cessaire de faire intervenir la notion de discours afin de rester coh\u00e9rent avec la tradition s\u00e9mantique cognitive contemporaine et de permettre une repr\u00e9sentation rigoureuse de la r\u00e9alit\u00e9 cognitive. En effet, il est peu probable que les connaissances ne soient pas organis\u00e9es.<\/p>\n<p class=\"align_justify\">Ainsi, nous revendiquons la th\u00e8se que les connaissances sont d\u00e9ploy\u00e9es et organis\u00e9es en discours, que chaque discours est index\u00e9 \u00e0 un domaine socio-\u00e9conomique correspondant \u00e0 des situations de communication similaires. Ainsi, un segment d\u2019une langue naturelle (<em>sensu<\/em>potentialit\u00e9 cognitive prototypique actualis\u00e9e prototypiquement en \u00e9nonc\u00e9s) n\u2019est analysable que par la r\u00e9alit\u00e9 langagi\u00e8re exprim\u00e9e lors de situations de communication relativement similaire, compil\u00e9e en un corpus coh\u00e9rent et homog\u00e8ne\u00a0; chaque corpus est un outil permettant l\u2019observation d\u2019un discours sp\u00e9cifique (LONGHI, 2018)\u00a0; chaque discours est une structure conceptuelle organis\u00e9e autour de diff\u00e9rents param\u00e8tres linguistiques.<\/p>\n<p class=\"align_justify\">Par exemple, nous avons pu identifier parmi les discours du sensoriel (cf. pour une introduction\u00a0: BACH, e.p.a) les discours du vin (BACH, 2017) ou les discours du luxe (BACH, e.p.b). Or, l\u2019organisation humaine de ces segments de la vie socio-\u00e9conomique requiert des configurations conceptuelles et par cons\u00e9quent linguistiques particuli\u00e8res. Ces sp\u00e9cificit\u00e9s sont stock\u00e9es dans le discours, en tant qu\u2019interface entre texte et cognition (ACHARD-BAYLE, 2018).<\/p>\n<p class=\"align_justify\">Une approche contraire pourrait affirmer qu\u2019il n\u2019est pas n\u00e9cessaire de supposer l\u2019existence de ce frame discursif et que l\u2019on pourrait int\u00e9grer ces param\u00e8tres dans les Cx, en postulant l\u2019existence de Cx abstraites de type Cx discursive. Il faudrait imaginer qu\u2019une Cx soit multipli\u00e9e et stock\u00e9e autant de fois qu\u2019il existe de situations de communication n\u00e9cessitant la variation d\u2019un param\u00e8tre. Il y aurait d\u00e8s lors un probl\u00e8me de taille de m\u00e9moire. Nous suivons une th\u00e8se \u00e9conomiste du langage (cf. von POLENZ, 2008)\u00a0: dans cette approche, on assume que les Cx sont relativement abstraites et peuvent \u00eatre r\u00e9alis\u00e9es diff\u00e9remment selon les besoins des situations de communication. La m\u00eame Cx peut g\u00e9n\u00e9rer des constructs diff\u00e9rents dans des situations diff\u00e9rentes. Pour permettre cela, les frames discursifs concern\u00e9s injectent dans la r\u00e9alisation constructionnelle les param\u00e8tres conceptuels sp\u00e9cifiques permettant de g\u00e9n\u00e9rer les combinaisons lexicales ad\u00e9quates.<\/p>\n<p class=\"align_justify\">Ainsi, on aura tant\u00f4t\u00a0:<\/p>\n<blockquote>\n<p>(vi) Ce matin, je suis sur Paris.<\/p>\n<p class=\"align_justify\">(vii) Ce matin, je suis dans Paris.<\/p>\n<p class=\"align_justify\">(viii) Ce matin, je vais \u00e0 Paris.<\/p>\n<\/blockquote>\n<p class=\"align_justify\">Le sch\u00e9ma suivant (repris de BACH e.p.b) r\u00e9sume la position d\u00e9fendue dans ce travail\u00a0:<\/p>\n<div class=\"image_center\"><img decoding=\"async\" src=\"http:\/\/dorif.it\/ezine\/upl\/150eb4e993651e0856db92f9002d4ae5.jpg\" alt=\"bach 3\" \/><\/div>\n<p class=\"align_justify\">Ainsi, l\u2019analyse de constructs et l\u2019analyse des Cx permettent d\u2019observer le discours syst\u00e9matiquement et rigoureusement en remontant du texte au discours, avec la n\u00e9cessit\u00e9 d\u2019acc\u00e9der \u00e0 la r\u00e9alit\u00e9 langagi\u00e8re et communicationnelle par les corpus\u00a0; ce qui implique une r\u00e9flexion m\u00e9thodologique.<\/p>\n<p>&nbsp;<\/p>\n<h2 id=\"-\u00c9tude-de-cas-microqualitativ\">4. \u00c9tude de cas microqualitative\u00a0d\u2019une construction du fran\u00e7ais moderne g\u00e9n\u00e9ral r\u00e9alis\u00e9 sur Twitter<\/h2>\n<p>&nbsp;<\/p>\n<p class=\"align_justify\">Les sciences humaines et sociales deviennent toujours plus des sciences fond\u00e9es sur l\u2019empirisme afin de gagner en rigueur et exactitude, et se rapprochent des sciences dites dures. Dans cette qu\u00eate de la scientificit\u00e9, les bases de donn\u00e9es authentiques, organis\u00e9es et repr\u00e9sentatives de la r\u00e9alit\u00e9 prennent une importance fondamentale. C\u2019est ainsi que la discipline linguistique a pleinement exploit\u00e9 les \u00e9volutions d\u2019une de ces branches : la linguistique de corpus (traduction aussi neutre linguistiquement que th\u00e9oriquement de <em>corpus linguistics<\/em>).<\/p>\n<p class=\"align_justify\">Se sont alors d\u00e9velopp\u00e9s des super-corpus de plusieurs millions voire milliard de mots pour la plupart des principales langues naturelles (cf. RENOUF, 2007 pour un aper\u00e7u de l\u2019\u00e9volution des corpus). Dans le m\u00eame temps, des corpus ad hoc plus ou moins sp\u00e9cialis\u00e9s ont commenc\u00e9 \u00e0 \u00e9merger au fur et \u00e0 mesure que la technologie num\u00e9rique s\u2019est d\u00e9velopp\u00e9e (LOBIN, 2018) et cela a permis de simplifier et d\u2019individualiser les processus de requ\u00eates par le truchement de logiciels simples d\u2019utilisation et gratuits (cf. pour une pr\u00e9sentation LOOCK, 2016).<\/p>\n<p class=\"align_justify\">Ce faisant, la linguistique s\u2019est transform\u00e9e d\u2019une science du langage introspective en une science des donn\u00e9es (quand ce n\u2019est pas de la <em>data<\/em>\u00a0!) hors-sol, ce qui n\u2019a pas r\u00e9solu le probl\u00e8me de repr\u00e9sentativit\u00e9 des analyses et des interpr\u00e9tations linguistiques, mais seulement d\u00e9plac\u00e9 le probl\u00e8me sous couvert de la scientificit\u00e9 et de la num\u00e9risation \/ automatisation des proc\u00e9d\u00e9s analytiques. Cette linguistique des donn\u00e9es a perdu de vue l\u2019id\u00e9e m\u00eame que l\u2019\u00e9nonc\u00e9 ne saurait \u00eatre un produit hors-sol, simple suite de lettres ou de sons dans une analogie \u00e0 une ligne de code informatique faite de z\u00e9ro et de un.<\/p>\n<p class=\"align_justify\">Mukherjee (2010\u00a0: 371) fait \u00e9galement le constat d\u2019une d\u00e9rive de la linguistique de corpus\u00a0et souligne que bien que l\u2019on ne puisse que se satisfaire de l\u2019int\u00e9gration croissante des corpus en linguistique pour toutes les raisons d\u00e9taill\u00e9es jusqu\u2019\u00e0 pr\u00e9sent, il n\u2019en reste pas moins ind\u00e9niable que certaines approches sont moins pertinentes que d\u2019autres, et que le risque de s\u2019\u00e9loigner du langage au profit des chiffres est certain\u00a0:<\/p>\n<blockquote>\n<p>Pour moi, l&#8217;implication est \u00e9vidente : les linguistes qui effectuent des analyses statistiques quantitatives de donn\u00e9es de corpus (en utilisant, par exemple, le logiciel R, mais on pourrait aussi ajouter des scripts Perl ou tout autre logiciel standard pour l&#8217;analyse de corpus) ne s&#8217;int\u00e9ressent pas vraiment \u00e0 la langue (ou au sens de la langue), mais ce sont des statisticiens qui se trouvent \u00e0 travailler avec des donn\u00e9es linguistiques.<a href=\"#_ftn7\" name=\"_ftnref7\">[7]<\/a> (MUKHERJEE 2010 : 374 [ma trad., MB])<\/p>\n<\/blockquote>\n<p class=\"align_justify\">Il y a donc un d\u00e9veloppement en deux parties pour les corpus qui se profilent pour les ann\u00e9es \u00e0 venir (MUKHERJEE 2010\u00a0: 376).<\/p>\n<blockquote>\n<p>(i) Les corpus vont prendre, d\u2019un c\u00f4t\u00e9, une coloration transversale (comme nous l\u2019avons soulign\u00e9 <em>supra<\/em>) et irriguer tous les champs des sciences du langage. Il s\u2019agira davantage d\u2019une m\u00e9thode\u00a0: cr\u00e9ation d\u2019un protocole de collecte, collecte de donn\u00e9es, valorisation des donn\u00e9es \u00e0 partir de th\u00e9ories, etc.<\/p>\n<p class=\"align_justify\">(ii) D\u2019un autre c\u00f4t\u00e9, la linguistique de corpus va se constituer en discipline et d\u00e9velopper son propre corpus th\u00e9orique. L\u2019enjeu consiste alors en l\u2019articulation de la m\u00e9thode ou la m\u00e9thodologie de corpus avec l\u2019analyse linguistique, qui tend de plus en plus \u00e0 \u00eatre orient\u00e9e vers des questions cognitives.<\/p>\n<\/blockquote>\n<p class=\"align_justify\">L\u2019\u00e9nonc\u00e9 est, on l\u2019a vu, un produit ph\u00e9nom\u00e9nologique, incarn\u00e9 et situ\u00e9 (LAKOFF, JOHNSON, 1999), devant \u00eatre examin\u00e9 en tant que tel et par cons\u00e9quent \u00eatre remis dans son contexte <em>lato sensu<\/em>. Il convient donc de manipuler avec prudence les bases de donn\u00e9es et de conf\u00e9rer au crit\u00e8re de repr\u00e9sentativit\u00e9 des donn\u00e9es vis-\u00e0-vis de l\u2019objet d\u2019\u00e9tude (BIBER, 1993) un r\u00f4le primordial dans la constitution des corpus. Cette n\u00e9cessit\u00e9 impose \u00e9galement de ne pas s\u2019attaquer \u00e0 des corpus de plusieurs millions de mots, illisibles aux yeux humains, et que seul un logiciel puisse traiter, au risque de mettre en p\u00e9ril la qualit\u00e9 de l\u2019analyse (cf. l\u2019\u00e9loquent argumentaire de ADAMZIK 2016\u00a0: 317) qui montre par l\u2019exemple les variations observables entre diff\u00e9rents logiciels ne serait-ce que pour le comptage des mots d\u2019un texte simple).<\/p>\n<p class=\"align_justify\">Ce faisant il convient de marquer la distinction entre la linguistique <em>de<\/em> corpus et la linguistique <em>du<\/em> corpus \u00e0 la suite de Mukherjee (2010). Cette derni\u00e8re est une approche hypoth\u00e9tico-d\u00e9ductive visant \u00e0 la collecte de donn\u00e9es en fonction d\u2019une hypoth\u00e8se g\u00e9n\u00e9rale de recherche. Une premi\u00e8re observation du corpus permet de raffiner la probl\u00e9matique et \u00e9ventuellement de proposer des questions de recherche plus pr\u00e9cises, afin de s\u2019orienter vers l\u2019une ou l\u2019autre des th\u00e9ories linguistiques. Cette premi\u00e8re phase inductive est suivie d\u2019une \u00e9tape d\u00e9ductive, o\u00f9 les analyses sont men\u00e9es en accord avec les th\u00e9ories choisies au pr\u00e9alable. Une telle fa\u00e7on de faire permet, de plus, d\u2019\u00e9valuer les th\u00e9ories au regard de la r\u00e9alit\u00e9 langagi\u00e8re. Cette approche peut alors \u00eatre qualifi\u00e9e de <em>human-based<\/em> et ne laisse pas la cl\u00e9 de l\u2019analyse aux ordinateurs et aux programmes informatiques, m\u00eame si elle s\u2019en sert \u00e0 certains \u00e9gards.<\/p>\n<p class=\"align_justify\">Le corpus est d\u00e8s lors compris comme une collection d\u2019\u00e9nonc\u00e9s similaires trait\u00e9s pour \u00eatre analysables et stock\u00e9s num\u00e9riquement. Le corpus, dans notre perspective, s\u2019enrichit de donn\u00e9es extralinguistiques, communicationnelles, environnementales, de telle mani\u00e8re que la finitude de la collection ne correspond pas \u00e0 la finitude conceptuelle du corpus. Celui-ci devient \u00ab\u00a0sans fronti\u00e8re\u00a0\u00bb (LONGHI 2018\u00a0: 38\u201368) et permet un passage permanent entre l\u2019\u00e9nonc\u00e9 et son co(n)texte.<\/p>\n<p class=\"align_justify\">En d\u2019autres termes, la linguistique du corpus est une linguistique outill\u00e9e qui, en rempla\u00e7ant le Stabilo d\u2019autrefois, rend l\u2019analyse plus rapide, la d\u00e9tection de r\u00e9currences plus efficace et plus rigoureuse\u00a0; bref, l\u2019outil informatique, quel que soit le logiciel employ\u00e9, est une aide \u00e0 l\u2019analyse dans ce qu\u2019elle a de fastidieux. Cela fait, l\u2019interpr\u00e9tation revient au linguiste, qui seul peut atteindre le degr\u00e9 de granularit\u00e9 le plus \u00e9lev\u00e9 dans l\u2019observation de ph\u00e9nom\u00e8nes langagiers<em> a fortiori<\/em> s\u00e9mantiques. Et comme la langue est davantage un vecteur de sens \u2013 nous transf\u00e9rons bien des informations pour atteindre un but sociocommunicatif \u2013 qu\u2019un vecteur de forme, c\u2019est l\u2019analyse du sens qui doit primer sur la forme, de telle mani\u00e8re que la forme refl\u00e8te le sens et non l\u2019inverse). Cette finesse d\u2019analyse ne peut pas \u00eatre atteinte par l\u2019outil informatique sauf s\u2019il a d\u00e9j\u00e0 \u00e9t\u00e9 programm\u00e9 pour identifier le ph\u00e9nom\u00e8ne langagier, auquel cas l\u2019int\u00e9r\u00eat de l\u2019analyse linguistique s\u2019amoindrit.<\/p>\n<p class=\"align_justify\">La linguistique du corpus se veut donc \u00eatre une linguistique raisonn\u00e9e se fondant sur des corpus plus ou moins sp\u00e9cialis\u00e9s \u00e0 taille humaine, o\u00f9 l\u2019analyste reste le linguiste en tant qu\u2019expert du mat\u00e9riel langagier (cf. notre argumentaire <em>in<\/em> BACH, 2019a, e.p.a et GAUTIER <em>et al<\/em>. 2019) pouvant \u00eatre accompagn\u00e9 d\u2019un expert de la sp\u00e9cialit\u00e9, <em>modulo<\/em> le degr\u00e9 de sp\u00e9cialisation du corpus \u00e9tudi\u00e9.<\/p>\n<p class=\"align_justify\">La figure 4 r\u00e9sume le protocole d\u2019\u00e9tude esquiss\u00e9 dans cette introduction\u00a0\u00e0 la linguistique du corpus\u00a0:<\/p>\n<div class=\"image_center\"><img decoding=\"async\" src=\"http:\/\/dorif.it\/ezine\/upl\/5eadf5c77d8e573d57fec9157e53c723.jpg\" alt=\"bach 4\" \/><\/div>\n<h3 id=\"1-twitter-comme-corpus\">4.1 Twitter comme Corpus<\/h3>\n<p class=\"align_justify\">Ainsi, nous employons ici Twitter<a href=\"#_ftn8\" name=\"_ftnref8\">[8]<\/a> non pas comme un corpus de r\u00e9f\u00e9rence, ni comme un corpus poss\u00e9dant une quelconque l\u00e9gitimit\u00e9 sur <em>le <\/em>fran\u00e7ais, mais comme un r\u00e9servoir d\u2019exemples <em>r\u00e9els<\/em> et comme terreau objectif et <em>connect\u00e9<\/em> \u00e0 la r\u00e9alit\u00e9 langagi\u00e8re, d\u2019o\u00f9 peuvent germer des constatations linguistiques menant des th\u00e9ories qui se devront d\u2019\u00eatre valid\u00e9es empiriquement sur des corpus plus homog\u00e8nes repr\u00e9sentatifs de la langue telle qu\u2019elle est effectivement utilis\u00e9e par les locuteurs.<a href=\"#_ftn9\" name=\"_ftnref9\">[9]<\/a> Il nous faut donc convenir que les \u00e9nonc\u00e9s collect\u00e9s sur Twitter ne correspondent qu\u2019\u00e0 une partie de la potentialit\u00e9 socio-linguistico-\u00e9pist\u00e9mique de la langue fran\u00e7aise ; d\u00e8s lors, ces \u00e9nonc\u00e9s repr\u00e9sentent un \u00e9chantillon de la langue fran\u00e7aise et ne sont donc pas repr\u00e9sentatifs de cette derni\u00e8re dans sa totalit\u00e9.<\/p>\n<h3 id=\"2-protocole-d\u2019analyse\">4.2 Protocole d\u2019analyse<\/h3>\n<p class=\"align_justify\">Dans ce contexte, nous proposons le protocole d\u2019analyse suivant. \u00c0 partir d\u2019un corpus g\u00e9n\u00e9ral de tweets, il convient de faire un premier tri afin de retirer le bruit, c\u2019est-\u00e0-dire les \u00e9l\u00e9ments ne r\u00e9pondant pas aux crit\u00e8res de qualit\u00e9 du corpus. Dans notre cas, il s\u2019agit de retirer les tweets en langue \u00e9trang\u00e8re ou qui emploient la proposition \u00ab\u00a0sur\u00a0\u00bb dans son sens traditionnel\u00a0:<\/p>\n<ol>\n<li class=\"align_justify\">Los casos nuevos de coronavirus en Corea del <em>Sur<\/em> caen por debajo de 30 por tercer d\u00eda consecutivo<\/li>\n<li class=\"align_justify\">Salut tu n&#8217;aurais pas des infos <em>sur <\/em>Dijon ?<\/li>\n<li>Petite vanne <em>sur<\/em> Marseille mais largement sa place dans club l\u00e9gendaire<\/li>\n<\/ol>\n<p class=\"align_justify\">Une fois ce nettoyage r\u00e9alis\u00e9, il convient de proc\u00e9der \u00e0 une analyse en \u00ab\u00a0premi\u00e8re lecture\u00a0\u00bb, il s\u2019agit de faire un nouveau tri, cette fois qualitatif, afin de s\u00e9lectionner les \u00e9l\u00e9ments qui correspondront au corpus d\u2019\u00e9tude. Le degr\u00e9 de granularit\u00e9 de ce tri correspond au degr\u00e9 de qualit\u00e9 du corpus et assure <em>de facto<\/em> le degr\u00e9 de qualit\u00e9 de l\u2019analyse et du travail final.<\/p>\n<p class=\"align_justify\">On remarquera que le corpus <em>ad hoc<\/em> peut rev\u00eatir un caract\u00e8re plus ou moins sp\u00e9cialis\u00e9 selon les crit\u00e8res de s\u00e9lection des composants du corpus\u00a0: \u00e0 partir d\u2019un corpus tout \u00e0 fait g\u00e9n\u00e9ral, il est possible de ne s\u00e9lectionner que les tweets relevant de la branche du vin. Le corpus d\u2019\u00e9tude sera <em>ipso facto<\/em> relativement sp\u00e9cialis\u00e9. Il est ensuite possible de ne s\u00e9lectionner que les tweets r\u00e9dig\u00e9s par des \u00ab\u00a0experts\u00a0\u00bb, ce qui permet de d\u00e9placer le curseur du continuum du sp\u00e9cialis\u00e9 vers le \u00ab\u00a0plut\u00f4t tr\u00e8s sp\u00e9cialis\u00e9\u00a0\u00bb. Le corpus <em>ad hoc<\/em> repr\u00e9sente d\u00e8s lors l\u2019\u00e9chantillon de la r\u00e9alit\u00e9 langagi\u00e8re que le chercheur souhaite analyser.<\/p>\n<p class=\"align_justify\">Cette \u00e9tape fastidieuse, mais fondamentale r\u00e9alis\u00e9e, l\u2019\u00e9tude peut entrer dans sa phrase analytique.<\/p>\n<p class=\"align_justify\">L\u2019analyse du corpus \u2013 quel que soit l\u2019objectif final de l\u2019\u00e9tude\u00a0: morphologique, textuel, discursif, etc. \u2013 n\u00e9cessite \u00e9galement un protocole d\u2019analyse sp\u00e9cifique \u00e0 l\u2019objectif d\u2019\u00e9tude ce qui permet de r\u00e9pliquer l\u2019analyse et lui assure un haut degr\u00e9 de scientificit\u00e9 (cf. POPPER, 1945, KUHN, 1962). On pourra ainsi partager le protocole d\u2019analyse sur des plateformes de partage telle que OSF (<em>Open Science Network<\/em>)<a href=\"#_ftn10\" name=\"_ftnref10\">[10]<\/a>.<\/p>\n<p class=\"align_justify\">Il convient ensuite d\u2019am\u00e9liorer ledit protocole d\u2019analyse voire l\u2019appareil th\u00e9orique afin d\u2019am\u00e9liorer l\u2019ensemble de l\u2019\u00e9tude. Pour un exemple d\u2019\u00e9volution du protocole d\u2019analyse en s\u00e9mantique propositionnelle, car la premi\u00e8re version ne permettait pas d\u2019acc\u00e9der \u00e0 la totalit\u00e9 de la structure s\u00e9mantique, cf. les \u00e9tudes de Bach (2017, soumis).<\/p>\n<p class=\"align_justify\">Cette \u00e9tape th\u00e9orique interm\u00e9diaire am\u00e9liore le mat\u00e9riel analytique et permet de r\u00e9aliser une seconde \u00e9tude, qui sera cette fois finale. Cette \u00e9tude se doit de prendre en compte le contexte d\u2019\u00e9nonciation (c\u2019est-\u00e0-dire l\u2019environnement<a href=\"#_ftn11\" name=\"_ftnref11\">[11]<\/a> <em>lato sensu<\/em>, la situation de communication en elle-m\u00eame, l\u2019architecture socioconceptuelle d\u00e9ploy\u00e9e, etc.) et le cotexte, c\u2019est-\u00e0-dire l\u2019environnement phrastique imm\u00e9diat. Cela est en effet n\u00e9cessaire dans la mesure o\u00f9 nous nous positionnons dans la perspective discursive de Longhi (2018) et, donc, de la philosophie ph\u00e9nom\u00e9nologique de Merleau-Ponty (1945) et cognitive de Lakoff et Johnson (1999).<\/p>\n<p class=\"align_justify\">Le produit de cette analyse est le produit final sur lequel se base l\u2019interpr\u00e9tation linguistique et, <em>modulo<\/em> le degr\u00e9 de sp\u00e9cialisation du corpus, l\u2019interpr\u00e9tation de la perspective du sp\u00e9cialis\u00e9.<\/p>\n<p class=\"align_justify\">La cons\u00e9quence imm\u00e9diate et \u00e9vidente est la prise en compte de ces donn\u00e9es extralinguistiques dans l\u2019analyse. Pour dresser un parall\u00e8le avec la <em>Grounded Theory<\/em> (GLASER, STRAUSS 1967), les donn\u00e9es extralinguistiques et les donn\u00e9es linguistiques sont dans un m\u00eame rapport que les donn\u00e9es et la th\u00e9orie : les premi\u00e8res enrichissent les secondes. Dans cette perspective, les mod\u00e8les th\u00e9oriques ne sont r\u00e9alis\u00e9s qu\u2019\u00e0 partir de la r\u00e9alit\u00e9 langagi\u00e8re\u00a0; ce sont les donn\u00e9es exp\u00e9rimentales qui fa\u00e7onnent l\u2019outil th\u00e9orique. De ce dernier d\u00e9coule un outil analytique, qui sert \u00e0 l\u2019analyse des donn\u00e9es. Il s\u2019agit alors d\u2019une phase test. Une fois la th\u00e9orie et l\u2019outil valid\u00e9s, il est possible d\u2019abord d\u2019am\u00e9liorer l\u2019un ou l\u2019autre, puis d\u2019\u00e9largir le corpus et\/ou de le diversifier pour syst\u00e9matiser la th\u00e9orie ou l\u2019analyse. Le corpus dispose dans cette perspective d\u2019un r\u00f4le pr\u00e9pond\u00e9rant permettant d\u2019aboutir \u00e0 une augmentation significative de la scientificit\u00e9 et de la rigueur des travaux.<\/p>\n<p class=\"align_justify\">Ayant pris ces pr\u00e9cautions et en ayant en t\u00eate ces param\u00e8tres m\u00e9thodologiques, nous nous proposons de mettre en \u00e9vidence une Cx du fran\u00e7ais : &lt;[[X] + [sur] + [Y]]&gt;.<\/p>\n<h3 id=\"3-exemple-d\u2019analyse12\">4.3 Exemple d\u2019analyse<a href=\"#_ftn12\" name=\"_ftnref12\">[12]<\/a><\/h3>\n<p class=\"align_justify\">Dans cette section, nous \u00e9tudions la Cx &lt;[[X] + [sur] + [Y]]&gt;, o\u00f9 X est un verbe (de position ou de mouvement) associ\u00e9e \u00e0 la pr\u00e9position \u00ab\u00a0sur\u00a0\u00bb suivi de Y qui est un lieu. L\u2019exemple prototypique pour l\u2019expression de la position est \u00ab\u00a0je suis sur Paris\u00a0\u00bb, pour l\u2019expression du mouvement \u00ab\u00a0je vais sur Paris\u00a0\u00bb. S\u2019il est difficile de dater l\u2019\u00e9mergence de cette Cx, il convient de constater que son emploi n\u2019est pas r\u00e9cent\u00a0; par exemple, Olivier de Kersauson employait ponctuellement la Cx \u00ab\u00a0[[X] + [sur Paris]]\u00a0\u00bb dans les \u00e9missions des ann\u00e9es 1990 des <em>Grosses T\u00eates<\/em> sur RTL.<\/p>\n<h4 id=\"31-de-l\u2019usage-de-la-construc\">4.3.1. De l\u2019usage de la construction &lt;[[X] + [sur] + [Y]]&gt;<\/h4>\n<p class=\"align_justify\">L\u2019Acad\u00e9mie Fran\u00e7aise rejette n\u00e9anmoins l\u2019emploi de la Cx et s\u2019en explique dans un article reproduit <em>verbatim<\/em>\u00a0:<\/p>\n<blockquote>\n<p>La pr\u00e9position sur ne peut traduire qu\u2019une id\u00e9e de position, de sup\u00e9riorit\u00e9, de domination, et ne doit en aucun cas \u00eatre employ\u00e9e \u00e0 la place de \u00e0 ou de en pour introduire un compl\u00e9ment de lieu d\u00e9signant une r\u00e9gion, une ville et, plus g\u00e9n\u00e9ralement, le lieu o\u00f9 l\u2019on se rend, o\u00f9 l\u2019on se trouve. (ACADEMIE FRAN\u00c7AISE 2011)<\/p>\n<\/blockquote>\n<p class=\"align_justify\">Le premier exemple contrastif donn\u00e9 \u00e9tant \u00ab\u00a0je suis \u00e0 Paris\u00a0\u00bb (emploi accept\u00e9) et \u00ab\u00a0je suis sur Paris\u00a0\u00bb (m\u00e9semploi).<\/p>\n<p class=\"align_justify\">Entre la r\u00e8gle de l\u2019Acad\u00e9mie et l\u2019emploi, il est fondamental de se tourner vers un corpus pour appr\u00e9cier l\u2019usage r\u00e9el de cette Cx. Ainsi, Twitter comme corpus dynamique offre un acc\u00e8s \u00e0 la r\u00e9alit\u00e9 langagi\u00e8re dans un \u00e9tat d\u2019instantan\u00e9it\u00e9 que l\u2019on pourrait qualifier d\u2019hypersynchronique.<\/p>\n<p class=\"align_justify\">Une premi\u00e8re \u00e9tude (BACH 2019c) a mis en \u00e9vidence la Cx \u00ab\u00a0[[X] + [sur Paris]]\u00a0\u00bb, puis a montr\u00e9 dans un second temps que cette Cx n\u2019est pas exclusivement r\u00e9serv\u00e9e \u00e0 la capitale, mais qu\u2019elle est \u00e9galement employ\u00e9e pour d\u2019autres villes fran\u00e7aises :<\/p>\n<blockquote>\n<p>(1) Apr\u00e8s un passage <em>sur Nantes<\/em> puis Angers, le FC Bicyclette d\u00e9barque les 7 et 8 f\u00e9vrier <em>sur Le Mans<\/em> !<a href=\"#_ftn13\" name=\"_ftnref13\">[13]<\/a><\/p>\n<p>(2) C&#8217;est bon sa : La semaine prochaine je descend <em>sur Montpelier<\/em> voir mon frere , Des bons podcast en perspective<\/p>\n<p>(3) QUEL PLAISIR DE REVENIR <em>SUR LILLE<\/em><\/p>\n<p>(4) \u00ab\u00a0dans le Centre (-43%), \u00e0 Strasbourg (-35%), en Bretagne (-34%), \u00e0 Toulouse (-30%), en Normandie (-29%) et <em>sur Lille<\/em> (-25%).\u00a0\u00bb (frTenTen17 <em>in <\/em>BACH 2019c)<\/p>\n<\/blockquote>\n<p class=\"align_justify\">On peut se demander pourquoi les locuteurs ont eu besoin d\u2019inventer une nouvelle Cx alors que la Cx canonique \u00ab\u2009verbe + \u00e0 + ville\u2009\u00bb est productive, efficace et plus \u00e9conomique, car plus courte. (4) montre qu\u2019au sein d\u2019une m\u00eame proposition il existe une diff\u00e9rence entre les pr\u00e9positions \u00ab\u2009\u00e0\u2009\u00bb et \u00ab\u2009sur\u2009\u00bb, car l\u2019action est effectu\u00e9e \u00ab\u2009\u00e0 Strasbourg\u2009\u00bb, mais \u00ab\u2009sur Lille\u2009\u00bb. On peut donc postuler une diff\u00e9rence li\u00e9e au niveau de pr\u00e9cision s\u00e9mantique voulant \u00eatre transf\u00e9r\u00e9e par le locuteur au regard de son rapport ph\u00e9nom\u00e9nal avec l\u2019entit\u00e9 g\u00e9ographique concern\u00e9e. La Cx avec \u00ab\u2009\u00e0\u2009\u00bb indique une localisation pr\u00e9cise, alors que la Cx avec \u00ab\u2009sur\u2009\u00bb semble \u00eatre moins pr\u00e9cise.<\/p>\n<p class=\"align_justify\">L\u2019analyse de ces exemples nous pousse ainsi \u00e0 proposer deux hypoth\u00e8ses discursives pour la s\u00e9lection exclusive d\u2019une Cx plut\u00f4t qu\u2019une autre (c\u2019est-\u00e0-dire l\u2019introduction du groupe pr\u00e9positionnel par la pr\u00e9position \u00ab\u00a0sur\u00a0\u00bb au profit de la pr\u00e9position \u00ab\u00a0\u00e0\u00a0\u00bb).<\/p>\n<p class=\"align_justify\">La premi\u00e8re \u00e9voqu\u00e9e ci-dessus est le mode de saisie de la localisation \u2013 c\u2019est-\u00e0-dire la mise en perspective explicite de l\u2019appr\u00e9hension cognitive du sujet sur son rapport au monde (limit\u00e9 ici \u00e0 une ville) \u2013 que le locuteur souhaite transf\u00e9rer\u00a0:<\/p>\n<ul>\n<li class=\"align_justify\">est-ce un point fixe ? Alors, on aura tendance \u00e0 employer la Cx avec \u00ab \u00e0 \u00bb ;<\/li>\n<\/ul>\n<ul>\n<li>\n<p class=\"align_justify\">est-ce un point inconnu ou possiblement mobile dans le temps\u00a0? Alors, on pr\u00e9f\u00e8rera l\u2019emploi de la Cx avec \u00ab\u00a0sur\u00a0\u00bb.<\/p>\n<\/li>\n<\/ul>\n<p class=\"align_justify\">D\u2019autres exemples attestent ce raisonnement\u00a0:<\/p>\n<blockquote>\n<p>(5) Nous voyons que sur Marseille des actions de solidarit\u00e9s sont mis en place un peu partout. Bravo \u00e0 tous.<\/p>\n<p class=\"align_justify\">(6) Ben oui si ils y en a qui veulent venir sur Marseille et qui gal\u00e8rent, si je peux vous aider dans mes capacit\u00e9s \u00ab of course \u00bb n\u2019h\u00e9sitez pas<\/p>\n<\/blockquote>\n<p class=\"align_justify\">La Cx est limit\u00e9e aux villes et pas \u00e0 d\u2019autres entit\u00e9s g\u00e9ographiques, on peut ainsi faire l\u2019hypoth\u00e8se, d\u2019un point de vue diachronique, que cette innovation linguistique suivrait la logique d\u2019expansion des grandes agglom\u00e9rations fran\u00e7aises (cf. BIAREZ, 1989 d\u2019un point de vue politique\u00a0; LE JEANNIC, 1997 d\u2019un point de vue g\u00e9ographique\u00a0; INSEE 2018 d\u2019un point de vue d\u00e9mographique).<\/p>\n<p class=\"align_justify\">Une deuxi\u00e8me hypoth\u00e8se est le degr\u00e9 de pr\u00e9cision connu par le locuteur\u00a0:<\/p>\n<ul>\n<li class=\"align_justify\">le locuteur sait-il o\u00f9 il va <em>pr\u00e9cis\u00e9ment<\/em> ? Si oui, il aura tendance \u00e0 choisir la Cx avec \u00ab\u00a0\u00e0\u00a0\u00bb\u00a0; si non, c\u2019est la Cx avec \u00ab\u00a0sur\u00a0\u00bb qui tendra \u00e0 \u00eatre s\u00e9lectionn\u00e9e\u00a0;<\/li>\n<\/ul>\n<ul>\n<li>\n<p class=\"align_justify\">le locuteur a-t-il <em>vraiment<\/em> l\u2019intention de ne rester qu\u2019\u00e0 un point pr\u00e9cis de la ville dans laquelle il se rend\u00a0? Si oui, la Cx avec \u00ab\u00a0\u00e0\u00a0\u00bb sera plut\u00f4t s\u00e9lectionn\u00e9e\u00a0; si non, c\u2019est la Cx avec \u00ab\u00a0sur\u00a0\u00bb qui prendra le dessus.<\/p>\n<\/li>\n<\/ul>\n<p class=\"align_justify\">Au-del\u00e0 de la manipulation, de la transformation et du transfert d\u2019informations conceptuelles, il nous faut ajouter un \u00e9clairage pragma-situationnel (autrement dit, l\u2019intention du locuteur) pour l\u2019analyse de la g\u00e9n\u00e9ration d\u2019une Cx.<\/p>\n<p class=\"align_justify\">Cette analyse montre bien, \u00e0 notre sens, tout l\u2019int\u00e9r\u00eat d\u2019une analyse constructionnelle et de l\u2019apport de cette derni\u00e8re dans un appareil analytique \u00e9ventuellement plus complexe, en vue d\u2019une analyse de discours empirique.<\/p>\n<p class=\"align_justify\">L\u2019analyse fine du corpus a, n\u00e9anmoins, fait ressortir un ph\u00e9nom\u00e8ne qu\u2019il nous faut remarquer\u00a0: la Cx avec \u00ab\u00a0sur\u00a0\u00bb est activ\u00e9e pour signifier non seulement le d\u00e9placement, mais \u00e9galement pour la localisation sans d\u00e9placement, tel que le met en \u00e9vidence la figure suivante.<\/p>\n<div class=\"image_center\"><img decoding=\"async\" src=\"http:\/\/dorif.it\/ezine\/upl\/4bf8963c30130e2053b710d0fb211078.jpg\" alt=\"bach 5\" \/><\/div>\n<p class=\"align_justify\">Pour la recherche d\u2019appartements ou d\u2019emplois, la diff\u00e9rence entre \u00ab\u00a0sur\u00a0\u00bb et \u00ab\u00a0\u00e0\u00a0\u00bb est tout \u00e0 fait notable, car elle implique une variation discursive fondamentale. En effet, une future locataire ou propri\u00e9taire ne recherche pas la m\u00eame cat\u00e9gorie de biens si elle cherche \u00ab\u00a0\u00e0 + VILLE\u00a0\u00bb, c\u2019est-\u00e0-dire dans une r\u00e9gion plut\u00f4t centrale, en tous les cas \u00e0 l\u2019int\u00e9rieur de la ville, ou si elle cherche \u00ab\u00a0sur + VILLE\u00a0\u00bb, autrement dit la r\u00e9gion de la ville. Il en va de m\u00eame pour la recherche d\u2019emploi par exemple.<\/p>\n<p class=\"align_justify\">Pour d\u2019autres \u00e9nonc\u00e9s, comme en (7), l\u2019utilisation de \u00ab\u00a0sur\u00a0\u00bb plut\u00f4t que de \u00ab\u00a0\u00e0\u00a0\u00bb refl\u00e8te plus pr\u00e9cis\u00e9ment la r\u00e9alit\u00e9 extralinguistique de la proposition s\u00e9mantique\u00a0:<\/p>\n<blockquote>\n<p>(7) mon bb tu me manques trop grave h\u00e2te qu\u2019on se revoit sur metz .<\/p>\n<p class=\"align_justify\">(8) On organise une distribution d\u2019habits chauds pour les sans abris sur Dijon, Dole et Besan\u00e7on !<\/p>\n<\/blockquote>\n<p class=\"align_justify\">Les maraudes\u00a0ne restent jamais \u00e0 un point fixe dans une ville, elles sont dynamiques dans le temps et l\u2019espace\u00a0; l\u2019emploi de \u00ab\u00a0\u00e0\u00a0\u00bb est, semble-t-il, contre-intuitif, et c\u2019est bien la pr\u00e9position \u00ab\u00a0sur\u00a0\u00bb qui semble la plus adapt\u00e9e.<\/p>\n<p class=\"align_justify\">Il convient de souligner ici une faille dans l\u2019outil d\u2019analyse qui n\u2019\u00e9tait pas pr\u00e9vue par l\u2019objectif initial de l\u2019\u00e9tude\u00a0: la Cx a en premi\u00e8re instance \u00e9t\u00e9 observ\u00e9e pour exprimer le d\u00e9placement d\u2019un lieu \u00e0 un autre, avec la contrainte que l\u2019endroit d\u2019arriv\u00e9e soit une ville relativement importante.<\/p>\n<p class=\"align_justify\">L\u2019analyse des corpus a mis en \u00e9vidence que la Cx est actualis\u00e9e pour exprimer les d\u00e9placements dans la ville et \u00e9galement la localisation sans mouvement dans la ville.<\/p>\n<h4 id=\"32-de-la-construction-au-disco\">4.3.2. De la construction au discours et r\u00e9ciproquement<\/h4>\n<p class=\"align_justify\">L\u2019analyse constructionnelle nous permet d\u2019acc\u00e9der au discours comme lieu de stockage dynamique de connaissances multimodales. La Cx licenciant la pr\u00e9position \u00ab\u00a0sur\u00a0\u00bb permet de renvoyer dans la situation de communication une appr\u00e9hension ph\u00e9nom\u00e9nale polaris\u00e9e situationellement de l\u2019individu\u00a0:<\/p>\n<blockquote>\n<p>(9) \u00c7a serait le comble pour moi de commencer une love story sur Montpellier alors que je vais s\u00fbrement d\u00e9m\u00e9nager<\/p>\n<p class=\"align_justify\">(10) Je recherche avec mon conjoint un appartement de 40 \u00e0 50m\u00b2 sur Caen dans le secteur Calvaire st Pierre\/p\u00e9ricentre\/Campus1 \u00e0 louer.<\/p>\n<p class=\"align_justify\">(11) je viens de recevoir mon jogging blanc il est transparent, super faut que je le renvoie, y\u2019a t\u2019il des postes ouvertes sur Besan\u00e7on?<\/p>\n<\/blockquote>\n<p class=\"align_justify\">En (9\u201311), les locuteurs ne renvoient pas \u00e0 un point g\u00e9ographique pr\u00e9cis, mais \u00e0 une r\u00e9f\u00e9rence \u00e9pist\u00e9mique dont la d\u00e9nomination est une ville. Autrement dit, ils montrent aux interlocuteurs que leur \u00e9nonc\u00e9 n\u2019est pas born\u00e9 (conceptuellement et par cons\u00e9quent g\u00e9ographiquement), mais qu\u2019il est large, mobile, voire dynamique.<\/p>\n<p class=\"align_justify\">Le traitement discursif op\u00e9r\u00e9 avant la s\u00e9lection constructionnelle \u2013 actualis\u00e9 dans l\u2019\u00e9nonc\u00e9 \u2013 permet une prise de position de l\u2019individu dans le monde et sur les objets du monde qui le touchent\u00a0:<\/p>\n<blockquote>\n<p>(12) Il n\u2019y a pas <em>qu\u2019\u00e0 Paris<\/em> , <em>sur Montpellier<\/em> c terrible<\/p>\n<\/blockquote>\n<p class=\"align_justify\">En (12), l\u2019individu vise une entit\u00e9 g\u00e9ographique pr\u00e9cise, un point tr\u00e8s concret, c\u2019est-\u00e0-dire Paris, et l\u2019associe \u00e0 un point plus vague g\u00e9ographiquement articul\u00e9 autour d\u2019une entit\u00e9 connue, celle de Montpellier. On obtient donc une diff\u00e9rence de traitement cognitif qui s\u2019explique pragmatiquement et conceptuellement par l\u2019emploi d\u2019un signe linguistique sp\u00e9cifique refl\u00e9tant cette divergence conceptuelle dans la mat\u00e9rialit\u00e9 \u00e9nonciative du texte.<\/p>\n<p class=\"align_justify\">L\u2019analyse de discours est dans sa forme ultime une analyse des connaissances (BUSSE 2012, 2018, ZIEM, 2008)\u00a0: l\u2019ACD telle qu\u2019elle a \u00e9t\u00e9 th\u00e9oris\u00e9e ici permet une analyse textuelle des \u00e9nonc\u00e9s pour reconstruire la structure discursive permettant le transfert de connaissances entre individus. Les connaissances sont s\u00e9lectionn\u00e9es en discours (dans le frame discursif) selon les n\u00e9cessit\u00e9s de la situation de communication\u00a0; elles sont ensuite inject\u00e9es dans la r\u00e9alit\u00e9 langagi\u00e8re et communicationnelle par la mat\u00e9rialit\u00e9 d\u2019un artefact langagier, ici un texte num\u00e9rique, qui s\u2019effectue par la s\u00e9lection sp\u00e9cifique et le d\u00e9ploiement de constructions.<\/p>\n<h4 id=\"33-deux-constructions\u00a0coordon\">4.3.3. Deux constructions\u00a0coordonn\u00e9es par [sur] ?<\/h4>\n<p class=\"align_justify\">Outre, les emplois particuli\u00e8rement \u00e9loign\u00e9s du prototype de la r\u00e9alisation constructionnelle, il semblerait qu\u2019il n\u2019existe pas une Cx mais bien deux Cx g\u00e9n\u00e9rant un sens non-compositionnel relativement peu pr\u00e9dictible (sans contexte).<a href=\"#_ftn14\" name=\"_ftnref14\">[14]<\/a><\/p>\n<p class=\"align_justify\">Une premi\u00e8re Cx est d\u00e9ploy\u00e9e selon l\u2019intention du locuteur de transf\u00e9rer l\u2019id\u00e9e d\u2019un mouvement ou d\u2019une position. Il lui faut alors sp\u00e9cifier si le mouvement est dynamique (d\u2019un point A \u00e0 un point B) ou s\u2019il est local (p. ex. dans un arrondissement d\u2019une ville). La perspective \u00e9pist\u00e9mique doit \u00eatre explicit\u00e9e\u00a0: la focale \u00e9tait fix\u00e9e sur le point de d\u00e9part ou le point d\u2019arriv\u00e9e.<\/p>\n<p class=\"align_justify\">\u00c0 ce moment du d\u00e9veloppement conceptuel, la deuxi\u00e8me construction, \u00e0 savoir le groupe propositionnel signifiant la localisation, est mobilis\u00e9e. Or, il est fondamental de s\u00e9lectionner le premier composant du groupe qui est la pr\u00e9position. Les deux constructions sont alors coupl\u00e9es pour accorder le pr\u00e9dicat, ici le verbe pr\u00e9dicatif, \u00e0 la pr\u00e9position, selon les contraintes syntactico-s\u00e9mantiques des deux entit\u00e9s.<\/p>\n<p class=\"align_justify\">Les deux Cx sont \u00e0 concevoir avec une forme fixe et forme variable (un slot\u00a0: \u03b1)\u00a0:<\/p>\n<ul>\n<li class=\"align_justify\">&lt;[[X] + [\u03b1]]&gt;, qui est la construction verbale, et<\/li>\n<li>\n<p class=\"align_justify\">&lt;[[\u03b1] + [prep.] + [Y]]&gt; qui est la construction propositionnelle locative.<\/p>\n<\/li>\n<\/ul>\n<p class=\"align_justify\">Le discours entre en jeu \u00e0 cet endroit du d\u00e9veloppement conceptuel pour injecter dans ce qui n\u2019est pour l\u2019heure qu\u2019une structure relativement abstraite les atomes conceptuels contenant des informations conceptuelles g\u00e9n\u00e9r\u00e9es par la situation de communication et le genre textuel. \u03b1 est sp\u00e9cifi\u00e9 et articule les deux Cx.<\/p>\n<p class=\"align_justify\">Le d\u00e9veloppement conceptuel arrive \u00e0 son terme en stabilisant une Cx, somme des deux Cx, g\u00e9n\u00e9rant un construct : la Cx prend sa forme mat\u00e9rielle d\u00e9ploy\u00e9e dans la r\u00e9alit\u00e9 langagi\u00e8re.<a href=\"#_ftn15\" name=\"_ftnref15\">[15]<\/a><\/p>\n<p class=\"align_justify\">On peut alors repr\u00e9senter le segment du constructicon activ\u00e9 par la Cx <strong>&lt;<\/strong><strong>&lt;<\/strong>[X] +<strong>&lt;<\/strong>[sur]<strong>&gt;<\/strong>+ [Y]<strong>&gt;<\/strong><strong>&gt; <\/strong>comme suit\u00a0:<\/p>\n<p class=\"align_justify\"><img decoding=\"async\" class=\"image_inside\" src=\"http:\/\/dorif.it\/ezine\/upl\/537272243b68c69baeb3c3c6200a8beb.jpg\" alt=\"bach 6\" \/><\/p>\n<p class=\"align_justify\">Dans tous les cas, il est d\u00e9sormais impensable de consid\u00e9rer que la Cx actualis\u00e9e par la pr\u00e9position \u00ab\u00a0sur\u00a0\u00bb soit une r\u00e9alisation fautive de la langue fran\u00e7aise. Elle est bien davantage une innovation diachronique refl\u00e9tant les besoins interactionnels, discursifs et par cons\u00e9quent conceptuels des locuteurs francophones.<\/p>\n<p>&nbsp;<\/p>\n<h2 id=\"-conclusion\">5. Conclusion<\/h2>\n<p>&nbsp;<\/p>\n<p class=\"align_justify\">L\u2019objectif de la pr\u00e9sente contribution \u00e9tait de d\u00e9velopper une approche rigoureuse d\u2019analyse de discours en s\u2019appuyant sur l\u2019emploi de corpus num\u00e9riques. Nous avons ainsi propos\u00e9 un protocole d\u2019\u00e9tude reposant sur l\u2019analyse syst\u00e9matique de Cx afin d\u2019observer le discours que l\u2019on comprend ici comme un frame discursif. Nous avons nomm\u00e9 cette approche Analyse Cognitive de Discours dans la mesure o\u00f9 elle allie le socle th\u00e9orique de l\u2019AD fran\u00e7aise de Longhi (2018) aux outils d\u2019analyse et de repr\u00e9sentations cognitifs de la s\u00e9mantique cognitive.<\/p>\n<p class=\"align_justify\">Ce cadre m\u00e9thodologique a \u00e9t\u00e9 op\u00e9rationnalis\u00e9 pour une analyse syst\u00e9matique de discours num\u00e9riques tels qu\u2019ils existent sur les r\u00e9seaux sociaux comme Twitter. On a pu d\u00e9montrer que cette op\u00e9rationnalisation n\u00e9cessite une r\u00e9flexion sp\u00e9cifique sur l\u2019emploi des corpus et le d\u00e9veloppement d\u2019un protocole d\u2019analyse particulier.<\/p>\n<p class=\"align_justify\">L\u2019exemple de la Cx &lt;[[X] + [sur] + [Y]]&gt; a mis en \u00e9vidence l\u2019int\u00e9r\u00eat d\u2019une telle approche en d\u00e9montrant la fiabilit\u00e9 du protocole, nous permettant ainsi d\u2019observer que la Cx \u00e0 l\u2019\u0153uvre est en r\u00e9alit\u00e9 la coactivation de deux Cx fusionn\u00e9es\u00a0: &lt;&lt;[X] + &lt;[sur]&gt; + [Y]&gt;&gt;. Du point de vue discursif l\u2019appareil th\u00e9orique et analytique permet, \u00e0 partir de l\u2019\u00e9tude d\u2019\u00e9nonc\u00e9s pris dans leur contexte d\u2019\u00e9nonciation (i) d\u2019expliquer le ph\u00e9nom\u00e8ne, (ii) de retracer la g\u00e9n\u00e9ration cognitive du ph\u00e9nom\u00e8ne, (iii) et de repr\u00e9senter le tout. Ainsi, la g\u00e9n\u00e9ration de la Cx s\u2019explique par la mobilisation d\u2019un segment du constructicon qui s\u2019est construit diachroniquement en devenant une norme sociale, par l\u2019injection de connaissances sp\u00e9cifiques (en particulier la nature du lieu \u2013 ce doit \u00eatre une ville \u2013, la taille de la ville \u2013 ce doit \u00eatre une <em>grande<\/em> ville \u2013, etc.) et par la contrainte discursive h\u00e9rit\u00e9e de la double pression normative de la situation de communication et du genre de texte mobilis\u00e9 dans cette derni\u00e8re.<\/p>\n<p class=\"align_justify\">En utilisant un corpus compil\u00e9 sur Twitter, l\u2019\u00e9tude de cette Cx repose sur une observation fine de la r\u00e9alit\u00e9 langagi\u00e8re en hypersynchronie et le traitement d\u2019un ph\u00e9nom\u00e8ne langagier en le caract\u00e9risant par des donn\u00e9es concr\u00e8tes, r\u00e9elles, et actuelles. Le point n\u00e9gatif d\u2019une telle \u00e9tude est l\u2019aspect biais\u00e9 du corpus dans la mesure o\u00f9 il n\u2019est pas repr\u00e9sentatif de l\u2019enti\u00e8ret\u00e9 de la production langagi\u00e8re fran\u00e7aise. D\u2019autres \u00e9tudes compl\u00e9mentaires sont donc n\u00e9cessaires, et permettront de d\u00e9velopper (i) le socle m\u00e9thodologique de l\u2019Analyse Cognitive de Discours, (ii) le constructicon pour le fran\u00e7ais moderne.<\/p>\n<p class=\"align_justify\">Ces avanc\u00e9es en linguistique fondamentale pourraient b\u00e9n\u00e9ficier concr\u00e8tement, par exemple, \u00e0 l\u2019enseignement du fran\u00e7ais sur objectif sp\u00e9cifique (BACH, WAGENER, 2019). En effet, l\u2019enseignement aurait tout \u00e0 gagner en se tournant vers les corpus, comme reflets de la r\u00e9alit\u00e9 langagi\u00e8re d\u2019une langue naturelle, et vers les Cx, comme structures de sens et de forme stabilis\u00e9es et r\u00e9currentes dans cette r\u00e9alit\u00e9 langagi\u00e8re.<\/p>\n<p>&nbsp;<\/p>\n<h2 id=\"r\u00e9f\u00e9rences-bibliographiques\">R\u00e9f\u00e9rences bibliographiques<\/h2>\n<p>&nbsp;<\/p>\n<p class=\"align_justify\">ACADEMIE FRAN\u00c7AISE, \u00ab\u00a0sur\u00a0\u00bb <em>in<\/em> \u00ab\u00a0Dire, ne pas dire\u00a0\u00bb, <a title=\"Il link apre una nuova finestra.\" href=\"http:\/\/www.academie-francaise.fr\/sur\" target=\"_blank\" rel=\"esterno noopener noreferrer\">http:\/\/www.academie-francaise.fr\/sur<\/a>, 6 octobre 2011, (date de derni\u00e8re consultation\u00a0: 06 f\u00e9vrier 2020).<\/p>\n<p class=\"align_justify\">ACHARD-BAYLE, Guy, \u00ab Texte, discours, cognition \u00bb, <em>Semiotica<\/em>, n\u00b0 223, 2018, p. 71\u201386.<\/p>\n<p class=\"align_justify\">ADAMZIK, Kirsten, <em>Textlinguistik. Grundlagen, Kontroversen, Perspektiven. <\/em><em>2. Auflage<\/em>, Berlin, Boston, De Gruyter, <em>de Gruyter Studium<\/em>, 2016.<\/p>\n<p class=\"align_justify\">BACH, Matthieu, <em>Prototypicit\u00e9 discursive dans les discours de vente du vin. \u00c9tude contrastive fran\u00e7ais-allemand en Bourgogne et en Rh\u00e9nanie-Palatinat<\/em> [M\u00e9moire M2], Dijon, Universit\u00e9 de Bourgogne, 2017.<\/p>\n<p class=\"align_justify\">BACH, Matthieu, \u00ab\u00a0Sensorial discourse and corpus in the digital humanities era: The example of the wine language \u00bb, <em>Digital Scholarship in the Humanities<\/em>, 2019a, <a title=\"Il link apre una nuova finestra.\" href=\"https:\/\/doi.org\/10.1093\/llc\/fqz006\" target=\"_blank\" rel=\"esterno noopener noreferrer\">https:\/\/doi.org\/10.1093\/llc\/fqz006<\/a> [consult\u00e9 le 12\/07\/2020].<\/p>\n<p class=\"align_justify\">BACH, Matthieu, \u00ab\u00a0Fixit\u00e9s th\u00e9matiques et figements lexico-grammaticaux dans les discours num\u00e9riques du vin en France et en Allemagne\u00a0\u00bb, <em>Interfaces Num\u00e9riques<\/em>, n\u00b0 8, 2, p. 305\u2013322, 2019b.<\/p>\n<p class=\"align_justify\">BACH, Matthieu, \u00ab\u2009\u2018monter sur Paris\u2019 : analyses sur corpus d\u2019une nouvelle construction\u2009\u00bb, Site Internet Personnel, 2019c, en ligne\u00a0:<br \/>\n<a title=\"Il link apre una nuova finestra.\" href=\"https:\/\/matthieubach.wordpress.com\/2019\/09\/21\/%E2%80%89monter-sur-paris%E2%80%89-analyses-sur-corpus-dune-construction-du-francais-moderne\/\" target=\"_blank\" rel=\"esterno noopener noreferrer\">https:\/\/matthieubach.wordpress.com\/2019\/09\/21\/%e2%80%89monter-sur-paris%e2%80%89-analyses-sur-corpus-dune-construction-du-francais-moderne\/<\/a> [consult\u00e9 le 12\/07\/2020].<\/p>\n<p class=\"align_justify\">BACH, Matthieu, \u00ab\u00a0Fachtextmuster im Kontrast am Beispiel franz\u00f6sisch-deutscher Online-Weinbeschreibungen\u00a0\u00bb, <em>in<\/em> GAUTIER, Laurent, VARGA, Simon, SCHREIBER, Michael (\u00e9ds.), <em>Fachsprachen Kontrastiv<\/em>. Frankfurt\/Main, Peter Lang, Kontraste\/Contrastes, soumis.<\/p>\n<p class=\"align_justify\">BACH, Matthieu, \u00ab 0.\u00a0Discours sp\u00e9cialis\u00e9s du sensoriel, une introduction\u00a0\u00bb, <em>in<\/em> BACH, Matthieu (\u00e9d.), <em>Discours du Sensoriel. <\/em><em>Cognition, Exp\u00e9rience, Texte<\/em>, Berlin, Frank &amp; Timme, <em>Forum f\u00fcr FachsprachenForschung<\/em>, e. p.a.<\/p>\n<p class=\"align_justify\">BACH, Matthieu, \u00ab\u00a08. Evoquer l\u2019id\u00e9e de luxe en mobilisant des constructions de sp\u00e9cialit\u00e9. Analyses microqualitatives de descriptions de chambres de palaces parisiens \u00bb, <em>in<\/em> BACH, Matthieu (\u00e9d.), <em>Discours du Sensoriel. <\/em><em>Cognition, Exp\u00e9rience, Texte<\/em>, Berlin, Frank &amp; Timme, <em>Forum f\u00fcr FachsprachenForschung<\/em>, e. p.b.<\/p>\n<p class=\"align_justify\">BACH, Matthieu, WAGENER, Albin, \u00ab\u00a0L\u2019apprentissage du fran\u00e7ais sur objectif sp\u00e9cifique et le r\u00f4le de la terminologie \u00e0 l\u2019\u00e9preuve des discours de sp\u00e9cialit\u00e9 du vin\u00a0\u00bb, <em>Le Langage et l\u2019Homme<\/em>, n\u00b0 54, vol. 2, 2019, p. 103\u2013118.<\/p>\n<p class=\"align_justify\">BIAREZ, Sylvie, \u00ab\u00a0L\u2019\u00e9volution du d\u00e9veloppement dans les grandes villes fran\u00e7aises\u00a0\u00bb, <em>Revue internationale d\u2019action communautaire<\/em>, n\u00b0 22, 1989, p. 105\u2013115.<\/p>\n<p class=\"align_justify\">BUSSE, Dietrich, <em>Frame Semantik. Ein Kompendium<\/em>, Berlin, Boston, de Gruyter, 2012.<\/p>\n<p class=\"align_justify\">BUSSE, Dietrich, \u00ab 1. Diskurs und Wissensrahmen \u00bb, WARNKE,\u00a0Ingo H. (\u00e9d.), <em>Handbuch Diskurs<\/em>, Berlin, Boston, de Gruyter, <em>Handb\u00fccher Sprachwissen<\/em>, n\u00b0 6, 2018, p. 3\u201329.<\/p>\n<p class=\"align_justify\">DANG-AHN, Mark, <em>Protest twittern. Eine medienlinguistische Untersuchung von Stra\u00dfenprotesten<\/em>, Bielefeld, transcript Verlag, <em>Locating Media\/Situierte Medien<\/em>, n. 22, 2019.<\/p>\n<p class=\"align_justify\">BIBER, Douglas, \u00ab\u00a0Representativeness in Corpus Design\u00a0\u00bb,<em>Literary and Linguistic Computing<\/em>, vol. 8, n\u00b0 4, 1993, p. 243\u2013257, en ligne : <a title=\"Il link apre una nuova finestra.\" href=\"https:\/\/doi.org\/10.1093\/llc\/8.4.243\" target=\"_blank\" rel=\"esterno noopener noreferrer\">https:\/\/doi.org\/10.1093\/llc\/8.4.243<\/a> [consult\u00e9 le 12\/07\/2020].<\/p>\n<p class=\"align_justify\">GAUTIER, Laurent, BACH, Matthieu, MERIC, Olivier, \u00ab\u00a0Donn\u00e9es textuelles, donn\u00e9es exp\u00e9rimentales : quels apports pour une s\u00e9mantique de la sensorialit\u00e9 ?\u00a0\u00bb, Colloque PRELA 2019, Lyon, Juin, , 2019.<\/p>\n<p class=\"align_justify\">GHIGHLIONE, Rodolphe, KEKENBOSCH, Christiane, LANDRE, Agn\u00e8s,<em> L\u2019analyse cognitivo-discursive<\/em>, Grenoble, Presses Universitaires de Grenoble, <em>La psychologie en plus<\/em>, 1995.<\/p>\n<p class=\"align_justify\">GLASER, Barney G., STRAUSS d\u2019Anselm L., <em>The Discovery of Grounded Theory: Strategies for Qualitative Research<\/em>, Hawthorne, Aldine de Gruyter, 1967.<\/p>\n<p class=\"align_justify\">GOLDBERG, Adele E., <em>Explain me this<\/em>. <em>Creativity, Competition, and the Partial Productivity of Constructions<\/em>, Princeton, Oxford, Princeton University Press, 2019.<\/p>\n<p class=\"align_justify\">INSEE, \u00ab\u00a0Entre 2011 et 2016, les grandes aires urbaines portent la croissance d\u00e9mographique fran\u00e7aise\u00a0\u00bb, <em>INSEE FOCUS<\/em>, n\u00b0 138, 2018, en ligne\u00a0: <a title=\"Il link apre una nuova finestra.\" href=\"https:\/\/www.insee.fr\/fr\/statistiques\/3682672\" target=\"_blank\" rel=\"esterno noopener noreferrer\">https:\/\/www.insee.fr\/fr\/statistiques\/3682672<\/a>[consult\u00e9 le 12\/07\/2020].<\/p>\n<p class=\"align_justify\">KUHN, Thomas S., <em>The Structure of Scientific Revolutions<\/em>, Chicago, University of Chicago Press, 1962.<\/p>\n<p class=\"align_justify\">LAKOFF, Georges, JOHNSON, Mark, <em>Philosophy in the Flesh<\/em>, New York, Basic Books, 1999.<\/p>\n<p class=\"align_justify\">LASCH, Alexander, <em>Nonagentive Konstruktionen des Deutschen<\/em>, Berlin, Boston, de Gruyter, <em>Sprache und Wissen<\/em>, n\u00b0 25, 2016.<\/p>\n<p class=\"align_justify\">LASCH, Alexander, <em>\u00dcberlegungen zu Konstruktionen als Bedeutungsformpaaren<\/em>, https:\/\/www.gls-dresden.de\/tag\/bedeutungsformpaar, 2018+. [le signe + est une convention demand\u00e9e par l\u2019auteur et indique que le document est en \u00e9volution constante depuis sa cr\u00e9ation]<\/p>\n<p class=\"align_justify\">LE JEANNIC, Thomas, \u00ab\u00a0Trente ans de periurbanisation : extension et dilution des villes\u00a0\u00bb, <em>Economie et statistique<\/em>, n. 307, p. 21\u201341, DOI : 10.3406\/estat.1997.2578, 1997.<\/p>\n<p class=\"align_justify\">LOBIN, Henning, <em>Digital und Vernetzt. Das neue Bild der Sprache<\/em>, Stuttgart, J.B. Metzler, 2018.<\/p>\n<p class=\"align_justify\">LONGHI, Julien, <em>Objets discursifs et doxa. Essai de s\u00e9mantique discursive<\/em>, Paris, L\u2019Harmattan, <em>S\u00e9mantiques<\/em>, 2008.<\/p>\n<p class=\"align_justify\">LONGHI, Julien, <em>Vis\u00e9es discursives et dynamiques du sens commun<\/em>, Paris, L\u2019Harmattan, <em>S\u00e9mantiques<\/em>, 2011.<\/p>\n<p class=\"align_justify\">LONGHI, Julien,<em> Du discours comme champ au corpus comme terrain. Contribution m\u00e9thodologique \u00e0 l\u2019analyse s\u00e9mantique du discours<\/em>, Paris, L\u2019Harmattan, <em>Humanit\u00e9s Num\u00e9riques<\/em>, 2018.<\/p>\n<p class=\"align_justify\">LONGHI, Julien, \u00ab\u00a0Explorer des corpus de tweets : du traitement informatique \u00e0 l\u2019analyse discursive complexe\u00a0\u00bb, <em>Corpus<\/em>, n\u00b0 20, 2020, en ligne\u00a0:<br \/>\n<a title=\"Il link apre una nuova finestra.\" href=\"https:\/\/journals.openedition.org\/corpus\/4567\" target=\"_blank\" rel=\"esterno noopener noreferrer\">https:\/\/journals.openedition.org\/corpus\/4567<\/a> [consult\u00e9 le 12\/07\/2020].<\/p>\n<p class=\"align_justify\">LOOCK, Rudy,<em> La traductologie de corpus<\/em>, Lille, Presses du Septentrion, <em>Traductologie<\/em>, 2016.<\/p>\n<p class=\"align_justify\">LYNGFELT, Benjamin, BORIN, Lars, OHARA, Kyoko, TIMPONI TORRENT, Tiago (\u00e9ds.), <em>Constructicography. Constructicon development across languages<\/em>, Amsterdam, Philadelphie, John Benjamins, <em>Constructional Approaches to Language<\/em>, n\u00b0 22, 2018.<\/p>\n<p class=\"align_justify\">MERLEAU-PONTY, Maurice, <em>Ph\u00e9nom\u00e9nologie de la perception<\/em>, Paris, Gallimard, Biblioth\u00e8que des id\u00e9es, 1945.<\/p>\n<p class=\"align_justify\">MUKHERJEE, Joybrato, \u00ab\u00a0Corpus linguistics versus corpus dogmatism \u2013 <em>pace<\/em> Wolfgang Teubert\u00a0\u00bb, <em>International Journal of Corpus Linguistics<\/em>, n\u00b0 15, vol. 3, 2010, p. 370\u2013378.<\/p>\n<p class=\"align_justify\">PAVEAU, Marie-Anne, \u00ab Analyse discursive des r\u00e9seaux sociaux num\u00e9riques \u00bb, <em>in<\/em> Dictionnaire d\u2019analyse du discours num\u00e9rique, Technologies discursives [Carnet de recherche], 2013, en ligne\u00a0: <a title=\"Il link apre una nuova finestra.\" href=\"http:\/\/technodiscours.hypotheses.org\/?p=431\" target=\"_blank\" rel=\"esterno noopener noreferrer\">http:\/\/technodiscours.hypotheses.org\/?p=431<\/a> [consult\u00e9 le 12\/07\/2020].<\/p>\n<p class=\"align_justify\">VON POLENZ, Peter, <em>Deutsche Satzsemantik. Grundbegriffe des Zwischen-den-Zeilen-Lesens, 3. <\/em><em>Auflage<\/em>, Berlin, New York, de Gruyter, de Gruyter Studienbuch, 2008.<\/p>\n<p class=\"align_justify\">POPPER, Karl, <em>The Open Society and Its Enemies<\/em>, London, Routledge, 1945.<\/p>\n<p class=\"align_justify\">RENOUF, Antoinette, \u00ab Corpus development 25 years on: from super-corpus to cybercorpus\u00a0\u00bb, <em>in<\/em>FACCHINETTI, Roberta (\u00e9d.), <em>Corpus Linguistics 25 Years on<\/em>, Amsterdam, New York, Rodopi, 2007, p. 27\u201350.<\/p>\n<p class=\"align_justify\">ZIEM, Alexander, <em>Frames und sprachliches Wissen. Kognitive Aspekte der semantischen Kompetenz<\/em>, Berlin, New York, de Gruyter, <em>Sprache und Wissen<\/em>, n\u00b0 2, 2008.<\/p>\n<hr \/>\n<\/div>\n<div id=\"article_notes\">\n<p class=\"note\"><a href=\"#_ftnref1\" name=\"_ftn1\">[1]<\/a><br \/>\nNous tenons \u00e0 remercier ici les deux relecteurs anonymes qui, par leurs critiques constructives, ont permis d\u2019am\u00e9liorer grandement le pr\u00e9sent travail.<\/p>\n<p class=\"note\"><a href=\"#_ftnref2\" name=\"_ftn2\">[2]<\/a><br \/>\nAny linguistic pattern is recognized as a construction as long as some aspect of its form or function is not strictly predictable from its component parts or from other constructions recognized to exist. In addition, patterns are stored as constructions even if they are fully predictable as long as they occur with sufficient frequency.<\/p>\n<p class=\"note\"><a href=\"#_ftnref3\" name=\"_ftn3\">[3]<\/a><br \/>\n<a title=\"Il link apre una nuova finestra.\" href=\"https:\/\/laviedesreines.com\/amour\/comment-embrasser-les-secrets-du-baiser-parfait\/\" target=\"_blank\" rel=\"esterno noopener noreferrer\">https:\/\/laviedesreines.com\/amour\/comment-embrasser-les-secrets-du-baiser-parfait\/<\/a> (28 d\u00e9cembre 2019).<\/p>\n<p class=\"note\"><a href=\"#_ftnref4\" name=\"_ftn4\">[4]<\/a><br \/>\n<a title=\"Il link apre una nuova finestra.\" href=\"https:\/\/www.eurosport.fr\/cyclisme\/mitchelton-scott-confirmee-en-world-tour-pour-2020_sto7573792%0B\/story.shtml\" target=\"_blank\" rel=\"esterno noopener noreferrer\">https:\/\/www.eurosport.fr\/cyclisme\/mitchelton-scott-confirmee-en-world-tour-pour-2020_sto7573792<br \/>\n\/story.shtml<\/a> (28 d\u00e9cembre 2019).<\/p>\n<p class=\"note\"><a href=\"#_ftnref5\" name=\"_ftn5\">[5]<\/a><br \/>\nLe d\u00e9veloppement conceptuel aurait pu s\u00e9lectionner la construction transitive avec marquage sp\u00e9cifique du b\u00e9n\u00e9factif (p. ex. (i\u2019)\u00a0: Juliane donne \u00e0 Mathilde le livre, ou encore (i\u2019\u2019)\u00a0: C\u2019est \u00e0 Mathilde que Juliane donne le livre).<\/p>\n<p class=\"note\"><a href=\"#_ftnref6\" name=\"_ftn6\">[6]<\/a><br \/>\nIl convient de souligner d\u00e8s \u00e0 pr\u00e9sent que notre approche se distingue en tout point de la proposition de Ghighlione <em>et al<\/em>. (1995), et ce autant au niveau th\u00e9orique, que m\u00e9thodologique.<\/p>\n<p class=\"note\"><a href=\"#_ftnref7\" name=\"_ftn7\">[7]<\/a><br \/>\nTo me, the implication is obvious: linguists who engage in quantitative-statistical analyses of corpus data (using, for example, R software, but one could also add Perl scripts or any standard software package for corpus analysis) are not really interested in language (or meaning in language), but they are statisticians who happen to work with linguistic input.<\/p>\n<p class=\"note\"><a href=\"#_ftnref8\" name=\"_ftn8\">[8]<\/a><br \/>\nPour une \u00e9tude sur les pratiques sociolinguistiques sur Twitter, nous renvoyons \u00e0 la monographie de Dang-Ahn (2019) et pour des r\u00e9flexions g\u00e9n\u00e9rales sur les formes et pratiques num\u00e9riques, cf.la monographie de Lobin (2018).<\/p>\n<p class=\"note\"><a href=\"#_ftnref9\" name=\"_ftn9\">[9]<\/a><br \/>\nSauf, bien entendu, si l\u2019objectif est d\u2019analyser le fran\u00e7ais sur un support num\u00e9rique, tel que Twitter.<\/p>\n<p class=\"note\"><a href=\"#_ftnref10\" name=\"_ftn10\">[10]<\/a><br \/>\n<a title=\"Il link apre una nuova finestra.\" href=\"https:\/\/osf.io\/?view_only=\" target=\"_blank\" rel=\"esterno noopener noreferrer\">https:\/\/osf.io\/?view_only=<\/a> (17 f\u00e9vrier 2020).<\/p>\n<p class=\"note\"><a href=\"#_ftnref11\" name=\"_ftn11\">[11]<\/a><br \/>\nY compris au sens technique de Paveau (2013), qui montre l\u2019importance particuli\u00e8re de la prise en compte de l\u2019environnement (et de la \u00ab\u00a0contextualisation technorelationnelle\u00a0\u00bb de l\u2019\u00e9nonc\u00e9) dans l\u2019analyse d\u2019\u00e9nonc\u00e9s sur support num\u00e9rique (cf. \u00e9galement Longhi, 2020).<\/p>\n<p class=\"note\"><a href=\"#_ftnref12\" name=\"_ftn12\">[12]<\/a><br \/>\nEn plus du corpus Twitter, nous utilisons comme corpus t\u00e9moin le corpus FrTenTen17 de 6,8 milliards de mots h\u00e9berg\u00e9 sur Sketch Engine.<\/p>\n<p class=\"note\"><a href=\"#_ftnref13\" name=\"_ftn13\">[13]<\/a><br \/>\nTous les exemples sont issus de tweets authentiques non corrig\u00e9s.<\/p>\n<p class=\"note\"><a href=\"#_ftnref14\" name=\"_ftn14\">[14]<\/a><br \/>\nNous tenons ici \u00e0 remercier Alexander Lasch de nous avoir mis <em>sur<\/em> la bonne voie\u00a0!<\/p>\n<p class=\"note\"><a href=\"#_ftnref15\" name=\"_ftn15\">[15]<\/a><br \/>\nIl est \u00e0 noter que cet argumentaire est encore peu fond\u00e9 sur des faits empiriques ; il convient alors de multiplier les contributions de ce genre pour am\u00e9liorer la r\u00e9alit\u00e9 conceptuelle en se fondant sur l\u2019observation de corpus\u00a0vari\u00e9s.<\/p>\n<\/div>\n<div><\/div>\n<fieldset id=\"issue_citeme\"><\/fieldset>\n<\/div><div class=\"fusion-text fusion-text-3\"><hr \/>\n<p>Per citare questo articolo:<\/p>\n<p>Matthieu BACH,\u00a0\u00ab Pour une Analyse Cognitive de Discours. Twitter comme corpus, la grammaire de construction comme outil \u00bb, <em>Rep\u00e8res DoRiF, <\/em>n. 22 &#8211; Corpus, r\u00e9seaux sociaux, analyse du discours, DoRiF Universit\u00e0, Roma ottobre 2020, <a href=\"https:\/\/www.dorif.it\/reperes\/pour-une-analyse-cognitive-de-discours-twitter-comme-corpus-la-grammaire-de-construction-comme-outil\/\">https:\/\/www.dorif.it\/reperes\/pour-une-analyse-cognitive-de-discours-twitter-comme-corpus-la-grammaire-de-construction-comme-outil\/<\/a><\/p>\n<p style=\"text-align: center;\">ISSN 2281-3020<\/p>\n<p><img decoding=\"async\" class=\"aligncenter size-full wp-image-6963\" src=\"https:\/\/www.dorif.it\/reperes\/wp-content\/uploads\/2021\/07\/logo-reperes-3.jpg\" alt=\"\" width=\"500\" height=\"68\" srcset=\"https:\/\/www.dorif.it\/reperes\/wp-content\/uploads\/2021\/07\/logo-reperes-3-200x27.jpg 200w, https:\/\/www.dorif.it\/reperes\/wp-content\/uploads\/2021\/07\/logo-reperes-3-300x41.jpg 300w, https:\/\/www.dorif.it\/reperes\/wp-content\/uploads\/2021\/07\/logo-reperes-3-400x54.jpg 400w, https:\/\/www.dorif.it\/reperes\/wp-content\/uploads\/2021\/07\/logo-reperes-3.jpg 500w\" sizes=\"(max-width: 500px) 100vw, 500px\" \/><\/p>\n<p style=\"text-align: center;\">Quest&#8217;opera \u00e8 distribuita con Licenza\u00a0<a href=\"http:\/\/creativecommons.org\/licenses\/by-nc-nd\/3.0\/it\/\">Creative Commons Attribuzione &#8211; Non commerciale &#8211; Non opere derivate 3.0 Italia<\/a>.<\/p>\n<\/div><div class=\"fusion-clearfix\"><\/div><\/div><\/div><\/div><\/div>\n","protected":false},"excerpt":{"rendered":"","protected":false},"author":2,"featured_media":0,"comment_status":"open","ping_status":"open","sticky":false,"template":"","format":"standard","meta":{"_acf_changed":false,"_bbp_topic_count":0,"_bbp_reply_count":0,"_bbp_total_topic_count":0,"_bbp_total_reply_count":0,"_bbp_voice_count":0,"_bbp_anonymous_reply_count":0,"_bbp_topic_count_hidden":0,"_bbp_reply_count_hidden":0,"_bbp_forum_subforum_count":0,"footnotes":""},"categories":[57],"tags":[136,298,297],"class_list":["post-3454","post","type-post","status-publish","format-standard","hentry","category-theories-a-lepreuve-des-reseaux-sociaux","tag-22-corpus","tag-analyse-du-discours","tag-reseaux-sociaux"],"acf":[],"yoast_head":"<!-- This site is optimized with the Yoast SEO plugin v27.3 - https:\/\/yoast.com\/product\/yoast-seo-wordpress\/ -->\n<title>Matthieu BACH, Pour une Analyse Cognitive de Discours. Twitter comme corpus, la grammaire de construction comme outil - Rep\u00e8res-Dorif<\/title>\n<meta name=\"robots\" content=\"index, follow, max-snippet:-1, max-image-preview:large, max-video-preview:-1\" \/>\n<link rel=\"canonical\" href=\"https:\/\/www.dorif.it\/reperes\/pour-une-analyse-cognitive-de-discours-twitter-comme-corpus-la-grammaire-de-construction-comme-outil\/\" \/>\n<meta property=\"og:locale\" content=\"it_IT\" \/>\n<meta property=\"og:type\" content=\"article\" \/>\n<meta property=\"og:title\" content=\"Matthieu BACH, Pour une Analyse Cognitive de Discours. Twitter comme corpus, la grammaire de construction comme outil - Rep\u00e8res-Dorif\" \/>\n<meta property=\"og:url\" content=\"https:\/\/www.dorif.it\/reperes\/pour-une-analyse-cognitive-de-discours-twitter-comme-corpus-la-grammaire-de-construction-comme-outil\/\" \/>\n<meta property=\"og:site_name\" content=\"Rep\u00e8res-Dorif\" \/>\n<meta property=\"article:published_time\" content=\"2020-10-30T10:29:32+00:00\" \/>\n<meta property=\"article:modified_time\" content=\"2022-11-10T12:39:41+00:00\" \/>\n<meta property=\"og:image\" content=\"http:\/\/dorif.it\/ezine\/upl\/3e1ffb1023b843a68a9bb4675b638be4.jpg\" \/>\n<meta name=\"author\" content=\"giulia\" \/>\n<meta name=\"twitter:card\" content=\"summary_large_image\" \/>\n<meta name=\"twitter:label1\" content=\"Scritto da\" \/>\n\t<meta name=\"twitter:data1\" content=\"Matthieu BACH\" \/>\n\t<meta name=\"twitter:label2\" content=\"Tempo di lettura stimato\" \/>\n\t<meta name=\"twitter:data2\" content=\"45 minuti\" \/>\n<script type=\"application\/ld+json\" class=\"yoast-schema-graph\">{\"@context\":\"https:\\\/\\\/schema.org\",\"@graph\":[{\"@type\":\"Article\",\"@id\":\"https:\\\/\\\/www.dorif.it\\\/reperes\\\/pour-une-analyse-cognitive-de-discours-twitter-comme-corpus-la-grammaire-de-construction-comme-outil\\\/#article\",\"isPartOf\":{\"@id\":\"https:\\\/\\\/www.dorif.it\\\/reperes\\\/pour-une-analyse-cognitive-de-discours-twitter-comme-corpus-la-grammaire-de-construction-comme-outil\\\/\"},\"author\":{\"name\":\"giulia\",\"@id\":\"https:\\\/\\\/www.dorif.it\\\/reperes\\\/#\\\/schema\\\/person\\\/3295d008ecffca9681aa0b0fb94de304\"},\"headline\":\"Matthieu BACH, Pour une Analyse Cognitive de Discours. Twitter comme corpus, la grammaire de construction comme outil\",\"datePublished\":\"2020-10-30T10:29:32+00:00\",\"dateModified\":\"2022-11-10T12:39:41+00:00\",\"mainEntityOfPage\":{\"@id\":\"https:\\\/\\\/www.dorif.it\\\/reperes\\\/pour-une-analyse-cognitive-de-discours-twitter-comme-corpus-la-grammaire-de-construction-comme-outil\\\/\"},\"wordCount\":9543,\"commentCount\":0,\"image\":{\"@id\":\"https:\\\/\\\/www.dorif.it\\\/reperes\\\/pour-une-analyse-cognitive-de-discours-twitter-comme-corpus-la-grammaire-de-construction-comme-outil\\\/#primaryimage\"},\"thumbnailUrl\":\"http:\\\/\\\/dorif.it\\\/ezine\\\/upl\\\/3e1ffb1023b843a68a9bb4675b638be4.jpg\",\"keywords\":[\"22 \u2013 Corpus, r\u00e9seaux sociaux, analyse du discours\",\"analyse du discours\",\"r\u00e9seaux sociaux\"],\"articleSection\":[\"Th\u00e9ories \u00e0 l\u2019\u00e9preuve des r\u00e9seaux sociaux\"],\"inLanguage\":\"it-IT\",\"potentialAction\":[{\"@type\":\"CommentAction\",\"name\":\"Comment\",\"target\":[\"https:\\\/\\\/www.dorif.it\\\/reperes\\\/pour-une-analyse-cognitive-de-discours-twitter-comme-corpus-la-grammaire-de-construction-comme-outil\\\/#respond\"]}]},{\"@type\":\"WebPage\",\"@id\":\"https:\\\/\\\/www.dorif.it\\\/reperes\\\/pour-une-analyse-cognitive-de-discours-twitter-comme-corpus-la-grammaire-de-construction-comme-outil\\\/\",\"url\":\"https:\\\/\\\/www.dorif.it\\\/reperes\\\/pour-une-analyse-cognitive-de-discours-twitter-comme-corpus-la-grammaire-de-construction-comme-outil\\\/\",\"name\":\"Matthieu BACH, Pour une Analyse Cognitive de Discours. Twitter comme corpus, la grammaire de construction comme outil - Rep\u00e8res-Dorif\",\"isPartOf\":{\"@id\":\"https:\\\/\\\/www.dorif.it\\\/reperes\\\/#website\"},\"primaryImageOfPage\":{\"@id\":\"https:\\\/\\\/www.dorif.it\\\/reperes\\\/pour-une-analyse-cognitive-de-discours-twitter-comme-corpus-la-grammaire-de-construction-comme-outil\\\/#primaryimage\"},\"image\":{\"@id\":\"https:\\\/\\\/www.dorif.it\\\/reperes\\\/pour-une-analyse-cognitive-de-discours-twitter-comme-corpus-la-grammaire-de-construction-comme-outil\\\/#primaryimage\"},\"thumbnailUrl\":\"http:\\\/\\\/dorif.it\\\/ezine\\\/upl\\\/3e1ffb1023b843a68a9bb4675b638be4.jpg\",\"datePublished\":\"2020-10-30T10:29:32+00:00\",\"dateModified\":\"2022-11-10T12:39:41+00:00\",\"author\":{\"@id\":\"https:\\\/\\\/www.dorif.it\\\/reperes\\\/#\\\/schema\\\/person\\\/3295d008ecffca9681aa0b0fb94de304\"},\"breadcrumb\":{\"@id\":\"https:\\\/\\\/www.dorif.it\\\/reperes\\\/pour-une-analyse-cognitive-de-discours-twitter-comme-corpus-la-grammaire-de-construction-comme-outil\\\/#breadcrumb\"},\"inLanguage\":\"it-IT\",\"potentialAction\":[{\"@type\":\"ReadAction\",\"target\":[\"https:\\\/\\\/www.dorif.it\\\/reperes\\\/pour-une-analyse-cognitive-de-discours-twitter-comme-corpus-la-grammaire-de-construction-comme-outil\\\/\"]}]},{\"@type\":\"ImageObject\",\"inLanguage\":\"it-IT\",\"@id\":\"https:\\\/\\\/www.dorif.it\\\/reperes\\\/pour-une-analyse-cognitive-de-discours-twitter-comme-corpus-la-grammaire-de-construction-comme-outil\\\/#primaryimage\",\"url\":\"http:\\\/\\\/dorif.it\\\/ezine\\\/upl\\\/3e1ffb1023b843a68a9bb4675b638be4.jpg\",\"contentUrl\":\"http:\\\/\\\/dorif.it\\\/ezine\\\/upl\\\/3e1ffb1023b843a68a9bb4675b638be4.jpg\"},{\"@type\":\"BreadcrumbList\",\"@id\":\"https:\\\/\\\/www.dorif.it\\\/reperes\\\/pour-une-analyse-cognitive-de-discours-twitter-comme-corpus-la-grammaire-de-construction-comme-outil\\\/#breadcrumb\",\"itemListElement\":[{\"@type\":\"ListItem\",\"position\":1,\"name\":\"Home\",\"item\":\"https:\\\/\\\/www.dorif.it\\\/reperes\\\/\"},{\"@type\":\"ListItem\",\"position\":2,\"name\":\"Matthieu BACH, Pour une Analyse Cognitive de Discours. Twitter comme corpus, la grammaire de construction comme outil\"}]},{\"@type\":\"WebSite\",\"@id\":\"https:\\\/\\\/www.dorif.it\\\/reperes\\\/#website\",\"url\":\"https:\\\/\\\/www.dorif.it\\\/reperes\\\/\",\"name\":\"Rep\u00e8res-Dorif\",\"description\":\"Autor du Fran\u00e7ais: langues, cultures et plurilinguisme\",\"potentialAction\":[{\"@type\":\"SearchAction\",\"target\":{\"@type\":\"EntryPoint\",\"urlTemplate\":\"https:\\\/\\\/www.dorif.it\\\/reperes\\\/?s={search_term_string}\"},\"query-input\":{\"@type\":\"PropertyValueSpecification\",\"valueRequired\":true,\"valueName\":\"search_term_string\"}}],\"inLanguage\":\"it-IT\"},{\"@type\":\"Person\",\"@id\":\"https:\\\/\\\/www.dorif.it\\\/reperes\\\/#\\\/schema\\\/person\\\/3295d008ecffca9681aa0b0fb94de304\",\"name\":\"giulia\",\"image\":{\"@type\":\"ImageObject\",\"inLanguage\":\"it-IT\",\"@id\":\"https:\\\/\\\/secure.gravatar.com\\\/avatar\\\/147bc8bdbcdabe7556bb872f61bd0ad94c86ec01141a3ce97fefae09ca836e66?s=96&d=mm&r=g\",\"url\":\"https:\\\/\\\/secure.gravatar.com\\\/avatar\\\/147bc8bdbcdabe7556bb872f61bd0ad94c86ec01141a3ce97fefae09ca836e66?s=96&d=mm&r=g\",\"contentUrl\":\"https:\\\/\\\/secure.gravatar.com\\\/avatar\\\/147bc8bdbcdabe7556bb872f61bd0ad94c86ec01141a3ce97fefae09ca836e66?s=96&d=mm&r=g\",\"caption\":\"giulia\"},\"url\":\"\"}]}<\/script>\n<!-- \/ Yoast SEO plugin. -->","yoast_head_json":{"title":"Matthieu BACH, Pour une Analyse Cognitive de Discours. Twitter comme corpus, la grammaire de construction comme outil - Rep\u00e8res-Dorif","robots":{"index":"index","follow":"follow","max-snippet":"max-snippet:-1","max-image-preview":"max-image-preview:large","max-video-preview":"max-video-preview:-1"},"canonical":"https:\/\/www.dorif.it\/reperes\/pour-une-analyse-cognitive-de-discours-twitter-comme-corpus-la-grammaire-de-construction-comme-outil\/","og_locale":"it_IT","og_type":"article","og_title":"Matthieu BACH, Pour une Analyse Cognitive de Discours. Twitter comme corpus, la grammaire de construction comme outil - Rep\u00e8res-Dorif","og_url":"https:\/\/www.dorif.it\/reperes\/pour-une-analyse-cognitive-de-discours-twitter-comme-corpus-la-grammaire-de-construction-comme-outil\/","og_site_name":"Rep\u00e8res-Dorif","article_published_time":"2020-10-30T10:29:32+00:00","article_modified_time":"2022-11-10T12:39:41+00:00","og_image":[{"url":"http:\/\/dorif.it\/ezine\/upl\/3e1ffb1023b843a68a9bb4675b638be4.jpg","type":"","width":"","height":""}],"author":"giulia","twitter_card":"summary_large_image","twitter_misc":{"Scritto da":"Matthieu BACH","Tempo di lettura stimato":"45 minuti"},"schema":{"@context":"https:\/\/schema.org","@graph":[{"@type":"Article","@id":"https:\/\/www.dorif.it\/reperes\/pour-une-analyse-cognitive-de-discours-twitter-comme-corpus-la-grammaire-de-construction-comme-outil\/#article","isPartOf":{"@id":"https:\/\/www.dorif.it\/reperes\/pour-une-analyse-cognitive-de-discours-twitter-comme-corpus-la-grammaire-de-construction-comme-outil\/"},"author":{"name":"giulia","@id":"https:\/\/www.dorif.it\/reperes\/#\/schema\/person\/3295d008ecffca9681aa0b0fb94de304"},"headline":"Matthieu BACH, Pour une Analyse Cognitive de Discours. Twitter comme corpus, la grammaire de construction comme outil","datePublished":"2020-10-30T10:29:32+00:00","dateModified":"2022-11-10T12:39:41+00:00","mainEntityOfPage":{"@id":"https:\/\/www.dorif.it\/reperes\/pour-une-analyse-cognitive-de-discours-twitter-comme-corpus-la-grammaire-de-construction-comme-outil\/"},"wordCount":9543,"commentCount":0,"image":{"@id":"https:\/\/www.dorif.it\/reperes\/pour-une-analyse-cognitive-de-discours-twitter-comme-corpus-la-grammaire-de-construction-comme-outil\/#primaryimage"},"thumbnailUrl":"http:\/\/dorif.it\/ezine\/upl\/3e1ffb1023b843a68a9bb4675b638be4.jpg","keywords":["22 \u2013 Corpus, r\u00e9seaux sociaux, analyse du discours","analyse du discours","r\u00e9seaux sociaux"],"articleSection":["Th\u00e9ories \u00e0 l\u2019\u00e9preuve des r\u00e9seaux sociaux"],"inLanguage":"it-IT","potentialAction":[{"@type":"CommentAction","name":"Comment","target":["https:\/\/www.dorif.it\/reperes\/pour-une-analyse-cognitive-de-discours-twitter-comme-corpus-la-grammaire-de-construction-comme-outil\/#respond"]}]},{"@type":"WebPage","@id":"https:\/\/www.dorif.it\/reperes\/pour-une-analyse-cognitive-de-discours-twitter-comme-corpus-la-grammaire-de-construction-comme-outil\/","url":"https:\/\/www.dorif.it\/reperes\/pour-une-analyse-cognitive-de-discours-twitter-comme-corpus-la-grammaire-de-construction-comme-outil\/","name":"Matthieu BACH, Pour une Analyse Cognitive de Discours. Twitter comme corpus, la grammaire de construction comme outil - Rep\u00e8res-Dorif","isPartOf":{"@id":"https:\/\/www.dorif.it\/reperes\/#website"},"primaryImageOfPage":{"@id":"https:\/\/www.dorif.it\/reperes\/pour-une-analyse-cognitive-de-discours-twitter-comme-corpus-la-grammaire-de-construction-comme-outil\/#primaryimage"},"image":{"@id":"https:\/\/www.dorif.it\/reperes\/pour-une-analyse-cognitive-de-discours-twitter-comme-corpus-la-grammaire-de-construction-comme-outil\/#primaryimage"},"thumbnailUrl":"http:\/\/dorif.it\/ezine\/upl\/3e1ffb1023b843a68a9bb4675b638be4.jpg","datePublished":"2020-10-30T10:29:32+00:00","dateModified":"2022-11-10T12:39:41+00:00","author":{"@id":"https:\/\/www.dorif.it\/reperes\/#\/schema\/person\/3295d008ecffca9681aa0b0fb94de304"},"breadcrumb":{"@id":"https:\/\/www.dorif.it\/reperes\/pour-une-analyse-cognitive-de-discours-twitter-comme-corpus-la-grammaire-de-construction-comme-outil\/#breadcrumb"},"inLanguage":"it-IT","potentialAction":[{"@type":"ReadAction","target":["https:\/\/www.dorif.it\/reperes\/pour-une-analyse-cognitive-de-discours-twitter-comme-corpus-la-grammaire-de-construction-comme-outil\/"]}]},{"@type":"ImageObject","inLanguage":"it-IT","@id":"https:\/\/www.dorif.it\/reperes\/pour-une-analyse-cognitive-de-discours-twitter-comme-corpus-la-grammaire-de-construction-comme-outil\/#primaryimage","url":"http:\/\/dorif.it\/ezine\/upl\/3e1ffb1023b843a68a9bb4675b638be4.jpg","contentUrl":"http:\/\/dorif.it\/ezine\/upl\/3e1ffb1023b843a68a9bb4675b638be4.jpg"},{"@type":"BreadcrumbList","@id":"https:\/\/www.dorif.it\/reperes\/pour-une-analyse-cognitive-de-discours-twitter-comme-corpus-la-grammaire-de-construction-comme-outil\/#breadcrumb","itemListElement":[{"@type":"ListItem","position":1,"name":"Home","item":"https:\/\/www.dorif.it\/reperes\/"},{"@type":"ListItem","position":2,"name":"Matthieu BACH, Pour une Analyse Cognitive de Discours. Twitter comme corpus, la grammaire de construction comme outil"}]},{"@type":"WebSite","@id":"https:\/\/www.dorif.it\/reperes\/#website","url":"https:\/\/www.dorif.it\/reperes\/","name":"Rep\u00e8res-Dorif","description":"Autor du Fran\u00e7ais: langues, cultures et plurilinguisme","potentialAction":[{"@type":"SearchAction","target":{"@type":"EntryPoint","urlTemplate":"https:\/\/www.dorif.it\/reperes\/?s={search_term_string}"},"query-input":{"@type":"PropertyValueSpecification","valueRequired":true,"valueName":"search_term_string"}}],"inLanguage":"it-IT"},{"@type":"Person","@id":"https:\/\/www.dorif.it\/reperes\/#\/schema\/person\/3295d008ecffca9681aa0b0fb94de304","name":"giulia","image":{"@type":"ImageObject","inLanguage":"it-IT","@id":"https:\/\/secure.gravatar.com\/avatar\/147bc8bdbcdabe7556bb872f61bd0ad94c86ec01141a3ce97fefae09ca836e66?s=96&d=mm&r=g","url":"https:\/\/secure.gravatar.com\/avatar\/147bc8bdbcdabe7556bb872f61bd0ad94c86ec01141a3ce97fefae09ca836e66?s=96&d=mm&r=g","contentUrl":"https:\/\/secure.gravatar.com\/avatar\/147bc8bdbcdabe7556bb872f61bd0ad94c86ec01141a3ce97fefae09ca836e66?s=96&d=mm&r=g","caption":"giulia"},"url":""}]}},"_links":{"self":[{"href":"https:\/\/www.dorif.it\/reperes\/wp-json\/wp\/v2\/posts\/3454","targetHints":{"allow":["GET"]}}],"collection":[{"href":"https:\/\/www.dorif.it\/reperes\/wp-json\/wp\/v2\/posts"}],"about":[{"href":"https:\/\/www.dorif.it\/reperes\/wp-json\/wp\/v2\/types\/post"}],"author":[{"embeddable":true,"href":"https:\/\/www.dorif.it\/reperes\/wp-json\/wp\/v2\/users\/2"}],"replies":[{"embeddable":true,"href":"https:\/\/www.dorif.it\/reperes\/wp-json\/wp\/v2\/comments?post=3454"}],"version-history":[{"count":24,"href":"https:\/\/www.dorif.it\/reperes\/wp-json\/wp\/v2\/posts\/3454\/revisions"}],"predecessor-version":[{"id":9573,"href":"https:\/\/www.dorif.it\/reperes\/wp-json\/wp\/v2\/posts\/3454\/revisions\/9573"}],"wp:attachment":[{"href":"https:\/\/www.dorif.it\/reperes\/wp-json\/wp\/v2\/media?parent=3454"}],"wp:term":[{"taxonomy":"category","embeddable":true,"href":"https:\/\/www.dorif.it\/reperes\/wp-json\/wp\/v2\/categories?post=3454"},{"taxonomy":"post_tag","embeddable":true,"href":"https:\/\/www.dorif.it\/reperes\/wp-json\/wp\/v2\/tags?post=3454"}],"curies":[{"name":"wp","href":"https:\/\/api.w.org\/{rel}","templated":true}]}}