{"id":3456,"date":"2020-10-30T11:29:59","date_gmt":"2020-10-30T10:29:59","guid":{"rendered":"https:\/\/www.dorif.it\/reperes\/?p=3456"},"modified":"2022-11-10T14:40:08","modified_gmt":"2022-11-10T13:40:08","slug":"ripolinage-verdatre-ripolinage-mediatique-ou-ripolinage-semantique-analyse-outillee-du-nuancier-semantique-dun-nom-de-marque-circulant-dans-twitte","status":"publish","type":"post","link":"https:\/\/www.dorif.it\/reperes\/ripolinage-verdatre-ripolinage-mediatique-ou-ripolinage-semantique-analyse-outillee-du-nuancier-semantique-dun-nom-de-marque-circulant-dans-twitte\/","title":{"rendered":"Michela TONTI, \u00ab Ripolinage verd\u00e2tre \u00bb, \u00ab ripolinage m\u00e9diatique \u00bb ou \u00ab ripolinage s\u00e9mantique \u00bb ? Analyse outill\u00e9e du nuancier s\u00e9mantique d\u2019un nom de marque circulant dans Twitter"},"content":{"rendered":"<div class=\"fusion-fullwidth fullwidth-box fusion-builder-row-1 nonhundred-percent-fullwidth non-hundred-percent-height-scrolling\" style=\"--awb-border-radius-top-left:0px;--awb-border-radius-top-right:0px;--awb-border-radius-bottom-right:0px;--awb-border-radius-bottom-left:0px;--awb-flex-wrap:wrap;\" ><div class=\"fusion-builder-row fusion-row\"><div class=\"fusion-layout-column fusion_builder_column fusion-builder-column-0 fusion_builder_column_1_1 1_1 fusion-one-full fusion-column-first fusion-column-last\" style=\"--awb-bg-size:cover;\"><div class=\"fusion-column-wrapper fusion-column-has-shadow fusion-flex-column-wrapper-legacy\"><div class=\"fusion-text fusion-text-1\"><h3 id=\"michela-tonti\" style=\"text-align: center;\">Michela Tonti<\/h3>\n<h2 id=\"\u00ab-ripolinage-verd\u00e2tre-\u00bb-\u00ab-\" style=\"text-align: center;\"><strong><span style=\"color: #1b80b6;\">\u00ab Ripolinage verd\u00e2tre \u00bb, \u00ab ripolinage m\u00e9diatique \u00bb ou \u00ab ripolinage s\u00e9mantique \u00bb? Analyse outill\u00e9e du nuancier s\u00e9mantique d\u2019un nom de marque circulant dans Twitter<\/span><\/strong><\/h2>\n<\/div><div class=\"fusion-text fusion-text-2\"><p>&nbsp;<\/p>\n<p class=\"align_justify\"><strong>Michela Tonti<\/strong><br \/>\nAlma Mater Studiorum Universit\u00e0 di Bologna DIT-Forl\u00ec<br \/>\nmichela.tonti2@unibo.it<\/p>\n<hr \/>\n<div class=\"box1\">\n<h4 id=\"r\u00e9sum\u00e9\"><strong>R\u00e9sum\u00e9<\/strong><\/h4>\n<p class=\"align_justify\">Le propos de cet article est de proc\u00e9der \u00e0 une analyse du signe linguistique Ripolin, marque de peinture \u00e0 ses origines et de ses acolytes (\u00ab\u00a0ripolin(is)er\u00a0\u00bb, \u00ab\u00a0ripolinage\u00a0\u00bb, \u00ab\u00a0ripolinade\u00a0\u00bb, \u00ab\u00a0ripolineur\u00a0\u00bb) circulant dans le discours au quotidien et notamment dans le r\u00e9seau Twitter sur un intervalle qui va du 29 juillet 2009 au 13 avril 2020. On se propose d\u2019explorer la vitalit\u00e9 et le dynamisme de ce signe linguistique qui se fa\u00e7onne et parvient \u00e0 s\u00e9mantiser une palette de plus en plus large de domaines du r\u00e9el. La charge argumentative dont Ripolin se fait porteur est \u00e9tudi\u00e9e selon le cadre th\u00e9orique pr\u00e9conis\u00e9 par Ruth Amossy (2014)\u00a0; par l\u2019analyse d\u2019\u00e9tudes de cas concrets, on va d\u00e9montrer que la valeur argumentative en d\u00e9p\u00f4t dans la lexie Ripolin s\u2019accompagne d\u2019une pol\u00e9mique \u00e0 l\u2019\u00e9gard des m\u0153urs de la vie aussi bien priv\u00e9e que publique.<\/p>\n<h4 id=\"abstract\"><strong>Abstract<\/strong><\/h4>\n<p><strong>&#8221; Ripolinage verd\u00e2tre&#8221;, &#8221; ripolinage m\u00e9diatique&#8221; or &#8221; ripolinage s\u00e9mantique&#8221;? A tool-based analysis of the semantic nuance of a brand name circulating in Twitter<\/strong><\/p>\n<p class=\"align_justify\">The purpose of this article is to analyse Ripolin linguistic sign, originally a painting brand and its neological forms (&#8220;ripolin(is)er&#8221;, &#8220;ripolinade&#8221;, &#8220;ripolineur&#8221;) circulating in everyday discourse and particularly in the Twitter network over an interval that runs from 29 July 2009 to 13 April 2020. We propose to explore the vitality and dynamism of this linguistic sign which is being shaped and manages to semanticise an increasingly wide range of real domains. Ripolin will be studied according to the theoretical framework recommended by Ruth Amossy (2014) and through the analysis of specific case studies. The analysis will show that the value arguments deposited in the Ripolin lexicon are accompanied by a controversy with regard to the practices of both private and public life.<\/p>\n<hr \/>\n<\/div>\n<pre>\t \r\n<\/pre>\n<blockquote>\n<div class=\"inscription\" style=\"text-align: right;\">Les R\u00e9publiques passent, disait une publicit\u00e9 murale d\u2019autrefois, la peinture <em>Ripolin<\/em> reste. Ce qui fait de la France un grand pays [&#8230;] tient [aussi] \u00e0 <strong>cette peinture r\u00e9publicaine<\/strong> que le temps et les fautes collectives \u00e9caillent.<br \/>\n(source : leclubdesjuristes.com, fouille corpus <em>Araneum<\/em>)<\/div>\n<\/blockquote>\n<pre>\t \r\n<\/pre>\n<blockquote>\n<div class=\"inscription\" style=\"text-align: right;\">26 Mars 2018<br \/>\nE.S.A. ou. A.S.E. On peut pas aller la peindre ? comme l&#8217;autre ast\u00e9ro\u00efde l\u00e0&#8230;! Et pour \u00eatre s\u00fbr du r\u00e9sultat, pas de la peinture chinoise, un bon <strong>Ripolin<\/strong> bien fabriqu\u00e9 <strong>fran\u00e7ais<\/strong> (m\u00eame si giron am\u00e9ricain)<br \/>\n(source Twitter)<\/div>\n<\/blockquote>\n<div><\/div>\n<div><\/div>\n<p class=\"align_justify\">Nom de Marque (d\u00e9sormais NdM) \u00e0 la long\u00e9vit\u00e9 ind\u00e9tr\u00f4nable, le signe linguistique <em>Ripolin<\/em> est issu de la cr\u00e9ativit\u00e9 lexicale de son inventeur le Dr Riep, un d\u00e9but porteur de promesses pour cet objet du quotidien. Peinture \u00e9mail \u00e0 ses origines, elle ne cesse de servir la cause commerciale pour laquelle son signe est l\u00e9galement r\u00e9serv\u00e9\u00a0; en tant qu\u2019objet lexiculturel, <em>Ripolin<\/em> s\u00e9mantise de nouveaux espaces du quotidien par les s\u00e8mes qui sont en d\u00e9p\u00f4t dans son signe int\u00e9grant la culture ordinaire des parlants. Comment au d\u00e9part une lexie qui servait une cause commerciale s\u2019est-elle retrouv\u00e9e \u00e0 colorier toute la palette de la vie quotidienne, allant de la vie priv\u00e9e au domaine politique\u00a0?<\/p>\n<p class=\"align_justify\">Nous allons donner un aper\u00e7u du double statut de ce nom relevant \u00e0 la fois de la langue de sp\u00e9cialit\u00e9 et de la langue commune pour souligner que <em>Ripolin <\/em>s\u2019affranchit de sa gangue originelle afin de prendre son envol\u00a0: nous montrerons le constant renouvellement de ce signe linguistique et de ses d\u00e9riv\u00e9s et n\u00e9ologismes par conversion dans diff\u00e9rents domaines. \u00c0 travers l\u2019\u00e9tude de ce NdM, de ses d\u00e9rivations n\u00e9ologiques qui se sont conventionnalis\u00e9es dans le discours quotidien et de nouvelles formes qui s\u2019imposent, nous nous proposons de creuser la vitalit\u00e9 et le dynamisme de la langue fran\u00e7aise qui se fa\u00e7onne dans l\u2019usage, gr\u00e2ce \u00e0 ses parlants et \u00e0 partir de NdM. Les cr\u00e9ations n\u00e9ologiques qui en d\u00e9coulent r\u00e9pondant \u00e9galement \u00e0 un besoin de nomination, notre recherche va donc permettre de d\u00e9gager si <em>Ripolin<\/em> appara\u00eet r\u00e9v\u00e9lateur de tendances culturelles et soci\u00e9tales, ou comme marque de pol\u00e9mique.<\/p>\n<p class=\"align_justify\">\u00c0 l\u2019aide du cadre th\u00e9orique pos\u00e9 par Peter Blumenthal (2005) et des travaux de Hans-J\u00f6rg Schmid (2015) qui a introduit le mod\u00e8le de <em>Entrenchment-and-Conventionalization<\/em> (\u00ab enracinement \u00bb et \u00ab\u00a0conventionnalisation \u00bb, d\u00e9sormais mod\u00e8le EC), nous allons explorer l\u2019identit\u00e9 s\u00e9mantique mouvante de\u00a0<em>Ripolin <\/em>et de ses d\u00e9rivations qui disposent de leur accompagnateur attitr\u00e9. Nous avons privil\u00e9gi\u00e9 le corpus de tweets qui fait la part belle \u00e0 l\u2019actualit\u00e9 r\u00e9cente, voire br\u00fblante. Une base empirique de 247 occurrences,issue du glanage des donn\u00e9es disponibles sur Twitter et s\u2019\u00e9chelonnant sur un intervalle qui va du 29 juillet 2009 au 13 avril 2020, sera mise \u00e0 profit pour explorer domaines et \u00e9volutions d\u2019usage-sens de cette lexie dans une perspective repr\u00e9sentationnelle prenant comme terme de comparaison les r\u00e9sultats d\u2019une fouille outill\u00e9e conduite au pr\u00e9alable sur un grand corpus \u00e9lectronique, <em>Araneum <\/em>(https:\/\/kontext.korpus.cz) recensant des discours de blog o\u00f9 <em>Ripolin<\/em> faisait \u00e9galement flor\u00e8s. Une pr\u00e9cision terminologique s\u2019impose concernant la d\u00e9finition de grand corpus, \u00e0 savoir : \u00ab une collection de productions langagi\u00e8res attest\u00e9es, \u00e9crites ou orales<a href=\"#_ftn1\" name=\"_ftnref1\">[1]<\/a> [dont] le nombre de mots d\u00e9passe un million de mots \u00bb (POUDAT, LANDRAGIN 2017 : 11).<\/p>\n<p class=\"align_justify\">Par l\u2019analyse des tweets contenant <em>Ripolin<\/em>, ses d\u00e9riv\u00e9s et ses n\u00e9ologismes par conversion, nous tenterons de d\u00e9montrer la port\u00e9e argumentative de ces lexies qui acqui\u00e8rent une valeur pol\u00e9mique en discours selon le cadre th\u00e9orique fourni par Amossy, qui affirme que \u00ab\u00a0la pol\u00e9mique publique a pour fonction d\u2019autoriser la coexistence dans le <em>dissensus\u00a0<\/em>\u00bb (2014\u00a0: 134). L\u2019auteure s\u2019inspire de la r\u00e9flexion d\u2019Aristote \u00e0 propos des b\u00e9n\u00e9fices de la d\u00e9lib\u00e9ration, de la recherche de la voie \u00e0 suivre dans les affaires publiques, par le biais de la discussion d\u2019options alternatives et de r\u00e9ponses diff\u00e9rentes voire contradictoires. La pluralit\u00e9 des opinions et des solutions propos\u00e9es est respect\u00e9e dans la <em>polis. <\/em>\u00ab\u00a0Dans ce sens, le <em>dissensus <\/em>est sans doute le moteur incontest\u00e9 de la d\u00e9mocratie\u00a0\u00bb (AMOSSY 2014\u00a0: 19). Ce travail sera men\u00e9 \u00e0 partir de cas de figure concrets o\u00f9 notre lexie de pr\u00e9dilection et ses d\u00e9riv\u00e9s sont vecteurs de pol\u00e9mique, \u00ab\u00a0<em>dissensus<\/em>\u00a0\u00bb \u00e0 l\u2019\u00e9gard des m\u0153urs de la politique \u00ab\u00a0de toutes les couleurs\u00a0\u00bb, des m\u0153urs m\u00e9diatiques, des m\u0153urs sociales et de surcro\u00eet vecteur de tendances s\u00e9mantiques et m\u00e9tas\u00e9mantiques innovantes\u00a0: c\u2019est pourquoi nous donnerons la parole aux forgerons de la lexie <em>Ripolin<\/em> par le biais de cette forme d\u2019expression \u00e0 part enti\u00e8re qu\u2019est le tweet, en plus du blog. Avant de commencer notre analyse, il nous semble utile de pr\u00e9ciser qu\u2019un tweet, comme un billet de blog, est tiss\u00e9 par la subjectivit\u00e9 du locuteur\u00a0; le linguiste a lui-m\u00eame besoin d\u2019y mettre une part de subjectivit\u00e9 pour interpr\u00e9ter la pens\u00e9e des locuteurs et pour d\u00e9terminer la charge pol\u00e9mique v\u00e9hicul\u00e9e par la lexie en objet.<\/p>\n<p>&nbsp;<\/p>\n<h2 id=\"-le-ndm-ripolin-1888-:-langue-\">1. Le NdM <em>Ripolin 1888 <\/em>: langue commune ou langue de sp\u00e9cialit\u00e9 ?<\/h2>\n<p>&nbsp;<\/p>\n<p class=\"align_justify\">Le NdM <em>Ripolin <\/em>a tellement \u00e9t\u00e9 employ\u00e9 par les locuteurs dans le discours au quotidien que cet usage r\u00e9p\u00e9t\u00e9 a oblig\u00e9 le titulaire de la marque \u00e0 changer son signe linguistique en <em>Ripolin 1888, <\/em>terme d\u00e9pos\u00e9. Ainsi, <em>Ripolin 1888 <\/em>rel\u00e8ve de la langue de sp\u00e9cialit\u00e9 tandis que <em>Ripolin <\/em>appartient \u00e0 pr\u00e9sent \u00e0 la langue commune. D\u00e9sormais, nous utilisons le signe Ripolin sans italique puisqu\u2019il est devenu une lexie de la langue commune.<\/p>\n<p class=\"align_justify\">Le NdM conserve certes son statut de nom d\u00e9pos\u00e9 aux yeux des sp\u00e9cialistes de la propri\u00e9t\u00e9 intellectuelle, des institutions charg\u00e9es de son enregistrement, des titulaires de la marque, des marketologues, mais dans le discours au quotidien et au vu des donn\u00e9es langagi\u00e8res attest\u00e9es en discours que nous allons fournir au cours de notre travail, le NdM <em>Ripolin<\/em> rel\u00e8ve \u00e0 pr\u00e9sent de la langue commune et s\u2019ouvre au monde afin que le monde puisse se l\u2019approprier.<\/p>\n<p>&nbsp;<\/p>\n<h2 id=\"-cadre-m\u00e9thodologique\">2. Cadre m\u00e9thodologique<\/h2>\n<p>&nbsp;<\/p>\n<p class=\"align_justify\">Depuis quelque temps, les r\u00e9seaux socio-num\u00e9riques constituent un espace d\u2019expression et un \u00e9cosyst\u00e8me num\u00e9rique en formation, dont les modalit\u00e9s et les limites se construisent jour apr\u00e8s jour. Notre travail consid\u00e8re ces espaces comme un objet d\u2019\u00e9tude que nous analysons en empruntant la notion d\u2019\u00e9volution de l\u2019usage-sens en application \u00e0 des domaines divers, notion introduite par Blumenthal ainsi que \u00ab\u00a0la structure du voisinage [&#8230;] s\u00e9mantique d\u2019un mot telle qu\u2019elle se manifeste dans un corpus\u00a0\u00bb (BLUMENTHAL 2005\u00a0: 132).<\/p>\n<p class=\"align_justify\">L\u2019approche distributionnelle trouve une autre assise th\u00e9orique dans la s\u00e9mantique cognitive et dans les r\u00e9cents travaux de Schmid (2015), qui a introduit le mod\u00e8le de <em>Entrenchment-and-Conventionalization <\/em>(\u00ab\u00a0enracinement\u00a0\u00bb et \u00ab conventionnalisation \u00bb). Dans le mod\u00e8le <em>EC<\/em>, l&#8217;enracinement est d\u00e9fini comme la routinisation et la r\u00e9organisation constantes des associations, en fonction de l&#8217;exposition et de la fr\u00e9quence d&#8217;\u00e9v\u00e9nements de traitement identiques ou similaires, en prenant en compte les exigences socio-g\u00e9ographiques. Le ph\u00e9nom\u00e8ne de la r\u00e9p\u00e9tition est un processus continu et \u00e9volutif, instable, qui n\u00e9cessite de prendre en compte la variabilit\u00e9 du corpus selon l\u2019axe diachronique, et selon l\u2019axe socio-g\u00e9ographique.<\/p>\n<p class=\"align_justify\">Nous nous inscrivons dans le cadre th\u00e9orique dress\u00e9 par Amossy (2014) qui m\u00e8ne une r\u00e9flexion sur les fonctions positives du <em>dissensus <\/em>comme modalit\u00e9 argumentative et qui voit la pol\u00e9mique comme confrontation verbale d\u2019opinions qui sont ancr\u00e9es dans l\u2019actualit\u00e9. L\u2019unit\u00e9 linguistique Ripolin, ses d\u00e9riv\u00e9s et ses n\u00e9ologismes cr\u00e9\u00e9s par conversion, apportent des arguments en faveur d\u2019une th\u00e8se et \u00e0 l\u2019encontre d\u2019une th\u00e8se adverse qui contribue \u00e0 construire la parole pol\u00e9mique. Certains domaines paraissent plus porteurs de discours pol\u00e9miques\u00a0que d\u2019autres\u00a0: les sciences politiques et l\u2019agissement des m\u00e9dias, notamment.<\/p>\n<h3 id=\"1-outils-et-bases-empiriques\">2.1 Outils et bases empiriques<\/h3>\n<p class=\"align_justify\">Nous nous proposons de dresser une comparaison entre un corpus pr\u00e9existant de donn\u00e9es issues d\u2019une exploration outill\u00e9e men\u00e9e \u00e0 l\u2019aide de <em>Araneum<\/em> et un corpus plus r\u00e9cent de tweets (29 juillet 2009-13 avril 2020).<\/p>\n<p class=\"align_justify\">Notre premi\u00e8re fouille outill\u00e9e <em>corpus-based <\/em>s\u2019est appuy\u00e9e sur <em>Araneum<\/em>. Il s\u2019agit d\u2019une approche d\u00e9ductive se focalisant sur l\u2019unit\u00e9 linguistique Ripolin et ses d\u00e9riv\u00e9s qui ont \u00e9merg\u00e9au fil de l\u2019interrogation du corpus par concordancier. La collecte des contextes r\u00e9unis dans <em>Araneum <\/em>subsume des sites dont l\u2019extension est d\u2019importance nationale pour l\u2019espace francophone comme .<em>fr<\/em>, .<em>be<\/em>, .<em>ch<\/em>, .<em>ca<\/em> et comprend \u00e9galement des extensions g\u00e9n\u00e9riques comme .<em>eu<\/em>, .<em>edu<\/em>, .<em>com<\/em>, .<em>info<\/em>, .<em>org<\/em>. Il s\u2019agit d\u2019un corpus diversifi\u00e9 en genres textuels et largement \u00e9chantillonn\u00e9, qui fournit des indications permettant de donner aux ph\u00e9nom\u00e8nes une repr\u00e9sentation qui est fond\u00e9e sur un syst\u00e8me d\u2019usages, de pratiques discursives r\u00e9elles. Une grande palette de documents issus aussi bien de la presse hexagonale que francophone, en plus de larges \u00e9changes par le biais de blogs personnels justifient la repr\u00e9sentativit\u00e9 et la g\u00e9n\u00e9ricit\u00e9 de ce corpus de r\u00e9f\u00e9rence. La mise en place d\u2019un d\u00e9pouillement manuel syst\u00e9matique et attentif des occurrences a \u00e9t\u00e9 r\u00e9alis\u00e9e pour v\u00e9rifier l\u2019emploi figur\u00e9 dans un domaine nouveau de la lexie et de ses d\u00e9riv\u00e9s.<\/p>\n<p class=\"align_justify\">\u00c0 cet effet, il est ind\u00e9niable qu\u2019aucune part de subjectivit\u00e9 n\u2019est mobilis\u00e9e dans la s\u00e9lection des contextes d\u2019usages-sens innovants et m\u00e9taphoriques qui s\u2019\u00e9cartent de l\u2019emploi de la lexie dans son sens commercial initial. En revanche, l\u2019analyse interpr\u00e9tative du concept m\u00e9taphorique comporte une part de subjectivit\u00e9 certaine de la part du linguiste.<\/p>\n<p class=\"align_justify\">Dans la premi\u00e8re phase de notre recherche, nous disposions d\u2019un corpus synchronique, mais il avait \u00e9t\u00e9 quand m\u00eame envisageable de rep\u00e9rer les innovations s\u00e9mantiques en proposant de les d\u00e9crire sur la base d\u2019une \u00e9volution de leur usage-sens, entendu comme une combinatoire d\u2019emplois, et en prenant comme termes de comparaison les sens attest\u00e9s dans les dictionnaires <em>TLFi<\/em>, <em>Larousse<\/em> et la base de donn\u00e9es terminologiques <em>GDT. <\/em>La possibilit\u00e9 d\u2019acc\u00e9der au cotexte \u00e9tendu avait permis de bien \u00e9clairer l\u2019opacit\u00e9 de certains propos issus en priorit\u00e9 de blogs personnels. Pour ce qui \u00e9tait de l\u2019axe socio-g\u00e9ographique, les extensions de domaine Internet ne pouvaient pas \u00eatre consid\u00e9r\u00e9es comme des indicateurs de provenance g\u00e9ographique et nationale fiables, parce qu\u2019aussi bien l\u2019extension en <em>.fr<\/em> que celle en <em>.be<\/em> et en <em>.ch<\/em> peuvent \u00eatre accessibles par n\u2019importe quel citoyen au sein des pays de l\u2019espace europ\u00e9en (TONTI 2019\u00a0: \u00a7 V.10). Nous n\u2019avions pu tenir compte que partiellement de la variable de l\u2019extension g\u00e9ographique nationale de nos contextes pour d\u00e9finir la routinisation et la r\u00e9organisation constante des associations.<\/p>\n<p class=\"align_justify\">Les formes d\u00e9tect\u00e9es dans <em>Araneum<\/em> nous ont servi de base empirique pour notre fouille dans l\u2019espace Twitter. Nous avons retenu toutes les formes flexionnelles et d\u00e9rivationnelles recens\u00e9es dans <em>Araneum <\/em>afin de pouvoir proc\u00e9der \u00e0 leur recherche dans Twitter. Une extraction manuelle a ainsi \u00e9t\u00e9 lanc\u00e9e afin de r\u00e9unir un recueil d\u2019exemples, constitu\u00e9 dans le but de mener une recherche cibl\u00e9e sur les particularit\u00e9s langagi\u00e8res des tweets recensant des occurrences de <em>Ripolin<\/em> et des lexies d\u00e9riv\u00e9es. Premi\u00e8rement, la concision impos\u00e9e des tweets et les propri\u00e9t\u00e9s technolangagi\u00e8res qui les caract\u00e9risent les diff\u00e9rencient des blogs (PAVEAU, 2012). Deuxi\u00e8mement, une diff\u00e9rence capitale r\u00e9side dans la difficult\u00e9 de rep\u00e9rer la provenance g\u00e9ographique des tweets (except\u00e9 par le fait de pouvoir l\u2019inf\u00e9rer de leur contenu) alors que cela est partiellement accessible par l\u2019extension de domaine du blog permettant de mesurer ainsi la variation diatopique. En revanche, la cartographie pr\u00e9cise de la datation du tweet constitue un enjeu au vu du mod\u00e8le EC.<\/p>\n<p class=\"align_justify\">Le dynamisme linguistique du signe <em>Ripolin<\/em> est t\u00e9moign\u00e9 par la liste des fr\u00e9quences \u00e9tablie dans le corpus <em>Araneum <\/em>:<\/p>\n<p class=\"align_justify\"><img decoding=\"async\" class=\"image_inside\" src=\"http:\/\/dorif.it\/ezine\/upl\/3ab189547ef75c14e97aad7cb59e6fe5.jpg\" alt=\"tonti 1\" \/><\/p>\n<p class=\"align_center\"><em>Figure 1 Distribution des fr\u00e9quences des lexies recens\u00e9es dans Araneum \u00e0 partir de Ripolin (135 occurrences au total)<\/em><\/p>\n<p class=\"align_justify\">Sur la base des formes rep\u00e9r\u00e9es par fouille outill\u00e9e dans <em>Araneum <\/em>(au total 135 occurrences), nous avons proc\u00e9d\u00e9 \u00e0 leur d\u00e9tection, au d\u00e9pouillement de leurs occurrences et \u00e0 l\u2019exploration de nouveaux formants dans Twitter\u00a0; l\u2019instantan\u00e9 que nous avons fix\u00e9 au 13 avril 2020 a produit les r\u00e9sultats illustr\u00e9s dans la figure 2. Nous pr\u00e9cisons que lors de la fouille dans Twitter, on ne retrouve pas toutes les formes construites par d\u00e9rivation suffixationnelle, d\u00e9tect\u00e9es par concordancier dans <em>Araneum<\/em>, mais seulement certaines, comme le montre bien notre figure 2\u00a0:<\/p>\n<p class=\"align_justify\"><img decoding=\"async\" class=\"image_inside\" src=\"http:\/\/dorif.it\/ezine\/upl\/e61315db066d194ca57e1c923bd8470b.jpg\" alt=\"tonti 2\" \/><\/p>\n<p class=\"align_center\"><em>Figure 2 Distribution des fr\u00e9quences des lexies recens\u00e9es dans notre recueil d\u2019exemples (247 au total)<\/em><\/p>\n<p class=\"align_justify\">Remarquons qu\u2019entre 2015 et avril 2020 une nouvelle lexie s\u2019est affirm\u00e9e dans l\u2019usage\u00a0: \u00ab\u00a0ripolineuse\u00a0\u00bb confirmant la survie du n\u00e9ologisme \u00ab\u00a0ripolineur\u00a0\u00bb qui apparaissait comme un hapax dans <em>Araneum<\/em>. Puisque nous nous int\u00e9ressons \u00e0 l\u2019\u00e9volution de l\u2019usage-sens des lexies recens\u00e9es dans la figure 2 et aux domaines concern\u00e9s nouveaux et anciens par rapport \u00e0 notre fouille effectu\u00e9e dans <em>Araneum <\/em>en 2015, nous proposons un aper\u00e7u de leur distribution dans les discours des tweets r\u00e9partis par macro-th\u00e8mes.<\/p>\n<h3 id=\"2-les-domaines-en-chiffres-aff\">2.2 Les domaines en chiffres affect\u00e9s par les s\u00e8mes Ripolin et ses d\u00e9rivations<\/h3>\n<p class=\"align_justify\">Le d\u00e9pouillement quantitatif et la s\u00e9lection manuelle de nos donn\u00e9es nous permet d\u2019explorer les macro-th\u00e8mes int\u00e9ress\u00e9s par le d\u00e9bat public. Puisque ces macro-th\u00e8mes ne sont aucunement d\u00e9finis dans des sources officielles et qu\u2019il n\u2019y a pas d\u2019attribution automatique de chaque tweet s\u00e9par\u00e9 \u00e0 un macro-th\u00e8me sp\u00e9cifique, nous avons r\u00e9alis\u00e9 un classement des domaines concern\u00e9s en d\u00e9finissant des \u00e9tiquettes descriptives de la r\u00e9alit\u00e9 d\u00e9sign\u00e9e. Il est donc utile de souligner qu\u2019il s\u2019agit d\u2019une cat\u00e9gorisation arbitraire car elle r\u00e9sulte de la d\u00e9cision du linguiste.<\/p>\n<p class=\"align_justify\"><img decoding=\"async\" class=\"image_inside\" src=\"http:\/\/dorif.it\/ezine\/upl\/7d1622398bfe41c397173b47e8d2fd15.jpg\" alt=\"tonti 3\" \/><\/p>\n<p class=\"align_center\"><em>Figure 3 Distribution quantitative des lexies Ripolin et de ses d\u00e9rivations r\u00e9parties par macro-th\u00e8mes circulant dans Twitter<\/em><\/p>\n<p class=\"align_justify\">Dans nos pr\u00e9c\u00e9dents travaux sur la circulation des NdM dans le discours au quotidien et notamment pour Ripolin (TONTI, 2020), l\u2019analyse \u00e9tait qualitative, mais nous pla\u00e7ant dans une perspective retra\u00e7ant l\u2019\u00e9volution de l\u2019usage-sens d\u2019une lexie ou d\u2019un syntagme, il nous a sembl\u00e9 prometteur d\u2019aborder ce ph\u00e9nom\u00e8ne d\u2019un point de vue \u00e9galement quantitatif. Par ailleurs, nous avons rep\u00e9r\u00e9 247 occurrences dans notre fouille r\u00e9cente dans Twitter, alors que les occurrences de Ripolin et de ses d\u00e9riv\u00e9s dans Araneum revenaient \u00e0 135. Des domaines de pr\u00e9f\u00e9rence avaient d\u00e9j\u00e0 \u00e9merg\u00e9 sur les autres dans les premiers temps de notre recherche sur le sujet, \u00e0 savoir la politique nationale, les partis politiques et l\u2019\u00e9thique des m\u00e9dias. La lexie Ripolin et ses d\u00e9riv\u00e9s circulent dans notre recueil de donn\u00e9es issu du corpus Araneum comme des paroles du quotidien au service de l\u2019agir communicationnel, de l\u2019argumentation, permettant de peser le pour et le contre de chaque th\u00e8se sur des questions d\u2019int\u00e9r\u00eat g\u00e9n\u00e9ral. \u00c0 la lecture de la figure 3, les donn\u00e9es chiffr\u00e9es issues des lexies de notre recueil Twitter affichent \u00e9galement une nette pr\u00e9pond\u00e9rance de la lexie circulant dans les discours politiques. La valeur de dissensus, de pol\u00e9mique, comme expression verbale d\u2019opinions contradictoires que l\u2019unit\u00e9 linguistique Ripolin acquiert, sera d\u00e9montr\u00e9e en contexte d\u2019usage. Les discours portant sur la soci\u00e9t\u00e9 et les m\u00e9dias sont \u00e9galement des expressions de dissensus de la part des scripteurs de tweets. Un traitement \u00e0 part doit \u00eatre consacr\u00e9 aux discours \u00e9tiquet\u00e9s par nos soins \u2013 de la vie au quotidien \u2013 que notre palette de lexies affecte. Les discours autour de la politique internationale et de la m\u00e9decine, dont les r\u00e9sultats sont certes plus faibles, apparaissent dans notre recueil d\u2019exemples comme de nouveaux terrains \u00e9mergeants affect\u00e9s par les lexies que nous \u00e9tudions.<\/p>\n<p class=\"align_justify\">Cet aper\u00e7u distributionnel nous permet d\u2019observer que la palette des domaines concern\u00e9s est plut\u00f4t large et que la lexie Ripolin est v\u00e9hicul\u00e9e tr\u00e8s facilement par les discours dans l\u2019espace public num\u00e9rique. Cette lexie permet d\u2019alimenter les discours et notamment la pol\u00e9mique, surtout dans le domaine politique<a href=\"#_ftn2\" name=\"_ftnref2\">[2]<\/a>, Twitter \u00e9tant \u00e0 la fois le support et le moteur de cette circulation.<\/p>\n<p class=\"align_justify\">Avant de nous atteler \u00e0 l\u2019analyse des contextes issus de Twitter, nous pr\u00e9cisons, comme le fait Longhi (2013), que \u00ab\u00a0la m\u00e9thodologie d\u2019analyse des tweets n\u2019est pas sans poser de probl\u00e8mes\u00a0\u00bb au vu de la constante \u00e9volution du r\u00e9seau. Notre recueil d\u2019exemples ne prend pas en compte les interactions, alors que par d\u00e9finition un tweet a tendance \u00e0 engager un potentiel \u00e9change conversationnel. La dimension interactive m\u00e9riterait d\u2019\u00eatre \u00e9tudi\u00e9e dans d\u2019autres travaux.<\/p>\n<h3 id=\"3-nuancier-s\u00e9mantique-de-ripo\">2.3. Nuancier s\u00e9mantique de <em>Ripolin<\/em><\/h3>\n<p class=\"align_justify\">Nous dressons un premier plan concernant l\u2019attestation de la lexie<em> Ripolin<\/em> dans diff\u00e9rents supports et nous proposons, lorsqu\u2019il est envisageable, les dates de publication de ces sources. Il s\u2019agit de cerner s\u2019il y a une \u00e9volution dans le temps et de comprendre, par ailleurs, \u00e0 quel moment les sens figur\u00e9s s\u2019attestent\u00a0:<\/p>\n<ul>\n<li>\n<p class=\"align_justify\">a) le\u00a0<em>TLFi\u00a0<\/em>atteste la pr\u00e9sence du verbe \u201c<em>ripolin<\/em>er\u201d \u00e0 partir de 1900 avec la valeur de : \u201cpeindre quelque chose au ripolin\u201d.<\/p>\n<\/li>\n<li class=\"align_justify\">b) le <em>DES <\/em>introduit \u201cripoliner\u201d comme synonyme de \u201cpeindre\u201d (d\u00e9finition datant de la consultation de la source en ao\u00fbt 2018) et le <em>Larousse <\/em>en ligne pr\u00e9cise, de surcro\u00eet, peindre d\u2019une peinture brillante (d\u00e9finition datant de la consultation de la source en ao\u00fbt 2018)\u00a0; la deuxi\u00e8me attestation du sens figur\u00e9 est la suivante\u00a0: donner \u00e0 quelque chose l&#8217;apparence, souvent trompeuse, du neuf (d\u00e9finition datant de la consultation de la source en mars 2020). La seule fiche terminologique du <em>GDT <\/em>recensant la lexie \u201cripolinage\u201d renvoie au domaine nautique et \u00e0 l\u2019action de peindre avec des vernis m\u00e9talliques (fiche datant de 1962).<\/li>\n<\/ul>\n<ul>\n<li class=\"align_justify\">c) le <em>Cordial <\/em>en ligne recense le nom \u201cripolinage\u201d comme le fait de peindre avec du Ripolin, avec une peinture laqu\u00e9e ; &#8211; (par extension) Peinture de b\u00e2timent, alors que pour le verbe \u201cripoliner\u201d, il nous renseigne ainsi : Peindre avec du Ripolin, marque d\u00e9pos\u00e9e d&#8217;une peinture laqu\u00e9e ; ses synonymes sont : laquer, badigeonner, enduire, barbouiller, peinturlurer (d\u00e9finition datant de la consultation de la source en ao\u00fbt 2018).<\/li>\n<\/ul>\n<ul>\n<li class=\"align_justify\">d) <em>l\u2019internaute.fr<\/em> Au sens figur\u00e9, ripoliner signifie masquer les d\u00e9fauts d&#8217;une personne ou d&#8217;une id\u00e9e pour qu&#8217;elle soit mieux accept\u00e9e. Le terme vient de la marque de peinture Ripolin (d\u00e9finition datant de la consultation de la source en ao\u00fbt 2018).<\/li>\n<\/ul>\n<ul>\n<li class=\"align_justify\">e) <em>le-dictionnaire.com <\/em>Ripoliner : Peindre avec une peinture ou une laque. (Figur\u00e9) Farder, masquer, rafra\u00eechir une image politique. (Ironique) Peindre sans talent. &#8211; Ripolinage : Action de recouvrir d\u2019une couche de peinture laqu\u00e9e Ripolin ; (Figur\u00e9) Action de donner un nouveau visage \u00e0 quelque chose, ou de changer l\u2019image de quelque chose (d\u00e9finition datant de la consultation de la source en ao\u00fbt 2018).<\/li>\n<\/ul>\n<ul>\n<li>\n<p class=\"align_justify\">f) <em>Usito<\/em> ripolin\u00a0: Peinture laqu\u00e9e tr\u00e8s r\u00e9sistante, \u00e0 base d&#8217;huile de lin \u00e0 l&#8217;origine, qui donne un aspect brillant. Particularisme de l\u2019usage fran\u00e7ais et europ\u00e9en. Cela n\u2019implique pas que cet emploi soit exclusif \u00e0 l\u2019usage europ\u00e9en du fran\u00e7ais, ni qu\u2019il soit totalement absent des usages qu\u00e9b\u00e9cois et canadien. Cela indique toutefois que sa fr\u00e9quence d\u2019attestation \u00e0 l\u2019\u00e9crit est significativement basse au Qu\u00e9bec et au Canada, comparativement \u00e0 celle d\u2019\u00e9quivalent(s) synonymique(s). Ripoliner\u00a0: Peindre au ripolin (d\u00e9finition datant de la consultation de la source en mars 2020).<\/p>\n<p class=\"align_justify\">\n<\/li>\n<\/ul>\n<p class=\"align_justify\">Il en r\u00e9sulte qu\u2019il y a int\u00e9gration de nouveaux sens figur\u00e9s de la lexie Ripolin et de ses d\u00e9riv\u00e9s dans les ressources dictionnairiques attestant une stabilit\u00e9 s\u00e9mantique partag\u00e9e aussi bien par le <em>Larousse.fr <\/em>que par <em>Linternaute.fr <\/em>et <em>Le-dictionnaire.com. <\/em>Le s\u00e8me de la peinture \u00e9paisse, propri\u00e9t\u00e9 typique de la marque <em>Ripolin<\/em> est transf\u00e9r\u00e9 \u00e0 l\u2019action de cacher, dissimuler une attitude, une conduite pour se montrer sous son meilleur jour, ce qui serait faussement trompeur. Par ailleurs, <em>Le-dictionnaire.com<\/em> cerne un domaine de pr\u00e9dilection pour l\u2019emploi du n\u00e9ologisme par conversion \u00ab\u00a0ripoliner\u00a0\u00bb qui circulerait davantage dans les discours portant sur l\u2019agissement des politiciens.<\/p>\n<p>&nbsp;<\/p>\n<h2 id=\"-ripoliner-un-vieux-mod\u00e8le-pl\">3. Ripoliner un vieux mod\u00e8le plut\u00f4t que changer\u00a0? Veille d\u2019usages-sens nouveaux<\/h2>\n<p>&nbsp;<\/p>\n<p class=\"align_justify\">Nous avons choisi de mettre en valeur l\u2019\u00e9volution des usages-sens recens\u00e9s jusqu\u2019\u00e0 pr\u00e9sent dans les dictionnaires et dans nos travaux pr\u00e9c\u00e9dents, tout en l\u2019accompagnant de l\u2019observation de tendances innovantes dont notre palette de lexies se ferait porteuse pour parvenir \u00e0 d\u00e9finir une certaine stabilit\u00e9 des attestations au sein de domaines aff\u00e9rents, ce qui r\u00e9pond au processus de routinisation et de r\u00e9organisation continues des associations pr\u00e9conis\u00e9 par Schmid (2015). Ne pouvant pas pr\u00e9tendre \u00e0 l\u2019exhaustivit\u00e9, nous avons op\u00e9r\u00e9 une s\u00e9lection de contextes repr\u00e9sentatifs de l\u2019\u00e9volution usage-sens des lexies \u00e9tudi\u00e9es intervenant dans des domaines souvent nouveaux par rapport \u00e0 notre premi\u00e8re recherche. Les domaines sur lesquels se focalise notre attention sont les suivants\u00a0: &#8211; la vie au quotidien\u00a0; &#8211; l\u2019am\u00e9nagement urbain\u00a0; &#8211; les m\u00e9dias et les r\u00e9seaux sociaux\u00a0; &#8211; la soci\u00e9t\u00e9 et son patrimoine national comme les sous-domaines de la sant\u00e9 et des soins m\u00e9dicaux, de l\u2019\u00e9cole et du travail\u00a0; &#8211; la chirurgie esth\u00e9tique avec un clin d\u2019\u0153il aux dires du twitteur, aux interventions dignes d\u2019un chirurgien que le Pr\u00e9sident de la R\u00e9publique r\u00e9aliserait pour rajeunir et faire semblant de renouveler le panorama des grandes fortunes de France (exemple 19). Nous proposons de fournir des exempliers sous forme de tableaux se composant de Tweets. Nous faisons suivre les exemples de leur datation pr\u00e9cise, de notre interpr\u00e9tation de l\u2019\u00e9volution de l\u2019usage-sens dont le signe ferait preuve, du nombre d\u2019occurrences attest\u00e9es \u00e0 propos de l\u2019usage-sens cern\u00e9 en lien avec le domaine de circulation de la lexie.<\/p>\n<h3 id=\"1-vie-au-quotidien\">3.1 Vie au quotidien<\/h3>\n<p class=\"align_justify\"><img decoding=\"async\" class=\"image_inside\" src=\"http:\/\/dorif.it\/ezine\/upl\/44f26205018527d1c9aed42de12106f9.jpg\" alt=\"tab 1 tonti\" \/><\/p>\n<p class=\"align_center\"><em>Tableau 1 Distribution des contextes issus de tweets o\u00f9 la lexie Ripolin, ses d\u00e9riv\u00e9s et ses formations par conversion circulent dans des sous-domaines ayant trait \u00e0 la vie au quotidien ou \u00e0 l\u2019am\u00e9nagement urbain<\/em><\/p>\n<p class=\"align_justify\">Si l\u2019exemple (1) n\u2019introduit aucune innovation du point de vue s\u00e9mantique, le petit signe d\u2019exclamation exprime une certaine approbation enthousiaste \u00e0 l\u2019\u00e9gard de cette initiative, tout en signalant que l\u2019acception du verbe \u00ab\u00a0ripoliner\u00a0\u00bb est accept\u00e9e en fran\u00e7ais de Suisse aussi. Les autres exemples introduisent tous une touche innovante affectant le domaine de l\u2019urbanisme (4) et notamment des espaces paysagers citadins ou ruraux (2)\u00a0; \u00e0 suivre, la vie au quotidien et le savoir-\u00eatre lors d\u2019un entretien d\u2019embauche pour lequel on soigne son CV (3) alors que l\u2019expert ripolin (7) para\u00eet une nouvelle substitution \u00e9conomique du nom de m\u00e9tier \u00ab\u00a0peintre en b\u00e2timent\u00a0\u00bb. Le teint h\u00e2l\u00e9 d\u2019un politicien ne passe pas inaper\u00e7u du grand public lorsque ce soin de beaut\u00e9 alterne avec le travail (9). Hormis l\u2019usage-sens du tweet (1), aucune des autres combinatoires n\u2019\u00e9tait recens\u00e9e dans notre travail (TONTI, 2020)\u00a0; les technologies informatiques sont sources de deux exemples (5) et (6) o\u00f9 les lexies <em>\u00ab\u00a0<\/em>ripoliner\u00a0\u00bb et \u00ab ripolinage complet\u00a0\u00bb ont comme point d\u2019ancrage r\u00e9f\u00e9rentiel un logiciel et une application mais aux b\u00e9n\u00e9fices diff\u00e9rents. Il en d\u00e9coule que si \u00ab\u00a0ripoliner\u00a0\u00bb est une substitution \u00e9conomique du syntagme \u00ab\u00a0nettoyage de maintenance courante sur un PC\u00a0\u00bb permettant d\u2019\u00ab\u00a0optimiser\u00a0\u00bb son outil, il faut par contre poss\u00e9der une connaissance encyclop\u00e9dique et technologique pour d\u00e9tecter le sens de la lexie \u00ab\u00a0ripolinage complet\u00a0\u00bb. Une autre attestation d\u2019usage-sens originale est propos\u00e9e par le contexte (8)\u00a0: Ripolin d\u00e9signerait, aux dires du locuteur, une marque de caf\u00e9 aux cons\u00e9quences n\u00e9fastes sur l\u2019estomac. L\u2019image qui se forge dans l\u2019esprit du lecteur est celle d\u2019une couche de substance indigeste.<\/p>\n<h3 id=\"2-m\u00e9dias-r\u00e9seaux-sociaux-et-\">3.2 M\u00e9dias, r\u00e9seaux sociaux et &#8230; <em>dissensus <\/em><\/h3>\n<p class=\"align_justify\">Lors de l\u2019exploration de notre recueil de tweets, nous avons entre-aper\u00e7u une polarisation axiologique dans nos contextes d\u2019usage. Par axiologie, nous entendons une connotation impliquant une propri\u00e9t\u00e9 n\u00e9cessaire ou contingente intrins\u00e8que \u00e0 l\u2019objet, li\u00e9e \u00e0 sa constitution, sa fonction, son but \u00e0 atteindre. C\u2019est cette propri\u00e9t\u00e9 qui est jug\u00e9e positivement ou n\u00e9gativement en fonction d\u2019une certaine norme. Dans les exemples (11) et (12), Ripolin apporte des arguments qui contribuent \u00e0 favoriser une th\u00e8se que nous allons analyser en contexte.<\/p>\n<p class=\"align_justify\"><img decoding=\"async\" class=\"image_inside\" src=\"http:\/\/dorif.it\/ezine\/upl\/b97c75c51470cd6deb966f8feaceae31.jpg\" alt=\"tab 2 tonti\" \/><\/p>\n<p class=\"align_center\"><em>Tableau 2 \u00c9chantillon de tweets portant sur le domaine des m\u00e9dias<\/em><\/p>\n<p class=\"align_justify\">Le domaine des m\u00e9dias semble confirmer les attestations de l\u2019usage-sens d\u00e9tect\u00e9es au pr\u00e9alable dans notre premi\u00e8re recherche. Globalement, c\u2019est l\u2019effet de censure ou de rab\u00e2chage qui \u00e9merge. Le tweet (10) exige une certaine connaissance culturelle pour pouvoir le d\u00e9cortiquer. Si \u00ab Clochemerle \u00bb fait allusion \u00e0 un roman r\u00e9put\u00e9 pour avoir mis en sc\u00e8ne une localit\u00e9 d\u00e9chir\u00e9e par des pol\u00e9miques et des querelles burlesques<a href=\"#_ftn3\" name=\"_ftnref3\">[3]<\/a>, le \u00ab Clochemerle \u00bb \u00e0 l\u2019\u00e8re du num\u00e9rique est remplac\u00e9 par la surveillance attentive de modernes Argos du Marketing 2.0<a href=\"#_ftn4\" name=\"_ftnref4\">[4]<\/a>, Twitter entre autres. La pol\u00e9mique est donc depuis toujours au c\u0153ur de la soci\u00e9t\u00e9. \u00c0 la suite de Ruth Amossy (2014), nous rappelons que la pol\u00e9mique publique \u00e9voqu\u00e9e par <em>Clochemerle<\/em>remplit diff\u00e9rentes fonctions sociodiscursives, entre autres celle de tisser du lien social dans le <em>dissensus<\/em>. L\u2019exemple (11) confirme la stabilisation linguistique du sens \u00ab<em>\u00a0<\/em>ripoliner\u00a0\u00bb correspondant \u00e0 censurer des informations ou \u00e0 rab\u00e2cher les m\u00eames sc\u00e9narios, intrigues, sch\u00e9mas actanciels tout en pr\u00e9tendant donner l\u2019apparence du neuf (12). Le scripteur de l\u2019exemple (11) se sert du terme \u00ab\u00a0ripolinage\u00a0\u00bb et de son s\u00e8me principal, \u00e0 savoir \u00ab\u00a0peindre\u00a0\u00bb<em>, <\/em>pour apporter un argument solide \u00e0 sa th\u00e8se d\u00e9favorable \u00e0 l\u2019action pratiqu\u00e9e par les m\u00e9dias qui effaceraient les informations par recouvrement\u00a0: propri\u00e9t\u00e9 typique de la peinture \u00e9paisse Ripolin. Les internautes recevraient, aux dires du twitteur, des informations fallacieuses. Proc\u00e9dant \u00e0 une analyse comparative des contextes r\u00e9unis lors de la fouille outill\u00e9e men\u00e9e dans <em>Araneum, <\/em>il a \u00e9t\u00e9 ais\u00e9 d\u2019attester ces usages-sens appliqu\u00e9s aux m\u00eames domaines du r\u00e9el : respectivement les m\u00e9dias de l\u2019information et les arts (TONTI 2019 : 399-400)<a href=\"#_ftn5\" name=\"_ftnref5\">[5]<\/a>. Le dernier tweet (13) porte sur un sujet d\u2019actualit\u00e9 r\u00e9cente qui est celui du mouvement des Gilets Jaunes qui, en tant que hashtag, va servir de catalyseur (REBOUL-TOURE, 2016) \u00e0 tout un ensemble de tweets en les regroupant autour de ce mot-cl\u00e9 qui est notamment le syntagme en un seul tenant : Gilets Jaunes. Le syntagme \u00ab ripolinage du diable \u00bb que BFMTV serait en train de mettre en place aux dires de ce twitteur, pourrait \u00eatre interpr\u00e9t\u00e9 comme une immense strat\u00e9gie pour embellir l\u2019image du parti politique dont le sigle, par d\u00e9tournement de lexie et remplacement des \u00e9l\u00e9ments d\u2019origine \u00e9volue vers une forme d\u2019antanaclase, un jeu de mot fond\u00e9 sur l\u2019homophonie FN-FHAINE. Le sch\u00e9ma de communication et l\u2019avertissement lanc\u00e9 sont tr\u00e8s lisibles ; l\u2019incitation \u00e0 l\u2019action et la protestation s\u2019imposent selon l\u2019auteur du tweet. La pol\u00e9mique v\u00e9hicul\u00e9e par l\u2019expression \u00ab ripolinage du diable \u00bb apporte des arguments en faveur de la th\u00e8se qui d\u00e9montrerait que la presse ne serait gu\u00e8re transparente, ce qui justifie l\u2019appel \u00e0 la protestation lanc\u00e9 aux Gilets Jaunes.<\/p>\n<h3 id=\"3-soci\u00e9t\u00e9-et--dissensus\">3.3 Soci\u00e9t\u00e9 et &#8230; <em>dissensus<\/em><\/h3>\n<p class=\"align_justify\"><img decoding=\"async\" class=\"image_inside\" src=\"http:\/\/dorif.it\/ezine\/upl\/84179f9af7ad3bea4fed4ddbd8c9c0f0.jpg\" alt=\"tab 3 tonti\" \/><\/p>\n<p class=\"align_center\"><em>Tableau 3 \u00c9chantillon de tweets aff\u00e9rant \u00e0 la sph\u00e8re sociale<\/em><\/p>\n<p class=\"align_justify\">Les tweets aff\u00e9rant au domaine social s\u2019affranchissent encore une fois des r\u00e9sultats de notre recherche pr\u00e9c\u00e9dente parce que le verbe \u00ab\u00a0ripoliner\u00a0\u00bb n\u2019intervenait pas pour s\u00e9mantiser les discours sur la sant\u00e9 publique (14 et 15), sur le concept de l\u2019\u00e9cole inclusive (comme c\u2019est le cas dans l\u2019exemple 16) ou du monde du travail (exemple 17). Ce dernier exemple soul\u00e8ve ainsi un dissensus \u00e0 l\u2019\u00e9gard du d\u00e9ferlement de contrats de travail non r\u00e8glementaires qui font replonger les travailleurs au XIX<sup>e<\/sup> si\u00e8cle. Le n\u00e9ologisme \u00ab\u00a0startupping\u00a0\u00bb n\u2019est pas innocent. La n\u00e9gligence dont l\u2019\u00c9tat aurait fait preuve au sujet du r\u00e9am\u00e9nagement et de la valorisation du syst\u00e8me de soins de sant\u00e9 s\u2019impose dans les exemples (14) et (15). Si un \u00ab\u00a0coup de ripolin\u00a0\u00bb n\u2019est nullement innovant du point de vue s\u00e9mantique, la r\u00e9p\u00e9tition et la routinisation du domaine concern\u00e9 en association avec les lexies \u00e9tudi\u00e9es nous int\u00e9ressent. La consultation m\u00e9dicale qui par glissement est remplac\u00e9e par le \u00ab\u00a0t\u00e9l\u00e9machin\u00a0\u00bb \u00e0 la qualit\u00e9 et \u00e0 l\u2019efficacit\u00e9 douteuses est assimil\u00e9e \u00e0 un cache-mis\u00e8re que la peinture Ripolin ne parvient pas \u00e0 dissimuler.<\/p>\n<h3 id=\"4-chirurgie-esth\u00e9tique-et--di\">3.4 Chirurgie esth\u00e9tique et &#8230; <em>dissensus<\/em><\/h3>\n<p class=\"align_justify\">Nous avions annonc\u00e9 que le mod\u00e8le EC puise dans le concept d\u2019enracinement qui est d\u00e9fini comme la routinisation et la r\u00e9organisation constantes des associations, en fonction de l&#8217;exposition et de la fr\u00e9quence d&#8217;\u00e9v\u00e9nements de traitement identiques ou similaires dans d\u2019autres domaines du lexique. Notre fouille dans Twitter a permis de faire \u00e9merger que les utilisateurs se servent du verbe \u00ab\u00a0ripolin(is)er\u00a0\u00bb pour se rapporter \u00e0 la chirurgie esth\u00e9tique avec une survie d\u2019emploi du verbe dans le domaine en objet. Certes, il est utile de remarquer que cet aspect du r\u00e9el, pr\u00e9sentant seulement deux occurrences dans notre corpus de tweets, n\u2019est pas repr\u00e9sentationnel du ph\u00e9nom\u00e8ne de routinisation des associations. Il est tout de m\u00eame int\u00e9ressant du point de vue de l\u2019argumentation.<\/p>\n<p class=\"align_justify\"><img decoding=\"async\" class=\"image_inside\" src=\"http:\/\/dorif.it\/ezine\/upl\/f5b4b189b87a54bbfff5097577120e9c.jpg\" alt=\"tab 4 tonti\" \/><\/p>\n<p class=\"align_center\"><em>Tableau 4 \u00c9chantillon de tweets aff\u00e9rant \u00e0 des usages de \u00ab\u00a0ripolin(is)er\u00a0\u00bb et de \u00ab\u00a0ripoliner\u00a0\u00bb dans le domaine de la chirurgie esth\u00e9tique<\/em><\/p>\n<p class=\"align_justify\">En ce qui concerne la formation de verbes en tant que formes n\u00e9ologiques, nous observons qu\u2019en dehors de \u2013<em>iser <\/em>(suffixe d\u00e9rivationnel), aucun suffixe ne permet de cr\u00e9er des verbes en fran\u00e7ais, <em>-er<\/em> \u00e9tant le seul morph\u00e8me d\u00e9sinentiel productif. \u00ab\u00a0Se faire ripoliniser\u00a0\u00bb (18) est attest\u00e9 pour la premi\u00e8re fois, \u00e0 notre connaissance, dans ce tweet du 30 septembre 2009. Le s\u00e8me de la retouche chirurgicale et davantage esth\u00e9tique des exemples datant de 2009 et de 2015 est transf\u00e9r\u00e9 au \u00ab\u00a0bistouri macroniste\u00a0\u00bb qui \u00ab\u00a0ripoline\u00a0\u00bb. Trois domaines s\u2019imbriquent dans la m\u00eame m\u00e9taphore\u00a0: le domaine de la chirurgie esth\u00e9tique, de la peinture en b\u00e2timent et le domaine de la politique. La fa\u00e7ade des grandes fortunes de France est compar\u00e9e par le biais de la m\u00e9taphore \u00e0 un visage que \u00ab\u00a0le chirurgien\u00a0Macron \u00bb rajeunirait par un coup de bistouri. \u00ab\u00a0Ripoliner\u00a0\u00bb correspondrait \u00e0 l\u2019action de ravaler une fa\u00e7ade au sens propre comme au sens figur\u00e9 du terme si on consid\u00e8re l\u2019expression famili\u00e8re\u00a0: \u00ab\u00a0se faire ravaler la fa\u00e7ade\u00a0\u00bb (expression d\u00e9signant une op\u00e9ration esth\u00e9tique du visage).<\/p>\n<p>&nbsp;<\/p>\n<h2 id=\"-besoins-de-nomination\u00a0:-\u00ab\u00a0\">4. Besoins de nomination\u00a0: \u00ab\u00a0ripolinage vert\u00a0\u00bb, \u00ab\u00a0ripolinade de style\u00a0\u00bb, \u00ab\u00a0trottoirs ripolins\u00a0\u00bb, \u00ab\u00a0#ripolineur\u00a0\u00bb et bien plus<\/h2>\n<p>&nbsp;<\/p>\n<p class=\"align_justify\">Lors de notre r\u00e9flexion sur l\u2019\u00e9volution de l\u2019usage-sens des lexies explor\u00e9es au sein de Twitter en association \u00e0 une s\u00e9lection de domaines pr\u00e9f\u00e9rentiels, nous n\u2019avons pas pu valoriser le crit\u00e8re socio-g\u00e9ographique et les collocatifs ou autres lexies qui accompagnent le mot-pivot \u00ab ripolinage \u00bb et ses acolytes (\u00ab ripolinade \u00bb, \u00ab ripolineur \u00bb &#8230;). Nous allons maintenant en esquisser une br\u00e8ve \u00e9tude. Les exemples que nous allons \u00e9tudier ne sont pas des hapax, car nous en avons trouv\u00e9 un certain nombre dans nos tweets (10 occurrences au total)<a href=\"#_ftn6\" name=\"_ftnref6\">[6]<\/a>.<\/p>\n<h3 id=\"1-circulation-des-discours-et-\">4.1. Circulation des discours et variation diatopique<\/h3>\n<p class=\"align_justify\">La circulation des discours \u00e9tant le format m\u00eame de la pol\u00e9mique selon Amossy, il nous appartient de d\u00e9couvrir leur espace public g\u00e9ographique<a href=\"#_ftn7\" name=\"_ftnref7\">[7]<\/a>.<\/p>\n<blockquote>\n<p>(20) 8 avril 2020<\/p>\n<p class=\"align_justify\">Ds la s\u00e9rie <strong>&#8220;utilisons la pand\u00e9mie pr <\/strong><strong>ripoliner<\/strong><strong> notre image&#8221;<\/strong>, #PaulCanarelli sans scrupule continue \u00e0 prendre les gens pour des cr\u00e9tins : que ce corrompu rende \u00e0 l&#8217;h\u00f4pital public les sommes soustraites aux imp\u00f4ts via ses soci\u00e9t\u00e9s off-shore, d&#8217;abord. #Murtoli<\/p>\n<\/blockquote>\n<p class=\"align_justify\">Ne disposant pas d\u2019une extension de domaine nationale s\u00e9par\u00e9e pour chaque compte Twitter, nous pouvons d\u00e9tecter la localisation du discours par le hashtag de la ville corse de Murtoli, dont le comportement \u00e0 la probit\u00e9 douteuse de l\u2019un de ses notables ferait l\u2019objet de <em>dissensus<\/em> et servirait \u00e0 mettre tristement en exergue le manque de fonds des h\u00f4pitaux locaux.<\/p>\n<blockquote>\n<p>(21) 26 f\u00e9vrier 2019<\/p>\n<p class=\"align_justify\">Trop de logements sociaux tue la mixit\u00e9 sociale.<\/p>\n<p class=\"align_justify\">&#8220;<strong>Ripoliner<\/strong> les <strong>fa\u00e7ades<\/strong> ne change rien \u00e0 la concentration de probl\u00e8mes sociaux (&#8230;). La <strong>ghetto\u00efsation<\/strong> existe m\u00eame dans certains quartiers de Paris&#8221; rappelle @vpecresse.<\/p>\n<\/blockquote>\n<blockquote>\n<p>(22) 12 f\u00e9vrier 2020<\/p>\n<p class=\"align_justify\">Une r\u00e9flexion et des propositions globales pour Paris demain et non du <strong>ripolinage <\/strong><strong>en vert<\/strong> de programme municipal. Terra Nova | Faire le Paris de demain : une ville r\u00e9siliente et s\u00fbre, un horizon \u00e9cologiste pour la ville d\u00e9carbon\u00e9e.<\/p>\n<\/blockquote>\n<p class=\"align_justify\">Logement et environnement apparaissent comme des th\u00e8mes-phares de la capitale dont la relativisation \u00e0 coups de ripolin ne peut plus continuer.<\/p>\n<blockquote>\n<p>(23) 31 mars 2019<\/p>\n<p class=\"align_justify\">DailyObs sur le trottoir <strong>Ripolin<\/strong> du boulevard Longchamp<\/p>\n<p class=\"align_justify\">#DailyObs &#8211; Boulevard Longchamp &#8211; Marseille<\/p>\n<p class=\"align_justify\">Les <strong>trottoirs ripolins<\/strong>, \u00e0 base de peinture, ne sont pas des pistes cyclables. Construire de vrais am\u00e9nagements cyclables \u00e0 Marseille est la solution num\u00e9ro un&#8230;<\/p>\n<\/blockquote>\n<blockquote>\n<p>(24) 19 juillet 2019<\/p>\n<p class=\"align_justify\">y&#8217;a de la <strong>ripolinade<\/strong> !<\/p>\n<p class=\"align_justify\">Merci de provoquer l&#8217;occasion de remettre \u00e0 l&#8217;honneur le <strong>#TrottoirRipolin<\/strong>, que les <strong>montpelli\u00e9rains<\/strong> se d\u00e9pla\u00e7ant \u00e0 v\u00e9lo connaissent si bien alors m\u00eame que le @ceremaCom l&#8217;indique comme \u00e9tant non r\u00e9glementaire&#8230;<\/p>\n<\/blockquote>\n<p class=\"align_justify\">Nous observons ici un emploi absolument cr\u00e9atif de la lexie Ripolin, dans l\u2019exemple (23), le scripteur semble dans un entre-deux, ind\u00e9cis sur le marquage de la majuscule ou non du signe de la marque <em>Ripolin<\/em> \u00e0 ses origines. Il serait possible d\u2019entrapercevoir dans les exemples (23 et 24) comme des \u00e9quivalents spontan\u00e9s de \u00ab\u00a0greenwashing\u00a0\u00bb, \u00e0 savoir un proc\u00e9d\u00e9 de relations publiques adopt\u00e9 en l\u2019occurrence par une administration publique pour se b\u00e2tir une image de responsabilit\u00e9 \u00e9cologique trompeuse. De plus, Ripolin subit une conversion, pour son emploi innovant dans une autre partie du discours que celle d\u2019origine\u00a0; \u00e9tant employ\u00e9 comme adjectif, il prend les marques flexionnelles de la nouvelle cat\u00e9gorie (trottoirs ripolins) (SABLAYROLLES 2017\u00a0: 44). L\u2019am\u00e9nagement de pistes cyclables qui ne seraient pas des trottoirs pi\u00e9tonniers est source de <em>dissensus<\/em> aussi bien \u00e0 Marseille qu\u2019\u00e0 Montpellier. La n\u00e9gligence des \u00e9diles des deux villes ayant d\u00e9vers\u00e9 des couches \u00e9paisses de peinture et r\u00e9alisant une \u00ab\u00a0ripolinade\u00a0\u00bb, pousse les citoyens \u00e0 partager ce probl\u00e8me qui obtient sa plus large visibilit\u00e9 en tant que sujet m\u00eame du hashtag #TrottoirRipolin, v\u00e9ritable s\u00e9same parce qu\u2019il permet de cr\u00e9er des connexions instantan\u00e9es avec d\u2019autres utilisateurs. Le mot \u00ab\u00a0ripolinade\u00a0\u00bb \u00e9voque au lecteur les lexies \u00ab\u00a0pantalonade\u00a0\u00bb et \u00ab\u00a0rigolade\u00a0\u00bb, (terme certes familier mais qui nous semble porteur de par sa paronomase). Ainsi trois sens se superposent dans cette lexie\u00a0: l\u2019id\u00e9e de cacher quelque chose sous une couche de peinture (ripolin) s\u2019imbrique dans celle de se moquer des gens (insuffl\u00e9e par le suffixe en &#8211;<em>ade<\/em>). La politique des pistes cyclables \u00e0 Marseille serait donc une v\u00e9ritable clownerie, une mascarade et peut-\u00eatre une ultime \u00ab\u00a0d\u00e9robade\u00a0\u00bb des politiques. La lexie \u00ab\u00a0ripolinade\u00a0\u00bb pointe bien du doigt cet aspect argumentatif mis en avant par Amossy.<\/p>\n<blockquote>\n<p>(25) 20 juin 2017<\/p>\n<p class=\"align_justify\">&#8220;<strong>Marseille <\/strong>ne sera jamais Nice, m\u00eame <strong>ripolin\u00e9e<\/strong> ou karch\u00e9ris\u00e9e&#8221;, la cit\u00e9 phoc\u00e9enne, plages et clivages.<\/p>\n<\/blockquote>\n<p class=\"align_justify\">Marseille ne cesse de faire parler d\u2019elle et de ses contrastes, les deux participes pass\u00e9s \u00e0 valeur adjectivale \u00ab\u00a0ripolin\u00e9e\u00a0\u00bb et \u00ab\u00a0karch\u00e9ris\u00e9e\u00a0\u00bb montrent une volont\u00e9 de la part des parlants de transf\u00e9rer les caract\u00e9ristiques du NdM \u00e0 un \u00e9ventuel plan de revalorisation du patrimoine urbain aux r\u00e9sultats peu probants.<\/p>\n<p class=\"align_justify\">Compte tenu des limites de rep\u00e9rage impos\u00e9es par l\u2019outil Twitter, la fouille par marqueurs g\u00e9ographiques permet n\u00e9anmoins d\u2019acc\u00e9der \u00e0 une meilleure connaissance des sujets \u00e0 d\u00e9bat d\u2019int\u00e9r\u00eat public qui peuvent \u00eatre les m\u00eames (le #TrottoirRipolin) ou constituer une sp\u00e9cificit\u00e9 locale (#Murtoli et les coupures des fonds \u00e0 l\u2019h\u00f4pital public).<\/p>\n<h3 id=\"2-adjectifs-de-couleur\u00a0:-acco\">4.2. Adjectifs de couleur\u00a0: accompagnateurs attitr\u00e9s<\/h3>\n<p class=\"align_justify\">Le nuancier Ripolin n\u2019est pas d\u00e9pourvu de sens et les crit\u00e8res s\u00e9mantiques qui conduisent le mot de base (\u00ab\u00a0ripolin\u00a0\u00bb, \u00ab\u00a0ripolinage\u00a0\u00bb et d\u00e9sormais \u00ab\u00a0ripolinade\u00a0\u00bb) et le verbe d\u00e9riv\u00e9 (\u00ab\u00a0ripoliniser\u00a0\u00bb) ou cr\u00e9\u00e9 par conversion (\u00ab\u00a0ripoliner\u00a0\u00bb) \u00e0 s\u2019associer avec des collocatifs auxquels d\u2019autres lexies s\u2019opposent n\u2019est pas un \u00e9piph\u00e9nom\u00e8ne.<\/p>\n<p class=\"align_justify\">Lorsque les adjectifs de couleur sont choisis comme accompagnateurs sp\u00e9cifiques, ils servent g\u00e9n\u00e9ralement la cause de l\u2019identification d\u2019un parti politique \u00e0 l\u2019efficacit\u00e9 souvent douteuse.<\/p>\n<p class=\"align_justify\"><img decoding=\"async\" class=\"image_inside\" src=\"http:\/\/dorif.it\/ezine\/upl\/02ed3c34009a0ff2b91c4f5ddbfe7c27.jpg\" alt=\"tab 5 tonti\" \/><\/p>\n<p class=\"align_center\"><em>Tableau 5 Collocatifs de \u00ab\u00a0ripolinage\u00a0\u00bb et de \u00ab\u00a0ripoliner\u00a0\u00bb dans Twitter au 13 avril 2020 (corpus de 247 occurrences au total)<\/em><\/p>\n<p class=\"align_justify\">La palette des couleurs s\u2019\u00e9largit par rapport \u00e0 notre recherche pr\u00e9c\u00e9dente\u00a0: bien que le vert continue de s\u2019imposer, le rouge nous parle de la politique internationale et des choix cibl\u00e9s que le g\u00e9ant de l\u2019Internet chinois Baidu adopte \u00e0 l\u2019approche des 90 ans du PCC. Le jaune nous parle de la pi\u00e8ce vestimentaire qui par raccourci m\u00e9tonymique d\u00e9signe le mouvement des Gilets Jaunes alors que \u00ab\u00a0ripoliner en rose\u00a0des \u00e9lections pseudo-d\u00e9mocratiques qui mettent au pouvoir les m\u00eames\u00a0\u00bb est une solution \u00e9conomique pour signifier le c\u00f4t\u00e9 r\u00e9actionnaire de la politique, dont le but serait de v\u00e9hiculer une nouvelle image faussement illusoire sous pr\u00e9texte d\u2019\u00e9lire des femmes.<\/p>\n<blockquote>\n<p>(26) 15 novembre 2019<\/p>\n<p class=\"align_justify\">@LaREM_AN<\/p>\n<p class=\"align_justify\">Un joli discours bien <strong>ripolin\u00e9<\/strong><strong> en vert-\u00e9colo<\/strong> le matin, qq larmes sr les for\u00eats en feu \u00e0 midi et \u00e0 la nuit on se transforme en loup garou et on saigne la plan\u00e8te !<\/p>\n<\/blockquote>\n<p class=\"align_justify\">L\u2019accumulation du mot \u00ab\u00a0\u00e9cologie\u00a0\u00bb et de la couleur par antonomase \u00e9cologique, celle du \u00ab\u00a0vert\u00a0\u00bb en association avec \u00ab\u00a0ripoliner\u00a0\u00bb, accompagn\u00e9e de la suite d\u2019argumentations qui d\u00e9notent le manque de conviction id\u00e9ologique du parti en question pourrait \u00eatre interpr\u00e9t\u00e9e comme un ripolinage de fa\u00e7ade. Le scripteur se sert du syntagme compos\u00e9 du participe pass\u00e9 (\u00ab\u00a0ripolin\u00e9\u00a0\u00bb) et du compl\u00e9ment pr\u00e9positionnel (\u00ab\u00a0en vert-\u00e9colo\u00a0\u00bb) pour mettre l\u2019accent sur une politique qui r\u00e9injecterait des propositions \u00e9cologiques dans son programme\u00a0; mais la suite du tweet argumente \u00e0 propos de l\u2019hypocrisie de cette politique qui se refait une beaut\u00e9 par cette couche de peinture mise sur sa fa\u00e7ade.<\/p>\n<blockquote>\n<p>(27) 9 mai 2019<\/p>\n<p class=\"align_justify\">Le <strong>ripolinage<\/strong><strong> verd\u00e2tre<\/strong> de la Macronie est assez cocasse&#8230;<\/p>\n<\/blockquote>\n<p class=\"align_justify\">Dans \u00ab\u00a0ripolinage\u00a0\u00bb le s\u00e8me du r\u00e9f\u00e9rent initial de \u00ab\u00a0ripolin\u00a0\u00bb, \u00e0 savoir celui de peinture, est transf\u00e9r\u00e9 au nom d\u00e9signant l\u2019action d\u2019\u00e9taler ce produit. L\u2019emploi du suffixe p\u00e9joratif &#8211;<em>\u00e2tre<\/em> et de l\u2019adjectif non d\u00e9riv\u00e9 \u00ab\u00a0cocasse\u00a0\u00bb permettent de remarquer la valeur axiologiquement n\u00e9gative qui se greffe sur \u00ab\u00a0ripolinage\u00a0\u00bb, mot-pivot dont la polarisation axiologique est d\u00e9j\u00e0 connot\u00e9e. L\u2019\u00e9cologie servirait-elle \u00e0 redorer le blason des politiques\u00a0?<\/p>\n<h3 id=\"3-y-aurait-il-une-d\u00e9perdition\">4.3. Y aurait-il une d\u00e9perdition du sens des mots derri\u00e8re ce \u00ab\u00a0ripolinage s\u00e9mantique\u00a0\u00bb\u00a0?<\/h3>\n<p class=\"align_justify\"><img decoding=\"async\" class=\"image_inside\" src=\"http:\/\/dorif.it\/ezine\/upl\/b6668578388997e9136550a9ee7ad164.jpg\" alt=\"tab 6 tonti\" \/><\/p>\n<p class=\"align_center\"><em>Tableau 6 Collocatifs de \u00ab\u00a0ripolinage\u00a0\u00bb et de \u00ab\u00a0ripolinade\u00a0\u00bb dans Twitter au 13 avril 2020 (corpus de 247 occurrences au total)<\/em><\/p>\n<p class=\"align_justify\">Le voisinage syntaxique des mots \u00ab\u00a0ripolinage\u00a0\u00bb et \u00ab\u00a0ripolinade\u00a0\u00bb met en valeur le collocatif adjectival \u00ab\u00a0s\u00e9mantique\u00a0\u00bb pour lequel nous proposons le tweet suivant en guise d\u2019exemple\u00a0:<\/p>\n<blockquote>\n<p>(28) 13 avril 2020<\/p>\n<p class=\"align_justify\"><strong>C&#8217;est du ripolinage s\u00e9mantique<\/strong> via un vocable qui leur permet de s&#8217;acheter une sorte de conscience &#8220;propre&#8221;. De la novlangue<a href=\"#_ftn8\" name=\"_ftnref8\">[8]<\/a> en guise de paravent d&#8217;une respectabilit\u00e9 de forme qui n&#8217;\u00e9lude en rien leur fond naus\u00e9eux !<\/p>\n<\/blockquote>\n<p class=\"align_justify\">Alors que \u00ab ripolinage\u00a0\u00bb est en soi une forme qui ne figure pas dans les dictionnaires bien que son int\u00e9gration dans le stock lexiculturel des parlants ne soit plus \u00e0 faire, le syntagme \u00ab\u00a0ripolinage s\u00e9mantique\u00a0\u00bb appara\u00eet comme une forme hypern\u00e9ologique. Dans cette expression, c\u2019est la langue m\u00eame qui va en \u00eatre affect\u00e9e. Nous sommes tent\u00e9e d\u2019interpr\u00e9ter ce syntagme par\u00a0:\u00a0d\u00e9gradation de la langue \u00e0 cause de la d\u00e9perdition du sens des mots qui dissimulent le vrai fond de la pens\u00e9e.<\/p>\n<p class=\"align_justify\">Nous proc\u00e9dons \u00e0 une derni\u00e8re s\u00e9lection de tweets soulignant le voisinage de droite de \u00ab\u00a0ripolineur<em>\u00a0<\/em>\u00bb. Premi\u00e8rement, une tendance se dessine avec le syntagme en un seul tenant #Ripolineur #SarkoBismuth\u00a0; deuxi\u00e8mement, la construction agentive \u00ab\u00a0ripolineur\u00a0\u00bb s\u2019associe \u00e0 \u00ab\u00a0de CV\u00a0\u00bb (3 occurrences), \u00ab\u00a0chef\u00a0\u00bb (1 occurrence) et \u00ab\u00a0de communistes\u00a0\u00bb\u00a0:<\/p>\n<blockquote>\n<p>(29) 12 janvier 2018<\/p>\n<p class=\"align_justify\">Il attend son dipl\u00f4me de &#8220;ripolineur&#8221; chef pour \u00eatre chroniqueur &#8230;<\/p>\n<\/blockquote>\n<blockquote>\n<p>(30) 21 f\u00e9vrier 2013<\/p>\n<p class=\"align_justify\">La France, ce pays moderne o\u00f9 l&#8217;on en est \u00e0 d\u00e9partager un ripolineur de communistes et une maquilleuse<a href=\"#_ftn9\" name=\"_ftnref9\">[9]<\/a> de fascistes.<\/p>\n<\/blockquote>\n<p class=\"align_justify\">D\u00e9cid\u00e9ment, les d\u00e9bats sur la politique apparaissent comme un terrain fertile de cr\u00e9ations lexicales et d\u2019\u00e9changes fournissant de nombreuses pistes argumentatives. La critique du m\u00e9tadiscours qui produit des formules fortes vise des cibles politiques, provoque un choc de th\u00e8ses antagonistes et polarise les Fran\u00e7ais en deux groupes \u00e0 propos de l\u2019adjectif qualificatif \u00ab\u00a0moderne\u00a0\u00bb associ\u00e9 au pays.<\/p>\n<p>&nbsp;<\/p>\n<h2 id=\"conclusion\">Conclusion<\/h2>\n<p>&nbsp;<\/p>\n<p class=\"align_justify\">Notre analyse nous a permis d\u2019\u00e9tablir une mise \u00e0 jour, certes partielle, de l\u2019\u00e9tat des lieux des usages-sens de la lexie Ripolin et de ses d\u00e9rivations suffixationnelles et par conversion, et d\u2019observer leur \u00e9volution au sein du r\u00e9seau socio-num\u00e9rique Twitter. Loin d\u2019\u00eatre un \u00e9piph\u00e9nom\u00e8ne, la n\u00e9ologie s\u00e9mantique, qui est \u00e0 l\u2019origine d\u2019une polys\u00e9mie en discours, montre que l\u2019infl\u00e9chissement du sens, r\u00e9alis\u00e9 par la s\u00e9lection de nouveaux s\u00e8mes et par la modification du r\u00e9f\u00e9rent, confirme l\u2019existence d\u2019une dynamique s\u00e9mantique mise en \u0153uvre par la s\u00e9lection lexiculturelle des twitteurs, selon les domaines d\u2019aff\u00e9rence. Certains d\u2019entre eux apparaissent comme des \u00e9vidences dans notre travail pr\u00e9c\u00e9dent conduit dans <em>Araneum <\/em>dont la derni\u00e8re mise \u00e0 jour remonte \u00e0 2015 (kontext.korpus.cz). Il s\u2019agissait des discours portant sur la politique, l\u2019am\u00e9nagement urbain, un geste de la vie au quotidien comme le maquillage avec une connotation p\u00e9jorative ou encore l\u2019\u00e9thique m\u00e9diatique. Nombre de contextes recens\u00e9s dans les blogs ne permettent pas de remonter \u00e0 une datation pr\u00e9cise alors que la fouille dans Twitter s\u2019est av\u00e9r\u00e9e efficace pour d\u00e9terminer\u00a0un intervalle temporel d\u00e9fini de circulation de la lexie en objet et de ses usages-sens dans des domaines innovants. Ainsi, Ripolin est au c\u0153ur de l\u2019actualit\u00e9 comme parole qui prolif\u00e8re au quotidien. L\u2019instantan\u00e9 que nous avons fix\u00e9 est arr\u00eat\u00e9 au 13 avril 2020. La vie au quotidien dans ses moindres gestes est affect\u00e9e par la polys\u00e9mie de cette lexie. L\u2019un des usages-sens innovants est notamment celui qui se r\u00e9f\u00e8re au soin que l\u2019on prend pour peaufiner son CV afin de se mettre en valeur (3). Les formes respectivement par conversion et par d\u00e9rivation suffixationnelle (ripoliner et ripolinage) apportent des solutions m\u00e9lioratives (5) et (6).<\/p>\n<p class=\"align_justify\">Les tweets \u00e9tant au c\u0153ur de l\u2019actualit\u00e9 la plus r\u00e9cente, la fr\u00e9quence d\u2019un domaine et des usages-sens de la lexie en objet s\u2019impose\u00a0: le domaine m\u00e9dical et sanitaire serait en souffrance \u00e0 cause d\u2019une gestion douteuse de ces ressources. La valeur argumentative de la lexie r\u00e9pond au besoin d\u2019exprimer son <em>dissensus <\/em>\u00e0 l\u2019\u00e9gard de certaines d\u00e9cisions. Les domaines d\u2019int\u00e9r\u00eat public comme les soins m\u00e9dicaux, l\u2019\u00e9cole, le monde du travail rencontrent leurs premi\u00e8res attestations en janvier 2018. Les usages-sens les plus r\u00e9currents int\u00e8grent la propri\u00e9t\u00e9 typique d\u2019une peinture\u00a0: l\u2019effacement par recouvrement, sous pr\u00e9texte d\u2019\u00eatre faussement m\u00e9lioratif, en est un exemple.<\/p>\n<p class=\"align_justify\">Ce dernier exemple nous am\u00e8ne tout droit vers la m\u00e9taphore du \u00ab\u00a0trottoir ripolin\u00a0\u00bb, substitution \u00e9conomique et allusive pour d\u00e9signer des pistes cyclables aux apparences trompeuses. Le <em>dissensus <\/em>\u00e9tant une modalit\u00e9 argumentative pr\u00e9conis\u00e9e par Amossy (2014), les lexies en objet contribuent \u00e0 enrichir le stock lexiculturel des locuteurs pr\u00eats \u00e0 les int\u00e9grer dans les situations du r\u00e9el les plus diverses, jusqu\u2019\u00e0 parvenir au paroxysme de la langue qui sous l\u2019effet d\u2019un \u00ab\u00a0ripolinage s\u00e9mantique\u00a0\u00bb, serait vid\u00e9e du sens de ses mots, r\u00e9v\u00e9lant en cela une certaine d\u00e9perdition des valeurs.<\/p>\n<p>&nbsp;<\/p>\n<h2 id=\"r\u00e9f\u00e9rences-bibliographiques\">R\u00e9f\u00e9rences bibliographiques<\/h2>\n<p>&nbsp;<\/p>\n<p class=\"align_justify\">AMOSSY, Ruth, <em>Apologie de la pol\u00e9mique<\/em>, Paris, PUF, coll. \u00ab L\u2019Interrogation philosophique \u00bb, 2014.<\/p>\n<p class=\"align_justify\">BLUMENTHAL, Peter, \u00ab\u00a0Profil combinatoire des mots : analyse contrastive. La phras\u00e9ologie dans tous ses \u00e9tats\u00a0\u00bb, <em>Cahiers de l\u2019Institut de linguistique de Louvain<\/em>, n\u00b0 31, vol. 2, 2005, p. 131-148.<\/p>\n<p class=\"align_justify\">LONGHI, Julien, \u00ab\u00a0Essai de caract\u00e9risation du tweet politique\u00a0\u00bb, <em>L\u2019information grammaticale<\/em>, n\u00b0 136, 2013, p. 25-32. \u200c<\/p>\n<p class=\"align_justify\">PAVEAU, Marie-Anne, \u00ab Activit\u00e9s langagi\u00e8res et technologie discursive. L\u2019exemple de Twitter \u00bb, <em>La pens\u00e9e du discours<\/em> [carnet de recherche], 2012, en ligne\u00a0:<br \/>\n<a title=\"Il link apre una nuova finestra.\" href=\"https:\/\/penseedudiscours.hypotheses.org\/8338\" target=\"_blank\" rel=\"esterno noopener noreferrer\">https:\/\/penseedudiscours.hypotheses.org\/8338<\/a> [consult\u00e9 le 13\/07\/2020].<\/p>\n<p class=\"align_justify\">POUDAT, C\u00e9line, LANDRAGIN, Fr\u00e9d\u00e9ric, <em>Explorer un corpus textuel\u00a0: m\u00e9thodes, pratiques, outils, <\/em>Louvain-la-Neuve, De Boeck Sup\u00e9rieur, 2017.<\/p>\n<p class=\"align_justify\">RIEGEL, Martin, <em>et al<\/em>.<em>, <\/em><em>Grammaire m\u00e9thodique du fran\u00e7ais<\/em>, Paris, PUF, Coll. \u00ab\u00a0Quadrige manuels\u00a0\u00bb, 2016 [1994].<\/p>\n<p class=\"align_justify\">REBOUL-TOUR\u00c9, Sandrine, \u00ab\u00a0Les tweets\u00a0: un lieu pour la cr\u00e9ativit\u00e9 lexicale\u00a0?\u00a0\u00bb, in JACQUET-PFAU, Christine, SABLAYROLLES, Jean-Fran\u00e7ois, <em>La fabrique des mots fran\u00e7ais<\/em>, Lambert-Lucas, 2016, p. 313-326.<\/p>\n<p class=\"align_justify\">SABLAYROLLES, Jean-Fran\u00e7ois, \u00ab Cr\u00e9ativit\u00e9 lexicale en discours li\u00e9e \u00e0 l\u2019existence de paradigmes \u00bb, <em>Signata, <\/em>n\u00b0 8, 2017, en ligne\u00a0:<br \/>\n<a title=\"Il link apre una nuova finestra.\" href=\"https:\/\/journals.openedition.org\/signata\/1345\" target=\"_blank\" rel=\"esterno noopener noreferrer\">https:\/\/journals.openedition.org\/signata\/1345<\/a> [consult\u00e9 le 13\/07\/2020].<\/p>\n<p class=\"align_justify\">SCHMID, Hans-J\u00f6rg, \u00ab A blueprint of the entrenchment-and-conventionalization model\u00a0\u00bb, <em>Yearbook of the German Cognitive Linguistics Association<\/em>, n\u00b0 3, vol. 1, 2015, p. 1-27.<\/p>\n<p class=\"align_justify\">TONTI, Michela, <em>Lexiculture et linguistique : une approche, guid\u00e9e sur corpus, des noms de marque dans le discours au quotidien<\/em>, Th\u00e8se de Doctorat Alma Mater Studiorum Universit\u00e0 di Bologna &#8211; Dipartimento Interpretazione e Traduzione &#8211; Forl\u00ec, 22 mars 2019, sous la dir. de MALDUSSI, Danio et SOFFRITTI, Marcello.<\/p>\n<p class=\"align_justify\">TONTI, Michela,\u00a0<em>Le nom de marque dans le discours au quotidien : prisme lexiculturel et linguistique<\/em>, Paris, L\u2019Harmattan, Coll. \u00ab Laboratorio@francesisti.it\u00a0\u00bb, 2020.<\/p>\n<p>&nbsp;<\/p>\n<h2 id=\"webinographie\">Webinographie<\/h2>\n<p>&nbsp;<\/p>\n<h3 id=\"corpus-\u00e9lectroniques\u00a0:\">Corpus \u00e9lectroniques\u00a0:<\/h3>\n<p class=\"align_justify\">Corpus <em>Araneum Francogallicum Maius<\/em> <a title=\"Il link apre una nuova finestra.\" href=\"https:\/\/kontext.korpus.cz\/\" target=\"_blank\" rel=\"esterno noopener noreferrer\">https:\/\/kontext.korpus.cz<\/a><\/p>\n<p class=\"align_justify\">Corpus <em>Twitter<\/em> <a title=\"Il link apre una nuova finestra.\" href=\"https:\/\/twitter.com\/\" target=\"_blank\" rel=\"esterno noopener noreferrer\">https:\/\/twitter.com<\/a><\/p>\n<h3 id=\"dictionnaires\u00a0:\">Dictionnaires\u00a0:<\/h3>\n<p class=\"align_justify\"><a title=\"Il link apre una nuova finestra.\" href=\"http:\/\/dorif.it\/ezine\/www.cordial.fr\/dictionnaire\/\" target=\"_blank\" rel=\"esterno noopener noreferrer\">www.cordial.fr\/dictionnaire\/<\/a><\/p>\n<p class=\"align_justify\"><em>Dictionnaire Electronique des Synonymes (DES)<\/em> <a title=\"Il link apre una nuova finestra.\" href=\"http:\/\/dorif.it\/ezine\/crisco2.unicaen.fr\/des\/\" target=\"_blank\" rel=\"esterno noopener noreferrer\">crisco2.unicaen.fr\/des\/<\/a><\/p>\n<p class=\"align_justify\"><a title=\"Il link apre una nuova finestra.\" href=\"http:\/\/dorif.it\/ezine\/www.larousse.fr\" target=\"_blank\" rel=\"esterno noopener noreferrer\">www.larousse.fr<\/a><\/p>\n<p class=\"align_justify\"><a title=\"Il link apre una nuova finestra.\" href=\"http:\/\/dorif.it\/ezine\/le-dictionnaire.com\" target=\"_blank\" rel=\"esterno noopener noreferrer\">le-dictionnaire.com<\/a><\/p>\n<p class=\"align_justify\"><em>Le grand dictionnaire terminologique (GDT)<\/em> <a title=\"Il link apre una nuova finestra.\" href=\"http:\/\/dorif.it\/ezine\/gdt.oqlf.gouv.qc.ca\/\" target=\"_blank\" rel=\"esterno noopener noreferrer\">gdt.oqlf.gouv.qc.ca\/<\/a><\/p>\n<p class=\"align_justify\"><a title=\"Il link apre una nuova finestra.\" href=\"http:\/\/dorif.it\/ezine\/linternaute.fr\/dictionnaire\/fr\/\" target=\"_blank\" rel=\"esterno noopener noreferrer\">linternaute.fr\/dictionnaire\/fr\/<\/a><\/p>\n<p class=\"align_justify\"><em>Le Tr\u00e9sor de la Langue Fran\u00e7aise informatis\u00e9 <\/em>(TLFi) <a title=\"Il link apre una nuova finestra.\" href=\"http:\/\/dorif.it\/ezine\/atilf.atilf.fr\/\" target=\"_blank\" rel=\"esterno noopener noreferrer\">atilf.atilf.fr\/<\/a><\/p>\n<p class=\"align_justify\"><em>Dictionnaire Usito<\/em> <a title=\"Il link apre una nuova finestra.\" href=\"http:\/\/dorif.it\/ezine\/usito.usherbrooke.ca\/\" target=\"_blank\" rel=\"esterno noopener noreferrer\">usito.usherbrooke.ca\/<\/a><\/p>\n<hr \/>\n<\/div>\n<div id=\"article_notes\">\n<p class=\"note\"><a href=\"#_ftnref1\" name=\"_ftn1\">[1]<\/a>\u00a0En l\u2019occurrence, le corpus\u00a0<em>Araneum\u00a0<\/em>r\u00e9unit exclusivement les donn\u00e9es des productions \u00e9crites. Sa derni\u00e8re mise \u00e0 jour remonte \u00e0 2015 et il comporte 1,2 milliard de\u00a0<em>tokens.<\/em><\/p>\n<p class=\"note\"><a href=\"#_ftnref2\" name=\"_ftn2\">[2]\u00a0<\/a>\u00c0 ce stade de notre recherche, nous nous limitons \u00e0 donner un aper\u00e7u de ce qui sera illustr\u00e9 dans l\u2019avancement de notre travail.<\/p>\n<p class=\"note\"><a href=\"#_ftnref3\" name=\"_ftn3\">[3]<\/a>\u00a0<em>Clochemerle<\/em>\u00a0est un roman satirique fran\u00e7ais de Gabriel Chevallier publi\u00e9 en 1934. La cr\u00e9ation d\u2019une vespasienne au c\u0153ur du village de Clochemerle est apparemment destin\u00e9e \u00e0 procurer un grand soulagement aux messieurs du village tout en confondant les \u00e9changes de la baronne, du cur\u00e9, du notaire et des partisans de la r\u00e9action. Une vieille demoiselle habitant tout pr\u00e8s y exerce une surveillance \u00e9troite.<\/p>\n<p class=\"note\"><a href=\"#_ftnref4\" name=\"_ftn4\">[4]<\/a>\u00a0Le Marketing 2.0 fait typiquement usage des r\u00e9seaux sociaux ou de fa\u00e7on plus large de ce qui constitue le web participatif ou communautaire dans la communication marketing d\u2019une marque ou institution. Ici, il nous semble que le terme marketing est \u00e0 entendre en tant que nouvelle g\u00e9n\u00e9ration d\u2019experts en promotion et divulgation de pol\u00e9miques, tout comme \u00ab\u00a0Clochemerle\u00a0\u00bb \u00e0 ses origines qui d\u00e9signait une communaut\u00e9 de gens se disputant sans cesse pour des raisons diverses.<\/p>\n<p class=\"note\"><a href=\"#_ftnref5\" name=\"_ftn5\">[5]<\/a>\u00a0\u00ab\u00a0Depuis deux ans, il confie subir la censure de la nouvelle direction de Canal +\u00a0<strong>adepte du ripolinage sans vague<\/strong>\u00a0\u00bb (source\u00a0<em>Araneum<\/em>). Si l\u2019expression \u00ab\u00a0faire des vagues\u00a0\u00bb v\u00e9hiculerait l\u2019id\u00e9e de g\u00e9n\u00e9rer de l\u2019agitation, troubler, par opposition, la cha\u00eene t\u00e9l\u00e9vis\u00e9e d\u00e9sign\u00e9e serait une adepte de la censure, de l\u2019effacement des informations par recouvrement, sans g\u00e9n\u00e9rer de l\u2019agitation.<br \/>\n\u00ab\u00a0Un directeur de mus\u00e9e qui\u00a0<strong>passerait au ripolin\u00a0<\/strong>une partie de sa collection de tableaux et en ferait restaurer soigneusement le reste serait-il un bon conservateur ? En quoi les restaurations pass\u00e9es excuseraient-elles la mairie de son projet de d\u00e9molition ?\u00a0\u00bb (source\u00a0:\u00a0<em>Araneum<\/em>). Les propri\u00e9t\u00e9s typiques de la peinture r\u00e9put\u00e9e pour \u00eatre tr\u00e8s r\u00e9sistante sont mises en place pour assurer l\u2019effacement total, la censure du contenu des tableaux qu\u2019un directeur de mus\u00e9e sacrifierait pour garantir la pr\u00e9servation d\u2019autres \u0153uvres.<\/p>\n<p class=\"note\"><a href=\"#_ftnref6\" name=\"_ftn6\">[6]<\/a>\u00a0\u00c0 cet effet, nous pr\u00e9cisons que par le biais de\u00a0<em>Araneum,\u00a0<\/em>le crit\u00e8re socio-g\u00e9ographique avait \u00e9t\u00e9 \u00e9galement \u00e9tudi\u00e9 dans notre travail de th\u00e8se (TONTI 2019\u00a0: \u00a7 VI.10.2.<em>\u00a0sq.<\/em>)\u00a0: 9 occurrences.<\/p>\n<p class=\"note\"><a href=\"#_ftnref7\" name=\"_ftn7\">[7]<\/a>\u00a0Nous proposons une s\u00e9lection de contextes en guise d\u2019exemple.<\/p>\n<p class=\"note\"><a href=\"#_ftnref8\" name=\"_ftn8\">[8]<\/a>\u00a0George Orwell, dans son roman\u00a0<em>1984<\/em>, invente la \u00ab novlangue \u00bb, un langage dont le but est l\u2019an\u00e9antissement de la pens\u00e9e, la destruction de l\u2019individu devenu anonyme, l\u2019asservissement du peuple. Voir la discussion sur la traduction de\u00a0<em>newspeak<\/em>\u00a0lors d\u2019une nouvelle traduction en fran\u00e7ais.\u00a0 https:\/\/www.lemonde.fr\/livres\/article\/2018\/06\/06\/orwell-revient-au-present_5310604_3260.html<\/p>\n<p class=\"note\"><a href=\"#_ftnref9\" name=\"_ftn9\">[9]<\/a>\u00a0La lexie \u00ab\u00a0ripolineuse\u00a0\u00bb est attest\u00e9e dans un tweet du 24 novembre 2012 comme synonyme de maquilleuse excentrique et vulgaire\u00a0: \u00ab\u00a0On n\u2019appelle pas \u00e7a une maquilleuse, on appelle \u00e7a une ripolineuse !\u00a0\u00bb.<\/p>\n<\/div>\n<div><\/div>\n<fieldset id=\"issue_citeme\">\n<p class=\"align_justify\">\n<\/fieldset>\n<\/div><div class=\"fusion-text fusion-text-3\"><hr \/>\n<p>Per citare questo articolo:<\/p>\n<p>Michela TONTI,\u00a0<em>\u00ab Ripolinage\u00a0verd\u00e2tre, ripolinage m\u00e9diatique <\/em>ou<em> ripolinage s\u00e9mantique\u00a0<\/em>? Analyse outill\u00e9e du nuancier s\u00e9mantique d\u2019un nom de marque circulant dans Twitter \u00bb, <em>Rep\u00e8res DoRiF<\/em>, n. 22 &#8211; Corpus, r\u00e9seaux sociaux, analyse du discours, DoRiF Universit\u00e0, Roma ottobre 2020, <a href=\"https:\/\/www.dorif.it\/reperes\/ripolinage-verdatre-ripolinage-mediatique-ou-ripolinage-semantique-analyse-outillee-du-nuancier-semantique-dun-nom-de-marque-circulant-dans-twitte\/\">https:\/\/www.dorif.it\/reperes\/ripolinage-verdatre-ripolinage-mediatique-ou-ripolinage-semantique-analyse-outillee-du-nuancier-semantique-dun-nom-de-marque-circulant-dans-twitte\/<\/a><\/p>\n<p style=\"text-align: center;\">ISSN 2281-3020<\/p>\n<p><img decoding=\"async\" class=\"aligncenter size-full wp-image-6963\" src=\"https:\/\/www.dorif.it\/reperes\/wp-content\/uploads\/2021\/07\/logo-reperes-3.jpg\" alt=\"\" width=\"500\" height=\"68\" srcset=\"https:\/\/www.dorif.it\/reperes\/wp-content\/uploads\/2021\/07\/logo-reperes-3-200x27.jpg 200w, https:\/\/www.dorif.it\/reperes\/wp-content\/uploads\/2021\/07\/logo-reperes-3-300x41.jpg 300w, https:\/\/www.dorif.it\/reperes\/wp-content\/uploads\/2021\/07\/logo-reperes-3-400x54.jpg 400w, https:\/\/www.dorif.it\/reperes\/wp-content\/uploads\/2021\/07\/logo-reperes-3.jpg 500w\" sizes=\"(max-width: 500px) 100vw, 500px\" \/><\/p>\n<p style=\"text-align: center;\">Quest&#8217;opera \u00e8 distribuita con Licenza\u00a0<a href=\"http:\/\/creativecommons.org\/licenses\/by-nc-nd\/3.0\/it\/\">Creative Commons Attribuzione &#8211; Non commerciale &#8211; Non opere derivate 3.0 Italia<\/a>.<\/p>\n<\/div><div class=\"fusion-clearfix\"><\/div><\/div><\/div><\/div><\/div>\n","protected":false},"excerpt":{"rendered":"","protected":false},"author":2,"featured_media":0,"comment_status":"open","ping_status":"open","sticky":false,"template":"","format":"standard","meta":{"_acf_changed":false,"_bbp_topic_count":0,"_bbp_reply_count":0,"_bbp_total_topic_count":0,"_bbp_total_reply_count":0,"_bbp_voice_count":0,"_bbp_anonymous_reply_count":0,"_bbp_topic_count_hidden":0,"_bbp_reply_count_hidden":0,"_bbp_forum_subforum_count":0,"footnotes":""},"categories":[57],"tags":[136,298,297],"class_list":["post-3456","post","type-post","status-publish","format-standard","hentry","category-theories-a-lepreuve-des-reseaux-sociaux","tag-22-corpus","tag-analyse-du-discours","tag-reseaux-sociaux"],"acf":[],"yoast_head":"<!-- This site is optimized with the Yoast SEO plugin v27.3 - https:\/\/yoast.com\/product\/yoast-seo-wordpress\/ -->\n<title>Michela TONTI, \u00ab Ripolinage verd\u00e2tre \u00bb, \u00ab ripolinage m\u00e9diatique \u00bb ou \u00ab ripolinage s\u00e9mantique \u00bb ? Analyse outill\u00e9e du nuancier s\u00e9mantique d\u2019un nom de marque circulant dans Twitter - Rep\u00e8res-Dorif<\/title>\n<meta name=\"robots\" content=\"index, follow, max-snippet:-1, max-image-preview:large, max-video-preview:-1\" \/>\n<link rel=\"canonical\" href=\"https:\/\/www.dorif.it\/reperes\/ripolinage-verdatre-ripolinage-mediatique-ou-ripolinage-semantique-analyse-outillee-du-nuancier-semantique-dun-nom-de-marque-circulant-dans-twitte\/\" \/>\n<meta property=\"og:locale\" content=\"it_IT\" \/>\n<meta property=\"og:type\" content=\"article\" \/>\n<meta property=\"og:title\" content=\"Michela TONTI, \u00ab Ripolinage verd\u00e2tre \u00bb, \u00ab ripolinage m\u00e9diatique \u00bb ou \u00ab ripolinage s\u00e9mantique \u00bb ? Analyse outill\u00e9e du nuancier s\u00e9mantique d\u2019un nom de marque circulant dans Twitter - Rep\u00e8res-Dorif\" \/>\n<meta property=\"og:url\" content=\"https:\/\/www.dorif.it\/reperes\/ripolinage-verdatre-ripolinage-mediatique-ou-ripolinage-semantique-analyse-outillee-du-nuancier-semantique-dun-nom-de-marque-circulant-dans-twitte\/\" \/>\n<meta property=\"og:site_name\" content=\"Rep\u00e8res-Dorif\" \/>\n<meta property=\"article:published_time\" content=\"2020-10-30T10:29:59+00:00\" \/>\n<meta property=\"article:modified_time\" content=\"2022-11-10T13:40:08+00:00\" \/>\n<meta property=\"og:image\" content=\"http:\/\/dorif.it\/ezine\/upl\/3ab189547ef75c14e97aad7cb59e6fe5.jpg\" \/>\n<meta name=\"author\" content=\"giulia\" \/>\n<meta name=\"twitter:card\" content=\"summary_large_image\" \/>\n<meta name=\"twitter:label1\" content=\"Scritto da\" \/>\n\t<meta name=\"twitter:data1\" content=\"Michela TONTI\" \/>\n\t<meta name=\"twitter:label2\" content=\"Tempo di lettura stimato\" \/>\n\t<meta name=\"twitter:data2\" content=\"45 minuti\" \/>\n<script type=\"application\/ld+json\" class=\"yoast-schema-graph\">{\"@context\":\"https:\\\/\\\/schema.org\",\"@graph\":[{\"@type\":\"Article\",\"@id\":\"https:\\\/\\\/www.dorif.it\\\/reperes\\\/ripolinage-verdatre-ripolinage-mediatique-ou-ripolinage-semantique-analyse-outillee-du-nuancier-semantique-dun-nom-de-marque-circulant-dans-twitte\\\/#article\",\"isPartOf\":{\"@id\":\"https:\\\/\\\/www.dorif.it\\\/reperes\\\/ripolinage-verdatre-ripolinage-mediatique-ou-ripolinage-semantique-analyse-outillee-du-nuancier-semantique-dun-nom-de-marque-circulant-dans-twitte\\\/\"},\"author\":{\"name\":\"giulia\",\"@id\":\"https:\\\/\\\/www.dorif.it\\\/reperes\\\/#\\\/schema\\\/person\\\/3295d008ecffca9681aa0b0fb94de304\"},\"headline\":\"Michela TONTI, \u00ab Ripolinage verd\u00e2tre \u00bb, \u00ab ripolinage m\u00e9diatique \u00bb ou \u00ab ripolinage s\u00e9mantique \u00bb ? Analyse outill\u00e9e du nuancier s\u00e9mantique d\u2019un nom de marque circulant dans Twitter\",\"datePublished\":\"2020-10-30T10:29:59+00:00\",\"dateModified\":\"2022-11-10T13:40:08+00:00\",\"mainEntityOfPage\":{\"@id\":\"https:\\\/\\\/www.dorif.it\\\/reperes\\\/ripolinage-verdatre-ripolinage-mediatique-ou-ripolinage-semantique-analyse-outillee-du-nuancier-semantique-dun-nom-de-marque-circulant-dans-twitte\\\/\"},\"wordCount\":9296,\"commentCount\":0,\"image\":{\"@id\":\"https:\\\/\\\/www.dorif.it\\\/reperes\\\/ripolinage-verdatre-ripolinage-mediatique-ou-ripolinage-semantique-analyse-outillee-du-nuancier-semantique-dun-nom-de-marque-circulant-dans-twitte\\\/#primaryimage\"},\"thumbnailUrl\":\"http:\\\/\\\/dorif.it\\\/ezine\\\/upl\\\/3ab189547ef75c14e97aad7cb59e6fe5.jpg\",\"keywords\":[\"22 \u2013 Corpus, r\u00e9seaux sociaux, analyse du discours\",\"analyse du discours\",\"r\u00e9seaux sociaux\"],\"articleSection\":[\"Th\u00e9ories \u00e0 l\u2019\u00e9preuve des r\u00e9seaux sociaux\"],\"inLanguage\":\"it-IT\",\"potentialAction\":[{\"@type\":\"CommentAction\",\"name\":\"Comment\",\"target\":[\"https:\\\/\\\/www.dorif.it\\\/reperes\\\/ripolinage-verdatre-ripolinage-mediatique-ou-ripolinage-semantique-analyse-outillee-du-nuancier-semantique-dun-nom-de-marque-circulant-dans-twitte\\\/#respond\"]}]},{\"@type\":\"WebPage\",\"@id\":\"https:\\\/\\\/www.dorif.it\\\/reperes\\\/ripolinage-verdatre-ripolinage-mediatique-ou-ripolinage-semantique-analyse-outillee-du-nuancier-semantique-dun-nom-de-marque-circulant-dans-twitte\\\/\",\"url\":\"https:\\\/\\\/www.dorif.it\\\/reperes\\\/ripolinage-verdatre-ripolinage-mediatique-ou-ripolinage-semantique-analyse-outillee-du-nuancier-semantique-dun-nom-de-marque-circulant-dans-twitte\\\/\",\"name\":\"Michela TONTI, \u00ab Ripolinage verd\u00e2tre \u00bb, \u00ab ripolinage m\u00e9diatique \u00bb ou \u00ab ripolinage s\u00e9mantique \u00bb ? Analyse outill\u00e9e du nuancier s\u00e9mantique d\u2019un nom de marque circulant dans Twitter - Rep\u00e8res-Dorif\",\"isPartOf\":{\"@id\":\"https:\\\/\\\/www.dorif.it\\\/reperes\\\/#website\"},\"primaryImageOfPage\":{\"@id\":\"https:\\\/\\\/www.dorif.it\\\/reperes\\\/ripolinage-verdatre-ripolinage-mediatique-ou-ripolinage-semantique-analyse-outillee-du-nuancier-semantique-dun-nom-de-marque-circulant-dans-twitte\\\/#primaryimage\"},\"image\":{\"@id\":\"https:\\\/\\\/www.dorif.it\\\/reperes\\\/ripolinage-verdatre-ripolinage-mediatique-ou-ripolinage-semantique-analyse-outillee-du-nuancier-semantique-dun-nom-de-marque-circulant-dans-twitte\\\/#primaryimage\"},\"thumbnailUrl\":\"http:\\\/\\\/dorif.it\\\/ezine\\\/upl\\\/3ab189547ef75c14e97aad7cb59e6fe5.jpg\",\"datePublished\":\"2020-10-30T10:29:59+00:00\",\"dateModified\":\"2022-11-10T13:40:08+00:00\",\"author\":{\"@id\":\"https:\\\/\\\/www.dorif.it\\\/reperes\\\/#\\\/schema\\\/person\\\/3295d008ecffca9681aa0b0fb94de304\"},\"breadcrumb\":{\"@id\":\"https:\\\/\\\/www.dorif.it\\\/reperes\\\/ripolinage-verdatre-ripolinage-mediatique-ou-ripolinage-semantique-analyse-outillee-du-nuancier-semantique-dun-nom-de-marque-circulant-dans-twitte\\\/#breadcrumb\"},\"inLanguage\":\"it-IT\",\"potentialAction\":[{\"@type\":\"ReadAction\",\"target\":[\"https:\\\/\\\/www.dorif.it\\\/reperes\\\/ripolinage-verdatre-ripolinage-mediatique-ou-ripolinage-semantique-analyse-outillee-du-nuancier-semantique-dun-nom-de-marque-circulant-dans-twitte\\\/\"]}]},{\"@type\":\"ImageObject\",\"inLanguage\":\"it-IT\",\"@id\":\"https:\\\/\\\/www.dorif.it\\\/reperes\\\/ripolinage-verdatre-ripolinage-mediatique-ou-ripolinage-semantique-analyse-outillee-du-nuancier-semantique-dun-nom-de-marque-circulant-dans-twitte\\\/#primaryimage\",\"url\":\"http:\\\/\\\/dorif.it\\\/ezine\\\/upl\\\/3ab189547ef75c14e97aad7cb59e6fe5.jpg\",\"contentUrl\":\"http:\\\/\\\/dorif.it\\\/ezine\\\/upl\\\/3ab189547ef75c14e97aad7cb59e6fe5.jpg\"},{\"@type\":\"BreadcrumbList\",\"@id\":\"https:\\\/\\\/www.dorif.it\\\/reperes\\\/ripolinage-verdatre-ripolinage-mediatique-ou-ripolinage-semantique-analyse-outillee-du-nuancier-semantique-dun-nom-de-marque-circulant-dans-twitte\\\/#breadcrumb\",\"itemListElement\":[{\"@type\":\"ListItem\",\"position\":1,\"name\":\"Home\",\"item\":\"https:\\\/\\\/www.dorif.it\\\/reperes\\\/\"},{\"@type\":\"ListItem\",\"position\":2,\"name\":\"Michela TONTI, \u00ab Ripolinage verd\u00e2tre \u00bb, \u00ab ripolinage m\u00e9diatique \u00bb ou \u00ab ripolinage s\u00e9mantique \u00bb ? Analyse outill\u00e9e du nuancier s\u00e9mantique d\u2019un nom de marque circulant dans Twitter\"}]},{\"@type\":\"WebSite\",\"@id\":\"https:\\\/\\\/www.dorif.it\\\/reperes\\\/#website\",\"url\":\"https:\\\/\\\/www.dorif.it\\\/reperes\\\/\",\"name\":\"Rep\u00e8res-Dorif\",\"description\":\"Autor du Fran\u00e7ais: langues, cultures et plurilinguisme\",\"potentialAction\":[{\"@type\":\"SearchAction\",\"target\":{\"@type\":\"EntryPoint\",\"urlTemplate\":\"https:\\\/\\\/www.dorif.it\\\/reperes\\\/?s={search_term_string}\"},\"query-input\":{\"@type\":\"PropertyValueSpecification\",\"valueRequired\":true,\"valueName\":\"search_term_string\"}}],\"inLanguage\":\"it-IT\"},{\"@type\":\"Person\",\"@id\":\"https:\\\/\\\/www.dorif.it\\\/reperes\\\/#\\\/schema\\\/person\\\/3295d008ecffca9681aa0b0fb94de304\",\"name\":\"giulia\",\"image\":{\"@type\":\"ImageObject\",\"inLanguage\":\"it-IT\",\"@id\":\"https:\\\/\\\/secure.gravatar.com\\\/avatar\\\/147bc8bdbcdabe7556bb872f61bd0ad94c86ec01141a3ce97fefae09ca836e66?s=96&d=mm&r=g\",\"url\":\"https:\\\/\\\/secure.gravatar.com\\\/avatar\\\/147bc8bdbcdabe7556bb872f61bd0ad94c86ec01141a3ce97fefae09ca836e66?s=96&d=mm&r=g\",\"contentUrl\":\"https:\\\/\\\/secure.gravatar.com\\\/avatar\\\/147bc8bdbcdabe7556bb872f61bd0ad94c86ec01141a3ce97fefae09ca836e66?s=96&d=mm&r=g\",\"caption\":\"giulia\"},\"url\":\"\"}]}<\/script>\n<!-- \/ Yoast SEO plugin. -->","yoast_head_json":{"title":"Michela TONTI, \u00ab Ripolinage verd\u00e2tre \u00bb, \u00ab ripolinage m\u00e9diatique \u00bb ou \u00ab ripolinage s\u00e9mantique \u00bb ? Analyse outill\u00e9e du nuancier s\u00e9mantique d\u2019un nom de marque circulant dans Twitter - Rep\u00e8res-Dorif","robots":{"index":"index","follow":"follow","max-snippet":"max-snippet:-1","max-image-preview":"max-image-preview:large","max-video-preview":"max-video-preview:-1"},"canonical":"https:\/\/www.dorif.it\/reperes\/ripolinage-verdatre-ripolinage-mediatique-ou-ripolinage-semantique-analyse-outillee-du-nuancier-semantique-dun-nom-de-marque-circulant-dans-twitte\/","og_locale":"it_IT","og_type":"article","og_title":"Michela TONTI, \u00ab Ripolinage verd\u00e2tre \u00bb, \u00ab ripolinage m\u00e9diatique \u00bb ou \u00ab ripolinage s\u00e9mantique \u00bb ? Analyse outill\u00e9e du nuancier s\u00e9mantique d\u2019un nom de marque circulant dans Twitter - Rep\u00e8res-Dorif","og_url":"https:\/\/www.dorif.it\/reperes\/ripolinage-verdatre-ripolinage-mediatique-ou-ripolinage-semantique-analyse-outillee-du-nuancier-semantique-dun-nom-de-marque-circulant-dans-twitte\/","og_site_name":"Rep\u00e8res-Dorif","article_published_time":"2020-10-30T10:29:59+00:00","article_modified_time":"2022-11-10T13:40:08+00:00","og_image":[{"url":"http:\/\/dorif.it\/ezine\/upl\/3ab189547ef75c14e97aad7cb59e6fe5.jpg","type":"","width":"","height":""}],"author":"giulia","twitter_card":"summary_large_image","twitter_misc":{"Scritto da":"Michela TONTI","Tempo di lettura stimato":"45 minuti"},"schema":{"@context":"https:\/\/schema.org","@graph":[{"@type":"Article","@id":"https:\/\/www.dorif.it\/reperes\/ripolinage-verdatre-ripolinage-mediatique-ou-ripolinage-semantique-analyse-outillee-du-nuancier-semantique-dun-nom-de-marque-circulant-dans-twitte\/#article","isPartOf":{"@id":"https:\/\/www.dorif.it\/reperes\/ripolinage-verdatre-ripolinage-mediatique-ou-ripolinage-semantique-analyse-outillee-du-nuancier-semantique-dun-nom-de-marque-circulant-dans-twitte\/"},"author":{"name":"giulia","@id":"https:\/\/www.dorif.it\/reperes\/#\/schema\/person\/3295d008ecffca9681aa0b0fb94de304"},"headline":"Michela TONTI, \u00ab Ripolinage verd\u00e2tre \u00bb, \u00ab ripolinage m\u00e9diatique \u00bb ou \u00ab ripolinage s\u00e9mantique \u00bb ? Analyse outill\u00e9e du nuancier s\u00e9mantique d\u2019un nom de marque circulant dans Twitter","datePublished":"2020-10-30T10:29:59+00:00","dateModified":"2022-11-10T13:40:08+00:00","mainEntityOfPage":{"@id":"https:\/\/www.dorif.it\/reperes\/ripolinage-verdatre-ripolinage-mediatique-ou-ripolinage-semantique-analyse-outillee-du-nuancier-semantique-dun-nom-de-marque-circulant-dans-twitte\/"},"wordCount":9296,"commentCount":0,"image":{"@id":"https:\/\/www.dorif.it\/reperes\/ripolinage-verdatre-ripolinage-mediatique-ou-ripolinage-semantique-analyse-outillee-du-nuancier-semantique-dun-nom-de-marque-circulant-dans-twitte\/#primaryimage"},"thumbnailUrl":"http:\/\/dorif.it\/ezine\/upl\/3ab189547ef75c14e97aad7cb59e6fe5.jpg","keywords":["22 \u2013 Corpus, r\u00e9seaux sociaux, analyse du discours","analyse du discours","r\u00e9seaux sociaux"],"articleSection":["Th\u00e9ories \u00e0 l\u2019\u00e9preuve des r\u00e9seaux sociaux"],"inLanguage":"it-IT","potentialAction":[{"@type":"CommentAction","name":"Comment","target":["https:\/\/www.dorif.it\/reperes\/ripolinage-verdatre-ripolinage-mediatique-ou-ripolinage-semantique-analyse-outillee-du-nuancier-semantique-dun-nom-de-marque-circulant-dans-twitte\/#respond"]}]},{"@type":"WebPage","@id":"https:\/\/www.dorif.it\/reperes\/ripolinage-verdatre-ripolinage-mediatique-ou-ripolinage-semantique-analyse-outillee-du-nuancier-semantique-dun-nom-de-marque-circulant-dans-twitte\/","url":"https:\/\/www.dorif.it\/reperes\/ripolinage-verdatre-ripolinage-mediatique-ou-ripolinage-semantique-analyse-outillee-du-nuancier-semantique-dun-nom-de-marque-circulant-dans-twitte\/","name":"Michela TONTI, \u00ab Ripolinage verd\u00e2tre \u00bb, \u00ab ripolinage m\u00e9diatique \u00bb ou \u00ab ripolinage s\u00e9mantique \u00bb ? Analyse outill\u00e9e du nuancier s\u00e9mantique d\u2019un nom de marque circulant dans Twitter - Rep\u00e8res-Dorif","isPartOf":{"@id":"https:\/\/www.dorif.it\/reperes\/#website"},"primaryImageOfPage":{"@id":"https:\/\/www.dorif.it\/reperes\/ripolinage-verdatre-ripolinage-mediatique-ou-ripolinage-semantique-analyse-outillee-du-nuancier-semantique-dun-nom-de-marque-circulant-dans-twitte\/#primaryimage"},"image":{"@id":"https:\/\/www.dorif.it\/reperes\/ripolinage-verdatre-ripolinage-mediatique-ou-ripolinage-semantique-analyse-outillee-du-nuancier-semantique-dun-nom-de-marque-circulant-dans-twitte\/#primaryimage"},"thumbnailUrl":"http:\/\/dorif.it\/ezine\/upl\/3ab189547ef75c14e97aad7cb59e6fe5.jpg","datePublished":"2020-10-30T10:29:59+00:00","dateModified":"2022-11-10T13:40:08+00:00","author":{"@id":"https:\/\/www.dorif.it\/reperes\/#\/schema\/person\/3295d008ecffca9681aa0b0fb94de304"},"breadcrumb":{"@id":"https:\/\/www.dorif.it\/reperes\/ripolinage-verdatre-ripolinage-mediatique-ou-ripolinage-semantique-analyse-outillee-du-nuancier-semantique-dun-nom-de-marque-circulant-dans-twitte\/#breadcrumb"},"inLanguage":"it-IT","potentialAction":[{"@type":"ReadAction","target":["https:\/\/www.dorif.it\/reperes\/ripolinage-verdatre-ripolinage-mediatique-ou-ripolinage-semantique-analyse-outillee-du-nuancier-semantique-dun-nom-de-marque-circulant-dans-twitte\/"]}]},{"@type":"ImageObject","inLanguage":"it-IT","@id":"https:\/\/www.dorif.it\/reperes\/ripolinage-verdatre-ripolinage-mediatique-ou-ripolinage-semantique-analyse-outillee-du-nuancier-semantique-dun-nom-de-marque-circulant-dans-twitte\/#primaryimage","url":"http:\/\/dorif.it\/ezine\/upl\/3ab189547ef75c14e97aad7cb59e6fe5.jpg","contentUrl":"http:\/\/dorif.it\/ezine\/upl\/3ab189547ef75c14e97aad7cb59e6fe5.jpg"},{"@type":"BreadcrumbList","@id":"https:\/\/www.dorif.it\/reperes\/ripolinage-verdatre-ripolinage-mediatique-ou-ripolinage-semantique-analyse-outillee-du-nuancier-semantique-dun-nom-de-marque-circulant-dans-twitte\/#breadcrumb","itemListElement":[{"@type":"ListItem","position":1,"name":"Home","item":"https:\/\/www.dorif.it\/reperes\/"},{"@type":"ListItem","position":2,"name":"Michela TONTI, \u00ab Ripolinage verd\u00e2tre \u00bb, \u00ab ripolinage m\u00e9diatique \u00bb ou \u00ab ripolinage s\u00e9mantique \u00bb ? Analyse outill\u00e9e du nuancier s\u00e9mantique d\u2019un nom de marque circulant dans Twitter"}]},{"@type":"WebSite","@id":"https:\/\/www.dorif.it\/reperes\/#website","url":"https:\/\/www.dorif.it\/reperes\/","name":"Rep\u00e8res-Dorif","description":"Autor du Fran\u00e7ais: langues, cultures et plurilinguisme","potentialAction":[{"@type":"SearchAction","target":{"@type":"EntryPoint","urlTemplate":"https:\/\/www.dorif.it\/reperes\/?s={search_term_string}"},"query-input":{"@type":"PropertyValueSpecification","valueRequired":true,"valueName":"search_term_string"}}],"inLanguage":"it-IT"},{"@type":"Person","@id":"https:\/\/www.dorif.it\/reperes\/#\/schema\/person\/3295d008ecffca9681aa0b0fb94de304","name":"giulia","image":{"@type":"ImageObject","inLanguage":"it-IT","@id":"https:\/\/secure.gravatar.com\/avatar\/147bc8bdbcdabe7556bb872f61bd0ad94c86ec01141a3ce97fefae09ca836e66?s=96&d=mm&r=g","url":"https:\/\/secure.gravatar.com\/avatar\/147bc8bdbcdabe7556bb872f61bd0ad94c86ec01141a3ce97fefae09ca836e66?s=96&d=mm&r=g","contentUrl":"https:\/\/secure.gravatar.com\/avatar\/147bc8bdbcdabe7556bb872f61bd0ad94c86ec01141a3ce97fefae09ca836e66?s=96&d=mm&r=g","caption":"giulia"},"url":""}]}},"_links":{"self":[{"href":"https:\/\/www.dorif.it\/reperes\/wp-json\/wp\/v2\/posts\/3456","targetHints":{"allow":["GET"]}}],"collection":[{"href":"https:\/\/www.dorif.it\/reperes\/wp-json\/wp\/v2\/posts"}],"about":[{"href":"https:\/\/www.dorif.it\/reperes\/wp-json\/wp\/v2\/types\/post"}],"author":[{"embeddable":true,"href":"https:\/\/www.dorif.it\/reperes\/wp-json\/wp\/v2\/users\/2"}],"replies":[{"embeddable":true,"href":"https:\/\/www.dorif.it\/reperes\/wp-json\/wp\/v2\/comments?post=3456"}],"version-history":[{"count":39,"href":"https:\/\/www.dorif.it\/reperes\/wp-json\/wp\/v2\/posts\/3456\/revisions"}],"predecessor-version":[{"id":9576,"href":"https:\/\/www.dorif.it\/reperes\/wp-json\/wp\/v2\/posts\/3456\/revisions\/9576"}],"wp:attachment":[{"href":"https:\/\/www.dorif.it\/reperes\/wp-json\/wp\/v2\/media?parent=3456"}],"wp:term":[{"taxonomy":"category","embeddable":true,"href":"https:\/\/www.dorif.it\/reperes\/wp-json\/wp\/v2\/categories?post=3456"},{"taxonomy":"post_tag","embeddable":true,"href":"https:\/\/www.dorif.it\/reperes\/wp-json\/wp\/v2\/tags?post=3456"}],"curies":[{"name":"wp","href":"https:\/\/api.w.org\/{rel}","templated":true}]}}