{"id":3727,"date":"2020-11-03T11:41:27","date_gmt":"2020-11-03T10:41:27","guid":{"rendered":"https:\/\/www.dorif.it\/reperes\/?p=3727"},"modified":"2022-11-10T15:22:45","modified_gmt":"2022-11-10T14:22:45","slug":"3727","status":"publish","type":"post","link":"https:\/\/www.dorif.it\/reperes\/3727\/","title":{"rendered":"Kogh Pascal SOM\u00c9, Du latin langue gallo-romane au fran\u00e7ais langue africaine"},"content":{"rendered":"<div class=\"fusion-fullwidth fullwidth-box fusion-builder-row-1 fusion-flex-container nonhundred-percent-fullwidth non-hundred-percent-height-scrolling\" style=\"--awb-border-radius-top-left:0px;--awb-border-radius-top-right:0px;--awb-border-radius-bottom-right:0px;--awb-border-radius-bottom-left:0px;--awb-flex-wrap:wrap;\" ><div class=\"fusion-builder-row fusion-row fusion-flex-align-items-flex-start fusion-flex-content-wrap\" style=\"max-width:1216.8px;margin-left: calc(-4% \/ 2 );margin-right: calc(-4% \/ 2 );\"><div class=\"fusion-layout-column fusion_builder_column fusion-builder-column-0 fusion_builder_column_1_1 1_1 fusion-flex-column\" style=\"--awb-bg-size:cover;--awb-width-large:100%;--awb-margin-top-large:0px;--awb-spacing-right-large:1.92%;--awb-margin-bottom-large:20px;--awb-spacing-left-large:1.92%;--awb-width-medium:100%;--awb-order-medium:0;--awb-spacing-right-medium:1.92%;--awb-spacing-left-medium:1.92%;--awb-width-small:100%;--awb-order-small:0;--awb-spacing-right-small:1.92%;--awb-spacing-left-small:1.92%;\"><div class=\"fusion-column-wrapper fusion-column-has-shadow fusion-flex-justify-content-flex-start fusion-content-layout-column\"><div class=\"fusion-title title fusion-title-1 fusion-title-text fusion-title-size-one\" style=\"--awb-margin-bottom:0px;--awb-margin-top-small:0px;--awb-margin-right-small:0px;--awb-margin-bottom-small:20px;--awb-margin-left-small:0px;\"><div class=\"title-sep-container title-sep-container-left fusion-no-large-visibility fusion-no-medium-visibility fusion-no-small-visibility\"><div class=\"title-sep sep- sep-solid\" style=\"border-color:#e2e2e2;\"><\/div><\/div><span class=\"awb-title-spacer fusion-no-large-visibility fusion-no-medium-visibility fusion-no-small-visibility\"><\/span><h1 class=\"fusion-title-heading title-heading-left fusion-responsive-typography-calculated\" style=\"margin:0;--fontSize:32;line-height:1.14;\"><h2 id=\"kogh-pascal-som\u00c9-du-latin-lan\"><span style=\"color: #1b80b6;\">Kogh Pascal SOM\u00c9, Du latin langue gallo-romane au fran\u00e7ais langue africaine<\/span><\/h2><\/h1><span class=\"awb-title-spacer\"><\/span><div class=\"title-sep-container title-sep-container-right\"><div class=\"title-sep sep- sep-solid\" style=\"border-color:#e2e2e2;\"><\/div><\/div><\/div><div class=\"fusion-text fusion-text-1\"><h4 id=\"abstract\"><strong>Abstract<\/strong><\/h4>\n<p><strong>From Latin as a Gallo-Roman language to French as an African language<\/strong><\/p>\n<p>What if the future of French was in Africa ? This hypothesis is far from absurd if we take into account the forecasts relating to demographic trends as formulated by the UN and a large number of demographic scientists : by 2050, more than 2\/3 of French speakers are likely to be found on the African continent, and therefore mainly in the former French colonies in Africa. This is one of the reasons why we are interested in the evolution of the French language through a cross portrait of the evolution of Latin in Romania and that of French in the former French colonial empire of West and Central Africa. If, over the centuries, variation has led, for Latin, to the birth of Romance languages, including French, there is nothing to prevent us from thinking that, in the case of French, it could eventually lead to the birth of Francophone languages in Africa.\u00a0 For the time being, French is being dialectalised at a very high speed in African cities. This dialectalised French, French as an African language, deserves to be considered and taken into account by linguistic policies at the same time as languages of African origin for the harmonious socio-economic and political development of these young African states.<\/p>\n<\/div><div class=\"fusion-builder-row fusion-builder-row-inner fusion-row fusion-flex-align-items-flex-start fusion-flex-content-wrap\" style=\"--awb-flex-grow:0;--awb-flex-grow-medium:0;--awb-flex-grow-small:0;--awb-flex-shrink:0;--awb-flex-shrink-medium:0;--awb-flex-shrink-small:0;width:104% !important;max-width:104% !important;margin-left: calc(-4% \/ 2 );margin-right: calc(-4% \/ 2 );\"><div class=\"fusion-layout-column fusion_builder_column_inner fusion-builder-nested-column-0 fusion_builder_column_inner_1_1 1_1 fusion-flex-column\" style=\"--awb-padding-right:20px;--awb-padding-left:20px;--awb-bg-size:cover;--awb-border-color:#dfedf4;--awb-border-left:4px;--awb-border-style:solid;--awb-width-large:100%;--awb-margin-top-large:0px;--awb-spacing-right-large:1.92%;--awb-margin-bottom-large:100px;--awb-spacing-left-large:1.92%;--awb-width-medium:100%;--awb-order-medium:0;--awb-spacing-right-medium:1.92%;--awb-spacing-left-medium:1.92%;--awb-width-small:100%;--awb-order-small:0;--awb-spacing-right-small:1.92%;--awb-spacing-left-small:1.92%;\"><div class=\"fusion-column-wrapper fusion-column-has-shadow fusion-flex-justify-content-flex-start fusion-content-layout-block\">\n<div\n    class='wp-block-pdfp-pdf-poster  alignnone'\n    id='block-2'\n    data-attributes='{&quot;uniqueId&quot;:&quot;pdfp1&quot;,&quot;file&quot;:&quot;https:\\\/\\\/www.dorif.it\\\/reperes\\\/wp-content\\\/uploads\\\/2020\\\/11\\\/Du-latin-langue-gallo-romane-au-francais-langue-africaine-Reperes-DoRiF-1.pdf&quot;,&quot;title&quot;:&quot;Du latin langue gallo-romane au fran\\u00e7ais langue africaine&quot;,&quot;height&quot;:&quot;1450px&quot;,&quot;width&quot;:&quot;100%&quot;,&quot;print&quot;:false,&quot;fullscreenButton&quot;:&quot;1&quot;,&quot;fullscreenButtonText&quot;:&quot;View Fullscreen&quot;,&quot;newWindow&quot;:false,&quot;showName&quot;:&quot;1&quot;,&quot;downloadButton&quot;:false,&quot;downloadButtonText&quot;:&quot;Download File&quot;,&quot;protect&quot;:false,&quot;onlyPDF&quot;:false,&quot;defaultBrowser&quot;:false,&quot;thumbMenu&quot;:false,&quot;initialPage&quot;:0,&quot;sidebarOpen&quot;:false,&quot;lastVersion&quot;:false,&quot;hrScroll&quot;:0,&quot;alert&quot;:true,&quot;btnStyles&quot;:{&quot;background&quot;:&quot;#1e73be&quot;,&quot;color&quot;:&quot;#fff&quot;,&quot;fontSize&quot;:&quot;1rem&quot;,&quot;padding&quot;:{&quot;top&quot;:10,&quot;right&quot;:20,&quot;bottom&quot;:10,&quot;left&quot;:10}},&quot;popupOptions&quot;:{&quot;enabled&quot;:0,&quot;text&quot;:&quot;Open PDF&quot;,&quot;triggerType&quot;:&quot;button&quot;,&quot;image&quot;:&quot;&quot;,&quot;imageHeight&quot;:&quot;200px&quot;,&quot;imageWidth&quot;:&quot;300px&quot;,&quot;imagePdfIcon&quot;:true,&quot;triggerAlignment&quot;:&quot;center&quot;,&quot;btnStyle&quot;:{&quot;background&quot;:&quot;#1e73be&quot;,&quot;color&quot;:&quot;#fff&quot;,&quot;fontSize&quot;:&quot;1rem&quot;,&quot;padding&quot;:{&quot;top&quot;:10,&quot;right&quot;:20,&quot;bottom&quot;:10,&quot;left&quot;:10}}},&quot;actionsPosition&quot;:&quot;top&quot;,&quot;socialShare&quot;:{&quot;enabled&quot;:false,&quot;facebook&quot;:false,&quot;twitter&quot;:false,&quot;linkedin&quot;:false,&quot;pinterest&quot;:false,&quot;position&quot;:&quot;top&quot;},&quot;adobeEmbedder&quot;:false,&quot;align&quot;:&quot;none&quot;,&quot;alignment&quot;:&quot;left&quot;,&quot;titleFontSize&quot;:&quot;16px&quot;,&quot;isHideRightToolbar&quot;:false,&quot;additional&quot;:{&quot;ID&quot;:&quot;&quot;,&quot;Class&quot;:&quot;&quot;,&quot;CSS&quot;:&quot;&quot;},&quot;adobeOptions&quot;:{&quot;showDownloadPDF&quot;:true,&quot;showPrintPDF&quot;:true,&quot;showAnnotationTools&quot;:true,&quot;showFullScreen&quot;:false,&quot;embedMode&quot;:&quot;SIZED_CONTAINER&quot;},&quot;popupBtnStyle&quot;:{&quot;background&quot;:&quot;#2271b1&quot;,&quot;color&quot;:&quot;#fff&quot;,&quot;padding&quot;:{&quot;top&quot;:10,&quot;right&quot;:20,&quot;bottom&quot;:10,&quot;left&quot;:10}},&quot;popupBtnText&quot;:&quot;Open Document&quot;,&quot;CSS&quot;:&quot;&quot;,&quot;isPremium&quot;:false}'\n    style=\"text-align: left\">\n    \n        <iframe title=\"Du latin langue gallo-romane au fran\u00e7ais langue africaine\" style=\"border:0;\" width=\"100%\" height=\"800px\" class=\"pdfp_unsupported_frame\" src=\"\/\/docs.google.com\/gview?embedded=true&url=https:\/\/www.dorif.it\/reperes\/wp-content\/uploads\/2020\/11\/Du-latin-langue-gallo-romane-au-francais-langue-africaine-Reperes-DoRiF-1.pdf\"><\/iframe>\n\n    <\/div>\n<\/div><\/div><\/div><div class=\"fusion-text fusion-text-2\"><p>Per citare questo articolo:<\/p>\n<p>Kogh Pascal SOM\u00c9,\u00a0\u00ab Du latin langue gallo-romane au fran\u00e7ais langue africaine \u00bb, <em>Rep\u00e8res DoRiF<\/em>,\u00a0 n. 21 &#8211; Langues, linguistique et d\u00e9veloppement en milieu francophone. Des terrains africains, DoRiF Universit\u00e0, Roma, settembre 2020, <a href=\"https:\/\/www.dorif.it\/reperes\/3727\/\">https:\/\/www.dorif.it\/reperes\/3727\/<\/a><\/p>\n<p style=\"text-align: center;\">ISSN 2281-3020<\/p>\n<p><img decoding=\"async\" class=\"aligncenter size-full wp-image-6963\" src=\"https:\/\/www.dorif.it\/reperes\/wp-content\/uploads\/2021\/07\/logo-reperes-3.jpg\" alt=\"\" width=\"500\" height=\"68\" srcset=\"https:\/\/www.dorif.it\/reperes\/wp-content\/uploads\/2021\/07\/logo-reperes-3-200x27.jpg 200w, https:\/\/www.dorif.it\/reperes\/wp-content\/uploads\/2021\/07\/logo-reperes-3-300x41.jpg 300w, https:\/\/www.dorif.it\/reperes\/wp-content\/uploads\/2021\/07\/logo-reperes-3-400x54.jpg 400w, https:\/\/www.dorif.it\/reperes\/wp-content\/uploads\/2021\/07\/logo-reperes-3.jpg 500w\" sizes=\"(max-width: 500px) 100vw, 500px\" \/><\/p>\n<p style=\"text-align: center;\">Quest&#8217;opera \u00e8 distribuita con Licenza\u00a0<a href=\"http:\/\/creativecommons.org\/licenses\/by-nc-nd\/3.0\/it\/\">Creative Commons Attribuzione &#8211; Non commerciale &#8211; Non opere derivate 3.0 Italia<\/a>.<\/p>\n<\/div><\/div><\/div><\/div><\/div>\n","protected":false},"excerpt":{"rendered":"","protected":false},"author":1,"featured_media":0,"comment_status":"closed","ping_status":"closed","sticky":false,"template":"","format":"standard","meta":{"_acf_changed":false,"_bbp_topic_count":0,"_bbp_reply_count":0,"_bbp_total_topic_count":0,"_bbp_total_reply_count":0,"_bbp_voice_count":0,"_bbp_anonymous_reply_count":0,"_bbp_topic_count_hidden":0,"_bbp_reply_count_hidden":0,"_bbp_forum_subforum_count":0,"footnotes":""},"categories":[62],"tags":[329,330],"class_list":["post-3727","post","type-post","status-publish","format-standard","hentry","category-glottopolitique-et-developpement","tag-21-langues","tag-linguistique-et-developpement-en-milieu-francophone-des-terrains-africains"],"acf":[],"yoast_head":"<!-- This site is optimized with the Yoast SEO plugin v27.3 - https:\/\/yoast.com\/product\/yoast-seo-wordpress\/ -->\n<title>Kogh Pascal SOM\u00c9, Du latin langue gallo-romane au fran\u00e7ais langue africaine - Rep\u00e8res-Dorif<\/title>\n<meta name=\"robots\" content=\"index, follow, max-snippet:-1, max-image-preview:large, max-video-preview:-1\" \/>\n<link rel=\"canonical\" href=\"https:\/\/www.dorif.it\/reperes\/3727\/\" \/>\n<meta property=\"og:locale\" content=\"it_IT\" \/>\n<meta property=\"og:type\" content=\"article\" \/>\n<meta property=\"og:title\" content=\"Kogh Pascal SOM\u00c9, Du latin langue gallo-romane au fran\u00e7ais langue africaine - Rep\u00e8res-Dorif\" \/>\n<meta property=\"og:url\" content=\"https:\/\/www.dorif.it\/reperes\/3727\/\" \/>\n<meta property=\"og:site_name\" content=\"Rep\u00e8res-Dorif\" \/>\n<meta property=\"article:published_time\" content=\"2020-11-03T10:41:27+00:00\" \/>\n<meta property=\"article:modified_time\" content=\"2022-11-10T14:22:45+00:00\" \/>\n<meta property=\"og:image\" content=\"http:\/\/www.dorif.it\/reperes\/wp-content\/uploads\/2021\/07\/logo-reperes-3.jpg\" \/>\n<meta name=\"author\" content=\"riccardo\" \/>\n<meta name=\"twitter:card\" content=\"summary_large_image\" \/>\n<meta name=\"twitter:label1\" content=\"Scritto da\" \/>\n\t<meta name=\"twitter:data1\" content=\"Kogh Pascal SOM\u00c9\" \/>\n\t<meta name=\"twitter:label2\" content=\"Tempo di lettura stimato\" \/>\n\t<meta name=\"twitter:data2\" content=\"5 minuti\" \/>\n<script type=\"application\/ld+json\" class=\"yoast-schema-graph\">{\"@context\":\"https:\\\/\\\/schema.org\",\"@graph\":[{\"@type\":\"Article\",\"@id\":\"https:\\\/\\\/www.dorif.it\\\/reperes\\\/3727\\\/#article\",\"isPartOf\":{\"@id\":\"https:\\\/\\\/www.dorif.it\\\/reperes\\\/3727\\\/\"},\"author\":{\"name\":\"riccardo\",\"@id\":\"https:\\\/\\\/www.dorif.it\\\/reperes\\\/#\\\/schema\\\/person\\\/8cbfab343f8c58a04250601d72a846e7\"},\"headline\":\"Kogh Pascal SOM\u00c9, Du latin langue gallo-romane au fran\u00e7ais langue africaine\",\"datePublished\":\"2020-11-03T10:41:27+00:00\",\"dateModified\":\"2022-11-10T14:22:45+00:00\",\"mainEntityOfPage\":{\"@id\":\"https:\\\/\\\/www.dorif.it\\\/reperes\\\/3727\\\/\"},\"wordCount\":1484,\"image\":{\"@id\":\"https:\\\/\\\/www.dorif.it\\\/reperes\\\/3727\\\/#primaryimage\"},\"thumbnailUrl\":\"http:\\\/\\\/www.dorif.it\\\/reperes\\\/wp-content\\\/uploads\\\/2021\\\/07\\\/logo-reperes-3.jpg\",\"keywords\":[\"21 \u2013 Langues\",\"linguistique et d\u00e9veloppement en milieu francophone. Des terrains africains\"],\"articleSection\":[\"I \u2013 Glottopolitique et d\u00e9veloppement\"],\"inLanguage\":\"it-IT\"},{\"@type\":\"WebPage\",\"@id\":\"https:\\\/\\\/www.dorif.it\\\/reperes\\\/3727\\\/\",\"url\":\"https:\\\/\\\/www.dorif.it\\\/reperes\\\/3727\\\/\",\"name\":\"Kogh Pascal SOM\u00c9, Du latin langue gallo-romane au fran\u00e7ais langue africaine - Rep\u00e8res-Dorif\",\"isPartOf\":{\"@id\":\"https:\\\/\\\/www.dorif.it\\\/reperes\\\/#website\"},\"primaryImageOfPage\":{\"@id\":\"https:\\\/\\\/www.dorif.it\\\/reperes\\\/3727\\\/#primaryimage\"},\"image\":{\"@id\":\"https:\\\/\\\/www.dorif.it\\\/reperes\\\/3727\\\/#primaryimage\"},\"thumbnailUrl\":\"http:\\\/\\\/www.dorif.it\\\/reperes\\\/wp-content\\\/uploads\\\/2021\\\/07\\\/logo-reperes-3.jpg\",\"datePublished\":\"2020-11-03T10:41:27+00:00\",\"dateModified\":\"2022-11-10T14:22:45+00:00\",\"author\":{\"@id\":\"https:\\\/\\\/www.dorif.it\\\/reperes\\\/#\\\/schema\\\/person\\\/8cbfab343f8c58a04250601d72a846e7\"},\"breadcrumb\":{\"@id\":\"https:\\\/\\\/www.dorif.it\\\/reperes\\\/3727\\\/#breadcrumb\"},\"inLanguage\":\"it-IT\",\"potentialAction\":[{\"@type\":\"ReadAction\",\"target\":[\"https:\\\/\\\/www.dorif.it\\\/reperes\\\/3727\\\/\"]}]},{\"@type\":\"ImageObject\",\"inLanguage\":\"it-IT\",\"@id\":\"https:\\\/\\\/www.dorif.it\\\/reperes\\\/3727\\\/#primaryimage\",\"url\":\"http:\\\/\\\/www.dorif.it\\\/reperes\\\/wp-content\\\/uploads\\\/2021\\\/07\\\/logo-reperes-3.jpg\",\"contentUrl\":\"http:\\\/\\\/www.dorif.it\\\/reperes\\\/wp-content\\\/uploads\\\/2021\\\/07\\\/logo-reperes-3.jpg\"},{\"@type\":\"BreadcrumbList\",\"@id\":\"https:\\\/\\\/www.dorif.it\\\/reperes\\\/3727\\\/#breadcrumb\",\"itemListElement\":[{\"@type\":\"ListItem\",\"position\":1,\"name\":\"Home\",\"item\":\"https:\\\/\\\/www.dorif.it\\\/reperes\\\/\"},{\"@type\":\"ListItem\",\"position\":2,\"name\":\"Kogh Pascal SOM\u00c9, Du latin langue gallo-romane au fran\u00e7ais langue africaine\"}]},{\"@type\":\"WebSite\",\"@id\":\"https:\\\/\\\/www.dorif.it\\\/reperes\\\/#website\",\"url\":\"https:\\\/\\\/www.dorif.it\\\/reperes\\\/\",\"name\":\"Rep\u00e8res-Dorif\",\"description\":\"Autor du Fran\u00e7ais: langues, cultures et plurilinguisme\",\"potentialAction\":[{\"@type\":\"SearchAction\",\"target\":{\"@type\":\"EntryPoint\",\"urlTemplate\":\"https:\\\/\\\/www.dorif.it\\\/reperes\\\/?s={search_term_string}\"},\"query-input\":{\"@type\":\"PropertyValueSpecification\",\"valueRequired\":true,\"valueName\":\"search_term_string\"}}],\"inLanguage\":\"it-IT\"},{\"@type\":\"Person\",\"@id\":\"https:\\\/\\\/www.dorif.it\\\/reperes\\\/#\\\/schema\\\/person\\\/8cbfab343f8c58a04250601d72a846e7\",\"name\":\"riccardo\",\"image\":{\"@type\":\"ImageObject\",\"inLanguage\":\"it-IT\",\"@id\":\"https:\\\/\\\/secure.gravatar.com\\\/avatar\\\/b003c5644a947a29a3ebd5a5c031510a6ffd258d41b582fd57f4df6f76465aec?s=96&d=mm&r=g\",\"url\":\"https:\\\/\\\/secure.gravatar.com\\\/avatar\\\/b003c5644a947a29a3ebd5a5c031510a6ffd258d41b582fd57f4df6f76465aec?s=96&d=mm&r=g\",\"contentUrl\":\"https:\\\/\\\/secure.gravatar.com\\\/avatar\\\/b003c5644a947a29a3ebd5a5c031510a6ffd258d41b582fd57f4df6f76465aec?s=96&d=mm&r=g\",\"caption\":\"riccardo\"},\"sameAs\":[\"https:\\\/\\\/www.dorif.it\\\/reperes\"],\"url\":\"\"}]}<\/script>\n<!-- \/ Yoast SEO plugin. -->","yoast_head_json":{"title":"Kogh Pascal SOM\u00c9, Du latin langue gallo-romane au fran\u00e7ais langue africaine - Rep\u00e8res-Dorif","robots":{"index":"index","follow":"follow","max-snippet":"max-snippet:-1","max-image-preview":"max-image-preview:large","max-video-preview":"max-video-preview:-1"},"canonical":"https:\/\/www.dorif.it\/reperes\/3727\/","og_locale":"it_IT","og_type":"article","og_title":"Kogh Pascal SOM\u00c9, Du latin langue gallo-romane au fran\u00e7ais langue africaine - Rep\u00e8res-Dorif","og_url":"https:\/\/www.dorif.it\/reperes\/3727\/","og_site_name":"Rep\u00e8res-Dorif","article_published_time":"2020-11-03T10:41:27+00:00","article_modified_time":"2022-11-10T14:22:45+00:00","og_image":[{"url":"http:\/\/www.dorif.it\/reperes\/wp-content\/uploads\/2021\/07\/logo-reperes-3.jpg","type":"","width":"","height":""}],"author":"riccardo","twitter_card":"summary_large_image","twitter_misc":{"Scritto da":"Kogh Pascal SOM\u00c9","Tempo di lettura stimato":"5 minuti"},"schema":{"@context":"https:\/\/schema.org","@graph":[{"@type":"Article","@id":"https:\/\/www.dorif.it\/reperes\/3727\/#article","isPartOf":{"@id":"https:\/\/www.dorif.it\/reperes\/3727\/"},"author":{"name":"riccardo","@id":"https:\/\/www.dorif.it\/reperes\/#\/schema\/person\/8cbfab343f8c58a04250601d72a846e7"},"headline":"Kogh Pascal SOM\u00c9, Du latin langue gallo-romane au fran\u00e7ais langue africaine","datePublished":"2020-11-03T10:41:27+00:00","dateModified":"2022-11-10T14:22:45+00:00","mainEntityOfPage":{"@id":"https:\/\/www.dorif.it\/reperes\/3727\/"},"wordCount":1484,"image":{"@id":"https:\/\/www.dorif.it\/reperes\/3727\/#primaryimage"},"thumbnailUrl":"http:\/\/www.dorif.it\/reperes\/wp-content\/uploads\/2021\/07\/logo-reperes-3.jpg","keywords":["21 \u2013 Langues","linguistique et d\u00e9veloppement en milieu francophone. Des terrains africains"],"articleSection":["I \u2013 Glottopolitique et d\u00e9veloppement"],"inLanguage":"it-IT"},{"@type":"WebPage","@id":"https:\/\/www.dorif.it\/reperes\/3727\/","url":"https:\/\/www.dorif.it\/reperes\/3727\/","name":"Kogh Pascal SOM\u00c9, Du latin langue gallo-romane au fran\u00e7ais langue africaine - Rep\u00e8res-Dorif","isPartOf":{"@id":"https:\/\/www.dorif.it\/reperes\/#website"},"primaryImageOfPage":{"@id":"https:\/\/www.dorif.it\/reperes\/3727\/#primaryimage"},"image":{"@id":"https:\/\/www.dorif.it\/reperes\/3727\/#primaryimage"},"thumbnailUrl":"http:\/\/www.dorif.it\/reperes\/wp-content\/uploads\/2021\/07\/logo-reperes-3.jpg","datePublished":"2020-11-03T10:41:27+00:00","dateModified":"2022-11-10T14:22:45+00:00","author":{"@id":"https:\/\/www.dorif.it\/reperes\/#\/schema\/person\/8cbfab343f8c58a04250601d72a846e7"},"breadcrumb":{"@id":"https:\/\/www.dorif.it\/reperes\/3727\/#breadcrumb"},"inLanguage":"it-IT","potentialAction":[{"@type":"ReadAction","target":["https:\/\/www.dorif.it\/reperes\/3727\/"]}]},{"@type":"ImageObject","inLanguage":"it-IT","@id":"https:\/\/www.dorif.it\/reperes\/3727\/#primaryimage","url":"http:\/\/www.dorif.it\/reperes\/wp-content\/uploads\/2021\/07\/logo-reperes-3.jpg","contentUrl":"http:\/\/www.dorif.it\/reperes\/wp-content\/uploads\/2021\/07\/logo-reperes-3.jpg"},{"@type":"BreadcrumbList","@id":"https:\/\/www.dorif.it\/reperes\/3727\/#breadcrumb","itemListElement":[{"@type":"ListItem","position":1,"name":"Home","item":"https:\/\/www.dorif.it\/reperes\/"},{"@type":"ListItem","position":2,"name":"Kogh Pascal SOM\u00c9, Du latin langue gallo-romane au fran\u00e7ais langue africaine"}]},{"@type":"WebSite","@id":"https:\/\/www.dorif.it\/reperes\/#website","url":"https:\/\/www.dorif.it\/reperes\/","name":"Rep\u00e8res-Dorif","description":"Autor du Fran\u00e7ais: langues, cultures et plurilinguisme","potentialAction":[{"@type":"SearchAction","target":{"@type":"EntryPoint","urlTemplate":"https:\/\/www.dorif.it\/reperes\/?s={search_term_string}"},"query-input":{"@type":"PropertyValueSpecification","valueRequired":true,"valueName":"search_term_string"}}],"inLanguage":"it-IT"},{"@type":"Person","@id":"https:\/\/www.dorif.it\/reperes\/#\/schema\/person\/8cbfab343f8c58a04250601d72a846e7","name":"riccardo","image":{"@type":"ImageObject","inLanguage":"it-IT","@id":"https:\/\/secure.gravatar.com\/avatar\/b003c5644a947a29a3ebd5a5c031510a6ffd258d41b582fd57f4df6f76465aec?s=96&d=mm&r=g","url":"https:\/\/secure.gravatar.com\/avatar\/b003c5644a947a29a3ebd5a5c031510a6ffd258d41b582fd57f4df6f76465aec?s=96&d=mm&r=g","contentUrl":"https:\/\/secure.gravatar.com\/avatar\/b003c5644a947a29a3ebd5a5c031510a6ffd258d41b582fd57f4df6f76465aec?s=96&d=mm&r=g","caption":"riccardo"},"sameAs":["https:\/\/www.dorif.it\/reperes"],"url":""}]}},"_links":{"self":[{"href":"https:\/\/www.dorif.it\/reperes\/wp-json\/wp\/v2\/posts\/3727","targetHints":{"allow":["GET"]}}],"collection":[{"href":"https:\/\/www.dorif.it\/reperes\/wp-json\/wp\/v2\/posts"}],"about":[{"href":"https:\/\/www.dorif.it\/reperes\/wp-json\/wp\/v2\/types\/post"}],"author":[{"embeddable":true,"href":"https:\/\/www.dorif.it\/reperes\/wp-json\/wp\/v2\/users\/1"}],"replies":[{"embeddable":true,"href":"https:\/\/www.dorif.it\/reperes\/wp-json\/wp\/v2\/comments?post=3727"}],"version-history":[{"count":8,"href":"https:\/\/www.dorif.it\/reperes\/wp-json\/wp\/v2\/posts\/3727\/revisions"}],"predecessor-version":[{"id":9610,"href":"https:\/\/www.dorif.it\/reperes\/wp-json\/wp\/v2\/posts\/3727\/revisions\/9610"}],"wp:attachment":[{"href":"https:\/\/www.dorif.it\/reperes\/wp-json\/wp\/v2\/media?parent=3727"}],"wp:term":[{"taxonomy":"category","embeddable":true,"href":"https:\/\/www.dorif.it\/reperes\/wp-json\/wp\/v2\/categories?post=3727"},{"taxonomy":"post_tag","embeddable":true,"href":"https:\/\/www.dorif.it\/reperes\/wp-json\/wp\/v2\/tags?post=3727"}],"curies":[{"name":"wp","href":"https:\/\/api.w.org\/{rel}","templated":true}]}}