{"id":5989,"date":"2021-01-25T23:00:41","date_gmt":"2021-01-25T22:00:41","guid":{"rendered":"https:\/\/www.dorif.it\/reperes\/?p=5989"},"modified":"2021-07-27T12:19:46","modified_gmt":"2021-07-27T10:19:46","slug":"giuseppe-martoccia-presentation","status":"publish","type":"post","link":"https:\/\/www.dorif.it\/reperes\/giuseppe-martoccia-presentation\/","title":{"rendered":"Giuseppe MARTOCCIA, Pr\u00e9sentation"},"content":{"rendered":"<p><div class=\"fusion-fullwidth fullwidth-box fusion-builder-row-1 fusion-flex-container nonhundred-percent-fullwidth non-hundred-percent-height-scrolling\" style=\"--awb-border-radius-top-left:0px;--awb-border-radius-top-right:0px;--awb-border-radius-bottom-right:0px;--awb-border-radius-bottom-left:0px;--awb-flex-wrap:wrap;\" ><div class=\"fusion-builder-row fusion-row fusion-flex-align-items-flex-start fusion-flex-content-wrap\" style=\"max-width:1216.8px;margin-left: calc(-4% \/ 2 );margin-right: calc(-4% \/ 2 );\"><div class=\"fusion-layout-column fusion_builder_column fusion-builder-column-0 fusion_builder_column_1_1 1_1 fusion-flex-column\" style=\"--awb-bg-size:cover;--awb-width-large:100%;--awb-margin-top-large:0px;--awb-spacing-right-large:1.92%;--awb-margin-bottom-large:20px;--awb-spacing-left-large:1.92%;--awb-width-medium:100%;--awb-order-medium:0;--awb-spacing-right-medium:1.92%;--awb-spacing-left-medium:1.92%;--awb-width-small:100%;--awb-order-small:0;--awb-spacing-right-small:1.92%;--awb-spacing-left-small:1.92%;\"><div class=\"fusion-column-wrapper fusion-column-has-shadow fusion-flex-justify-content-flex-start fusion-content-layout-column\"><div class=\"fusion-text fusion-text-1\"><h2 id=\"pr\u00e9sentation\" style=\"text-align: center;\">Giuseppe Martoccia<\/h2>\n<h2 id=\"-pr\u00e9sentation\" style=\"text-align: center;\"><strong> Pr\u00e9sentation<\/strong><\/h2>\n<\/div><\/div><\/div><\/div><\/div><div class=\"fusion-fullwidth fullwidth-box fusion-builder-row-2 fusion-flex-container nonhundred-percent-fullwidth non-hundred-percent-height-scrolling\" style=\"--awb-border-radius-top-left:0px;--awb-border-radius-top-right:0px;--awb-border-radius-bottom-right:0px;--awb-border-radius-bottom-left:0px;--awb-flex-wrap:wrap;\" ><div class=\"fusion-builder-row fusion-row fusion-flex-align-items-flex-start fusion-flex-content-wrap\" style=\"max-width:1216.8px;margin-left: calc(-4% \/ 2 );margin-right: calc(-4% \/ 2 );\"><div class=\"fusion-layout-column fusion_builder_column fusion-builder-column-1 fusion_builder_column_1_1 1_1 fusion-flex-column\" style=\"--awb-bg-size:cover;--awb-width-large:100%;--awb-margin-top-large:0px;--awb-spacing-right-large:1.92%;--awb-margin-bottom-large:20px;--awb-spacing-left-large:1.92%;--awb-width-medium:100%;--awb-order-medium:0;--awb-spacing-right-medium:1.92%;--awb-spacing-left-medium:1.92%;--awb-width-small:100%;--awb-order-small:0;--awb-spacing-right-small:1.92%;--awb-spacing-left-small:1.92%;\"><div class=\"fusion-column-wrapper fusion-column-has-shadow fusion-flex-justify-content-flex-start fusion-content-layout-column\"><div class=\"fusion-text fusion-text-2\"><div id=\"article_body\" lang=\"FR\">\n<p><strong>Giuseppe Martoccia<\/strong><br \/>\nCTS F\u00e9d\u00e9ration des Alliances Fran\u00e7aises d\u2019Italie<br \/>\n<em>Responsable national formation des professeurs<\/em><br \/>\ngiuseppe.martoccia@alliancefr.it<\/p>\n<p>\u00c0 l\u2019occasion du deuxi\u00e8me Colloque international sur la langue fran\u00e7aise organis\u00e9 par les Alliances Fran\u00e7aises d\u2019Italie \u2013\u00a0<em>Situation du fran\u00e7ais en Afrique sub-saharienne aujourd\u2019hui: histoire et perspectives<\/em>,\u00a0Rome, Sapienza Universit\u00e0, 8 et 9 Novembre 2019 \u2013 le projet de collaboration et de partenariat p\u00e9dagogique entre le Do.Ri.F. Universit\u00e0 et la F\u00e9d\u00e9ration des Alliances Fran\u00e7aises d\u2019Italie vivait un moment de grande valeur symbolique, avec la pr\u00e9sentation par la Pr\u00e9sidente du Do.Ri.F., Mme Micaela Rossi, du premier volume des Actes du laboratoire de formation\u00a0<em>Ateliers\u00a0Didactique et Recherches<\/em>, n. 1\u00a0:\u00a0<em>Le th\u00e9\u00e2tre en classe de FLE<\/em><a href=\"#_ftn1\" name=\"_ftnref1\">[1]<\/a>.<\/p>\n<p>\u00ab\u00a0Renforcer le pont entre recherche et application didactique dans le domaine du fran\u00e7ais\u00a0\u00bb<a href=\"#_ftn2\" name=\"_ftnref2\">[2]<\/a>, tel est l\u2019objectif de ce projet p\u00e9dagogique, destin\u00e9 aux professeurs de FLE et de DNL en fran\u00e7ais de toutes les \u00e9coles d\u2019Italie. Il s\u2019agit d\u2019une des missions fondamentales du Do.Ri.F.<a href=\"#_ftn3\" name=\"_ftnref3\">[3]<\/a>, et sans aucun doute le\u00a0projet le plus ambitieux et important que la F\u00e9d\u00e9ration des Alliances Fran\u00e7aises d\u2019Italie ait construit pour finaliser son offre de formation dans le domaine de la didactique du FLE.<\/p>\n<p>Ayant \u00e0 l\u2019actif plus de 20 centres enseignants sur la quasi-totalit\u00e9 du territoire national<a href=\"#_ftn4\" name=\"_ftnref4\">[4]<\/a>, le r\u00e9seau des Alliances Fran\u00e7aises d\u2019Italie a les potentialit\u00e9s et l\u2019ambition de devenir une r\u00e9f\u00e9rence pour la diffusion de la langue fran\u00e7aise, en dehors du public scolaire et universitaire, mais aussi pour la formation des professeurs de FLE dans les \u00e9coles d\u2019Italie. Le soutien du fran\u00e7ais en tant que discipline scolaire, dans les coll\u00e8ges et les lyc\u00e9es, reste un objectif fondamental pour la mission statutaire de l\u2019Alliance Fran\u00e7aise. Nous avons d\u00e9j\u00e0 propos\u00e9 une br\u00e8ve description de la situation du fran\u00e7ais dans les \u00e9coles italiennes<a href=\"#_ftn5\" name=\"_ftnref5\">[5]<\/a>. Afin de soutenir la pr\u00e9sence et la qualit\u00e9 de l\u2019enseignement du fran\u00e7ais scolaire, la F\u00e9d\u00e9ration des Alliances Fran\u00e7aises r\u00e9alise chaque ann\u00e9e des formations sur tout le territoire national, ouvertes gratuitement aux coll\u00e8gues des \u00e9coles. Depuis 2006, les\u00a0<em>Journ\u00e9es pour le Fran\u00e7ais<\/em>\u00a0(JPF) repr\u00e9sentent un rendez-vous incontournable pour plus de 2000 professeurs<a href=\"#_ftn6\" name=\"_ftnref6\">[6]<\/a>. Dans la m\u00eame vis\u00e9e, des partenariats ont \u00e9t\u00e9 mis en place, pour la promotion et la valorisation de besoins sp\u00e9cifiques\u00a0: avec le prestigieux centre de langue du CAVILAM Alliance Fran\u00e7aise de Vichy, un des phares au niveau mondial de la didactique du FLE\u00a0; avec la Chambre de Commerce de Paris Ile-de-France pour la diffusion et la d\u00e9fense du fran\u00e7ais professionnel. Les cours de langue fran\u00e7aise qu\u2019un professeur de l\u2019\u00e9cole voudra suivre en choisissant l\u2019offre de notre r\u00e9seau, seront d\u00e9sormais reconnus comme des heures de formation en service<a href=\"#_ftn7\" name=\"_ftnref7\">[7]<\/a>, ce qui vient \u00e0 l\u2019appui de la promotion du fran\u00e7ais dans les programmes EMILE-CLIL. De nombreux projets sont en cours pour la promotion du fran\u00e7ais pr\u00e9coce, dans les \u00e9coles primaires, avec le public des enfants.<\/p>\n<p>Ayant conscience de l\u2019importance d\u2019une verticalit\u00e9 de l\u2019offre de formation et surtout de la fonction essentielle que l\u2019Universit\u00e9 doit jouer dans la formation et la mise \u00e0 jour p\u00e9dagogique des professeurs, c\u2019est dans cet ensemble coh\u00e9rent et ambitieux que nous avons envisag\u00e9 la collaboration avec le Do.Ri.F. Universit\u00e0. Mes remerciements sinc\u00e8res \u2013 ainsi que ceux de toute la F\u00e9d\u00e9ration des Alliances Fran\u00e7aises d\u2019Italie, \u00e0 partir du Pr\u00e9sident Romano, du Conseil de Direction et du C.T.S. \u2013 s\u2019adressent \u00e0 Mmes Danielle Londei et Micaela Rossi, Directrice du projet et Pr\u00e9sidente du Do.Ri.F. Universit\u00e0 et \u00e0 M. Yannick Hamon, responsable scientifique du projet\u00a0<em>Ateliers Didactique et Recherches<\/em>, pour la confiance et la grande disponibilit\u00e9 \u00e0 l\u2019\u00e9change des exp\u00e9riences. Cette deuxi\u00e8me ann\u00e9e d\u2019exp\u00e9rimentation dans les \u00e9coles, caract\u00e9ris\u00e9e par la crise de la Covid-19, survenue tout de suite apr\u00e8s la r\u00e9alisation de nos ateliers en pr\u00e9sentiel, mais d\u00e9terminante aussi pour la fin des exp\u00e9riences dans les classes<a href=\"#_ftn8\" name=\"_ftnref8\">[8]<\/a>, confirme la richesse de l\u2019\u00e9change et la bonne direction du projet. Je veux remercier aussi les professeurs Cristiana Cervini (Universit\u00e9 de Bologne Campus de Forl\u00ec), Marie-Christine Jamet et Yannick Hamon (Universit\u00e9 de Venise), Michel Vergne (Universit\u00e9 de Bari \/ CTS de la F\u00e9d\u00e9ration des Alliances Fran\u00e7aises d\u2019Italie) pour leur engagement dans le projet et la richesse de leurs interventions que ce volume nous donne.<\/p>\n<p><a href=\"#_ftnref1\" name=\"_ftn1\">[1]<\/a> Dans la revue en ligne\u00a0<em>Rep\u00e8res-Do.Ri.F.<\/em>\u00a0(<a href=\"http:\/\/www.dorif.it\/ezine\/show_issue.php?iss_id=32\">http:\/\/www.dorif.it\/ezine\/show_issue.php?iss_id=32<\/a>), num\u00e9ro de Novembre 2019, \u00e9d. Yannick Hamon, Marie-Line Zucchiatti, Magali Boureux.<\/p>\n<p><a href=\"#_ftnref2\" name=\"_ftn2\">[2]<\/a> Danielle Londei, M. Rossi,\u00a0<em>La collaboration entre le Do.Ri.F. Universit\u00e0 et la F\u00e9d\u00e9ration des Alliances Fran\u00e7aises en Italie : un dialogue fructueux<\/em>, in: AA.VV.,\u00a0<em>Situation du fran\u00e7ais en Afrique sub-saharienne aujourd\u2019hui: histoire et perspectives \/ Aspects de la civilisation fran\u00e7aise et francophone en classe de FLE<\/em>, Actes du Colloque international (Rome, 8 et 9 novembre 2019), Textes r\u00e9unis par Andrea Cal\u00ec, Giuseppe Martoccia, Raffaele Romano, \u201cInterculturel\u201d, n. 26, Alliance Fran\u00e7aise de Lecce \u00e9diteur, Lecce 2020, p.18.<\/p>\n<p><a href=\"#_ftnref3\" name=\"_ftn3\">[3]<\/a> <em>Ibid.<\/em>, p. 17.<\/p>\n<p><a href=\"#_ftnref4\" name=\"_ftn4\">[4]<\/a> Le r\u00e9seau des Alliances Fran\u00e7aises d\u2019Italie est le plus vaste d\u2019Europe, avec 36 associations locales. Les r\u00e9gions qui ne comptent pas d\u2019AF sont : le Trentino Alto-Adige, la Lombardie, les Marches (rattach\u00e9es \u00e0 l\u2019Alliance Fran\u00e7aise de San Benedetto del Tronto) et le Molise. Dans le cadre europ\u00e9en, il s\u2019agit d\u2019un des rares r\u00e9seaux nationaux organis\u00e9s avec un organisme f\u00e9d\u00e9ratif, la F\u00e9d\u00e9ration des Alliances Fran\u00e7aises d\u2019Italie. Depuis 2020, un repr\u00e9sentant des Alliances Fran\u00e7aises d\u2019Italie, M. Raffaele Romano, dans sa fonction de Pr\u00e9sident de la F\u00e9d\u00e9ration, a \u00e9t\u00e9 \u00e9lu au sein du Conseil et du Bureau de direction de la Fondation des Alliances Fran\u00e7aises en tant que conseiller repr\u00e9sentant le r\u00e9seau de l\u2019Europe.<\/p>\n<p><a href=\"#_ftnref5\" name=\"_ftn5\">[5]<\/a> R. Romano, G. Martoccia, Pr\u00e9sentation de la F\u00e9d\u00e9ration des Alliances Fran\u00e7aises d\u2019Italie, in : \u201cR\u00e9p\u00e8res Do.Ri.F.\u201d, num\u00e9ro de Novembre 2019, cit.,\u00a0<a href=\"https:\/\/dorif.it\/ezine\/ezine_articles.php?art_id=445\">https:\/\/dorif.it\/ezine\/ezine_articles.php?art_id=445<\/a><\/p>\n<p><a href=\"#_ftnref6\" name=\"_ftn6\">[6]<\/a> L\u2019\u00e9dition 2020 va se d\u00e9rouler en Novembre-D\u00e9cembre 2020, et pr\u00e9voit l\u2019intervention des principales \u00e9coles de langue de France. Apr\u00e8s plusieurs ann\u00e9es de collaboration avec l\u2019Institut Fran\u00e7ais Italie, les J.P.F. reviennent sous la responsabilit\u00e9 et la direction de la F\u00e9d\u00e9ration, qui va proposer aux professeurs une nouvelle formule, plus riche dans le choix des parcours de formation. Pour cette ann\u00e9e, les J.P.F. seront r\u00e9alis\u00e9es enti\u00e8rement en modalit\u00e9 en ligne, \u00e0 cause de la crise sanitaire de la Covid-19.<\/p>\n<p><a href=\"#_ftnref7\" name=\"_ftn7\">[7]<\/a> La F\u00e9d\u00e9ration des Alliances Fran\u00e7aises d\u2019Italie a \u00e9t\u00e9 confirm\u00e9e par le Minist\u00e8re de l\u2019Instruction (MIUR) comme Agence de formation nationale, en 2016, gr\u00e2ce \u00e0 l\u2019action du pr\u00e9sident Romano et du r\u00e9dacteur de cette introduction, par la validation des cours de langue fran\u00e7aise des Alliances de Basilicata, Sassari, Trieste et Sud Latium (Latina), tous bas\u00e9s sur les niveaux du CECRL et le dispositif de qualit\u00e9 Alliance Fran\u00e7aise.<\/p>\n<p><a href=\"#_ftnref8\" name=\"_ftn8\">[8]<\/a> Les professeurs en formation, comme tout le monde, ont d\u00fb faire face au grand bouleversement des mois de Mars-Juin 2020, caract\u00e9ris\u00e9s par la fermeture des classes et la didactique \u00e0 distance. Cela a certainement bloqu\u00e9 le parcours de restitutions pr\u00e9vu pendant les journ\u00e9es de formation, car les professeurs n\u2019ont pas eu la possibilit\u00e9 d\u2019\u00e9valuer et de consid\u00e9rer le traitement de l\u2019erreur, sujet de notre formation 2019-2020, avec les m\u00eames proc\u00e9d\u00e9s de la didactique en pr\u00e9sentiel.<\/p>\n<hr \/>\n<\/div>\n<div id=\"article_notes\">\n<p class=\"note\">\n<\/div>\n<\/div><div class=\"fusion-text fusion-text-3\"><p>Per citare questo articolo:<\/p>\n<p>Giuseppe MARTOCCIA, \u00ab Pr\u00e9sentation \u00bb, <em>Rep\u00e8res DoRiF, <\/em>\u00a0Ateliers Didactique et Recherches,\u00a0 n. 2 \u2013 La didactique de l\u2019erreur, F\u00e9d\u00e9ration Alliances Fran\u00e7aises d&#8217;Italie et DoRiF Universit\u00e0, Roma dicembre 2020, https:\/\/www.dorif.it\/reperes\/giuseppe-martoccia-presentation\/<\/p>\n<p style=\"text-align: center;\">ISSN 2281-3020<\/p>\n<\/div><div class=\"fusion-image-element \" style=\"--awb-caption-title-font-family:var(--h2_typography-font-family);--awb-caption-title-font-weight:var(--h2_typography-font-weight);--awb-caption-title-font-style:var(--h2_typography-font-style);--awb-caption-title-size:var(--h2_typography-font-size);--awb-caption-title-transform:var(--h2_typography-text-transform);--awb-caption-title-line-height:var(--h2_typography-line-height);--awb-caption-title-letter-spacing:var(--h2_typography-letter-spacing);\"><span class=\" fusion-imageframe imageframe-none imageframe-1 hover-type-none\"><img decoding=\"async\" width=\"500\" height=\"68\" title=\"logo-reperes\" src=\"https:\/\/www.dorif.it\/reperes\/wp-content\/uploads\/2021\/07\/logo-reperes-3.jpg\" alt class=\"img-responsive wp-image-6963\" srcset=\"https:\/\/www.dorif.it\/reperes\/wp-content\/uploads\/2021\/07\/logo-reperes-3-200x27.jpg 200w, https:\/\/www.dorif.it\/reperes\/wp-content\/uploads\/2021\/07\/logo-reperes-3-400x54.jpg 400w, https:\/\/www.dorif.it\/reperes\/wp-content\/uploads\/2021\/07\/logo-reperes-3.jpg 500w\" sizes=\"(max-width: 1024px) 100vw, (max-width: 640px) 100vw, 500px\" \/><\/span><\/div><div class=\"fusion-text fusion-text-4\"><p style=\"text-align: center;\">Quest&#8217;opera \u00e8 distribuita con Licenza\u00a0<a href=\"http:\/\/creativecommons.org\/licenses\/by-nc-nd\/3.0\/it\/\">Creative Commons Attribuzione &#8211; Non commerciale &#8211; Non opere derivate 3.0 Italia<\/a>.<\/p>\n<\/div><\/div><\/div><\/div><\/div><\/p>\n","protected":false},"excerpt":{"rendered":"","protected":false},"author":8,"featured_media":0,"comment_status":"closed","ping_status":"closed","sticky":false,"template":"","format":"standard","meta":{"_acf_changed":false,"_bbp_topic_count":0,"_bbp_reply_count":0,"_bbp_total_topic_count":0,"_bbp_total_reply_count":0,"_bbp_voice_count":0,"_bbp_anonymous_reply_count":0,"_bbp_topic_count_hidden":0,"_bbp_reply_count_hidden":0,"_bbp_forum_subforum_count":0,"footnotes":""},"categories":[307],"tags":[311,317],"class_list":["post-5989","post","type-post","status-publish","format-standard","hentry","category-presentation-de-la-formation","tag-ateliers-didactique-et-recherches-federation-alliances-francaises-ditalie-et-dorif-universita-n-2-la-didactique-de-lerreur","tag-giuseppe-martoccia"],"acf":[],"yoast_head":"<!-- This site is optimized with the Yoast SEO plugin v27.3 - https:\/\/yoast.com\/product\/yoast-seo-wordpress\/ -->\n<title>Giuseppe MARTOCCIA, Pr\u00e9sentation - Rep\u00e8res-Dorif<\/title>\n<meta name=\"robots\" content=\"index, follow, max-snippet:-1, max-image-preview:large, max-video-preview:-1\" \/>\n<link rel=\"canonical\" href=\"https:\/\/www.dorif.it\/reperes\/giuseppe-martoccia-presentation\/\" \/>\n<meta property=\"og:locale\" content=\"it_IT\" \/>\n<meta property=\"og:type\" content=\"article\" \/>\n<meta property=\"og:title\" content=\"Giuseppe MARTOCCIA, Pr\u00e9sentation - Rep\u00e8res-Dorif\" \/>\n<meta property=\"og:url\" content=\"https:\/\/www.dorif.it\/reperes\/giuseppe-martoccia-presentation\/\" \/>\n<meta property=\"og:site_name\" content=\"Rep\u00e8res-Dorif\" \/>\n<meta property=\"article:published_time\" content=\"2021-01-25T22:00:41+00:00\" \/>\n<meta property=\"article:modified_time\" content=\"2021-07-27T10:19:46+00:00\" \/>\n<meta name=\"author\" content=\"Orvale\" \/>\n<meta name=\"twitter:card\" content=\"summary_large_image\" \/>\n<meta name=\"twitter:label1\" content=\"Scritto da\" \/>\n\t<meta name=\"twitter:data1\" content=\"Giuseppe MARTOCCIA\" \/>\n\t<meta name=\"twitter:label2\" content=\"Tempo di lettura stimato\" \/>\n\t<meta name=\"twitter:data2\" content=\"7 minuti\" \/>\n<script type=\"application\/ld+json\" class=\"yoast-schema-graph\">{\"@context\":\"https:\\\/\\\/schema.org\",\"@graph\":[{\"@type\":\"Article\",\"@id\":\"https:\\\/\\\/www.dorif.it\\\/reperes\\\/giuseppe-martoccia-presentation\\\/#article\",\"isPartOf\":{\"@id\":\"https:\\\/\\\/www.dorif.it\\\/reperes\\\/giuseppe-martoccia-presentation\\\/\"},\"author\":{\"name\":\"Orvale\",\"@id\":\"https:\\\/\\\/www.dorif.it\\\/reperes\\\/#\\\/schema\\\/person\\\/be5f529c70120fdda9afb763971d717f\"},\"headline\":\"Giuseppe MARTOCCIA, Pr\u00e9sentation\",\"datePublished\":\"2021-01-25T22:00:41+00:00\",\"dateModified\":\"2021-07-27T10:19:46+00:00\",\"mainEntityOfPage\":{\"@id\":\"https:\\\/\\\/www.dorif.it\\\/reperes\\\/giuseppe-martoccia-presentation\\\/\"},\"wordCount\":2830,\"keywords\":[\"Ateliers Didactique et Recherches - F\u00e9d\u00e9ration Alliances Fran\u00e7aises d'Italie et DoRiF Universit\u00e0 N.2 - La didactique de l'erreur\",\"Giuseppe Martoccia\"],\"articleSection\":[\"Pr\u00e9sentation de la formation\"],\"inLanguage\":\"it-IT\"},{\"@type\":\"WebPage\",\"@id\":\"https:\\\/\\\/www.dorif.it\\\/reperes\\\/giuseppe-martoccia-presentation\\\/\",\"url\":\"https:\\\/\\\/www.dorif.it\\\/reperes\\\/giuseppe-martoccia-presentation\\\/\",\"name\":\"Giuseppe MARTOCCIA, Pr\u00e9sentation - Rep\u00e8res-Dorif\",\"isPartOf\":{\"@id\":\"https:\\\/\\\/www.dorif.it\\\/reperes\\\/#website\"},\"datePublished\":\"2021-01-25T22:00:41+00:00\",\"dateModified\":\"2021-07-27T10:19:46+00:00\",\"author\":{\"@id\":\"https:\\\/\\\/www.dorif.it\\\/reperes\\\/#\\\/schema\\\/person\\\/be5f529c70120fdda9afb763971d717f\"},\"breadcrumb\":{\"@id\":\"https:\\\/\\\/www.dorif.it\\\/reperes\\\/giuseppe-martoccia-presentation\\\/#breadcrumb\"},\"inLanguage\":\"it-IT\",\"potentialAction\":[{\"@type\":\"ReadAction\",\"target\":[\"https:\\\/\\\/www.dorif.it\\\/reperes\\\/giuseppe-martoccia-presentation\\\/\"]}]},{\"@type\":\"BreadcrumbList\",\"@id\":\"https:\\\/\\\/www.dorif.it\\\/reperes\\\/giuseppe-martoccia-presentation\\\/#breadcrumb\",\"itemListElement\":[{\"@type\":\"ListItem\",\"position\":1,\"name\":\"Home\",\"item\":\"https:\\\/\\\/www.dorif.it\\\/reperes\\\/\"},{\"@type\":\"ListItem\",\"position\":2,\"name\":\"Giuseppe MARTOCCIA, Pr\u00e9sentation\"}]},{\"@type\":\"WebSite\",\"@id\":\"https:\\\/\\\/www.dorif.it\\\/reperes\\\/#website\",\"url\":\"https:\\\/\\\/www.dorif.it\\\/reperes\\\/\",\"name\":\"Rep\u00e8res-Dorif\",\"description\":\"Autor du Fran\u00e7ais: langues, cultures et plurilinguisme\",\"potentialAction\":[{\"@type\":\"SearchAction\",\"target\":{\"@type\":\"EntryPoint\",\"urlTemplate\":\"https:\\\/\\\/www.dorif.it\\\/reperes\\\/?s={search_term_string}\"},\"query-input\":{\"@type\":\"PropertyValueSpecification\",\"valueRequired\":true,\"valueName\":\"search_term_string\"}}],\"inLanguage\":\"it-IT\"},{\"@type\":\"Person\",\"@id\":\"https:\\\/\\\/www.dorif.it\\\/reperes\\\/#\\\/schema\\\/person\\\/be5f529c70120fdda9afb763971d717f\",\"name\":\"Orvale\",\"image\":{\"@type\":\"ImageObject\",\"inLanguage\":\"it-IT\",\"@id\":\"https:\\\/\\\/secure.gravatar.com\\\/avatar\\\/d1f962340761948aa72825921b12c22d66f83c4526d447ab70ba4e4167f348d5?s=96&d=mm&r=g\",\"url\":\"https:\\\/\\\/secure.gravatar.com\\\/avatar\\\/d1f962340761948aa72825921b12c22d66f83c4526d447ab70ba4e4167f348d5?s=96&d=mm&r=g\",\"contentUrl\":\"https:\\\/\\\/secure.gravatar.com\\\/avatar\\\/d1f962340761948aa72825921b12c22d66f83c4526d447ab70ba4e4167f348d5?s=96&d=mm&r=g\",\"caption\":\"Orvale\"},\"url\":\"#\"}]}<\/script>\n<!-- \/ Yoast SEO plugin. -->","yoast_head_json":{"title":"Giuseppe MARTOCCIA, Pr\u00e9sentation - Rep\u00e8res-Dorif","robots":{"index":"index","follow":"follow","max-snippet":"max-snippet:-1","max-image-preview":"max-image-preview:large","max-video-preview":"max-video-preview:-1"},"canonical":"https:\/\/www.dorif.it\/reperes\/giuseppe-martoccia-presentation\/","og_locale":"it_IT","og_type":"article","og_title":"Giuseppe MARTOCCIA, Pr\u00e9sentation - Rep\u00e8res-Dorif","og_url":"https:\/\/www.dorif.it\/reperes\/giuseppe-martoccia-presentation\/","og_site_name":"Rep\u00e8res-Dorif","article_published_time":"2021-01-25T22:00:41+00:00","article_modified_time":"2021-07-27T10:19:46+00:00","author":"Orvale","twitter_card":"summary_large_image","twitter_misc":{"Scritto da":"Giuseppe MARTOCCIA","Tempo di lettura stimato":"7 minuti"},"schema":{"@context":"https:\/\/schema.org","@graph":[{"@type":"Article","@id":"https:\/\/www.dorif.it\/reperes\/giuseppe-martoccia-presentation\/#article","isPartOf":{"@id":"https:\/\/www.dorif.it\/reperes\/giuseppe-martoccia-presentation\/"},"author":{"name":"Orvale","@id":"https:\/\/www.dorif.it\/reperes\/#\/schema\/person\/be5f529c70120fdda9afb763971d717f"},"headline":"Giuseppe MARTOCCIA, Pr\u00e9sentation","datePublished":"2021-01-25T22:00:41+00:00","dateModified":"2021-07-27T10:19:46+00:00","mainEntityOfPage":{"@id":"https:\/\/www.dorif.it\/reperes\/giuseppe-martoccia-presentation\/"},"wordCount":2830,"keywords":["Ateliers Didactique et Recherches - F\u00e9d\u00e9ration Alliances Fran\u00e7aises d'Italie et DoRiF Universit\u00e0 N.2 - La didactique de l'erreur","Giuseppe Martoccia"],"articleSection":["Pr\u00e9sentation de la formation"],"inLanguage":"it-IT"},{"@type":"WebPage","@id":"https:\/\/www.dorif.it\/reperes\/giuseppe-martoccia-presentation\/","url":"https:\/\/www.dorif.it\/reperes\/giuseppe-martoccia-presentation\/","name":"Giuseppe MARTOCCIA, Pr\u00e9sentation - Rep\u00e8res-Dorif","isPartOf":{"@id":"https:\/\/www.dorif.it\/reperes\/#website"},"datePublished":"2021-01-25T22:00:41+00:00","dateModified":"2021-07-27T10:19:46+00:00","author":{"@id":"https:\/\/www.dorif.it\/reperes\/#\/schema\/person\/be5f529c70120fdda9afb763971d717f"},"breadcrumb":{"@id":"https:\/\/www.dorif.it\/reperes\/giuseppe-martoccia-presentation\/#breadcrumb"},"inLanguage":"it-IT","potentialAction":[{"@type":"ReadAction","target":["https:\/\/www.dorif.it\/reperes\/giuseppe-martoccia-presentation\/"]}]},{"@type":"BreadcrumbList","@id":"https:\/\/www.dorif.it\/reperes\/giuseppe-martoccia-presentation\/#breadcrumb","itemListElement":[{"@type":"ListItem","position":1,"name":"Home","item":"https:\/\/www.dorif.it\/reperes\/"},{"@type":"ListItem","position":2,"name":"Giuseppe MARTOCCIA, Pr\u00e9sentation"}]},{"@type":"WebSite","@id":"https:\/\/www.dorif.it\/reperes\/#website","url":"https:\/\/www.dorif.it\/reperes\/","name":"Rep\u00e8res-Dorif","description":"Autor du Fran\u00e7ais: langues, cultures et plurilinguisme","potentialAction":[{"@type":"SearchAction","target":{"@type":"EntryPoint","urlTemplate":"https:\/\/www.dorif.it\/reperes\/?s={search_term_string}"},"query-input":{"@type":"PropertyValueSpecification","valueRequired":true,"valueName":"search_term_string"}}],"inLanguage":"it-IT"},{"@type":"Person","@id":"https:\/\/www.dorif.it\/reperes\/#\/schema\/person\/be5f529c70120fdda9afb763971d717f","name":"Orvale","image":{"@type":"ImageObject","inLanguage":"it-IT","@id":"https:\/\/secure.gravatar.com\/avatar\/d1f962340761948aa72825921b12c22d66f83c4526d447ab70ba4e4167f348d5?s=96&d=mm&r=g","url":"https:\/\/secure.gravatar.com\/avatar\/d1f962340761948aa72825921b12c22d66f83c4526d447ab70ba4e4167f348d5?s=96&d=mm&r=g","contentUrl":"https:\/\/secure.gravatar.com\/avatar\/d1f962340761948aa72825921b12c22d66f83c4526d447ab70ba4e4167f348d5?s=96&d=mm&r=g","caption":"Orvale"},"url":"#"}]}},"_links":{"self":[{"href":"https:\/\/www.dorif.it\/reperes\/wp-json\/wp\/v2\/posts\/5989","targetHints":{"allow":["GET"]}}],"collection":[{"href":"https:\/\/www.dorif.it\/reperes\/wp-json\/wp\/v2\/posts"}],"about":[{"href":"https:\/\/www.dorif.it\/reperes\/wp-json\/wp\/v2\/types\/post"}],"author":[{"embeddable":true,"href":"https:\/\/www.dorif.it\/reperes\/wp-json\/wp\/v2\/users\/8"}],"replies":[{"embeddable":true,"href":"https:\/\/www.dorif.it\/reperes\/wp-json\/wp\/v2\/comments?post=5989"}],"version-history":[{"count":28,"href":"https:\/\/www.dorif.it\/reperes\/wp-json\/wp\/v2\/posts\/5989\/revisions"}],"predecessor-version":[{"id":6974,"href":"https:\/\/www.dorif.it\/reperes\/wp-json\/wp\/v2\/posts\/5989\/revisions\/6974"}],"wp:attachment":[{"href":"https:\/\/www.dorif.it\/reperes\/wp-json\/wp\/v2\/media?parent=5989"}],"wp:term":[{"taxonomy":"category","embeddable":true,"href":"https:\/\/www.dorif.it\/reperes\/wp-json\/wp\/v2\/categories?post=5989"},{"taxonomy":"post_tag","embeddable":true,"href":"https:\/\/www.dorif.it\/reperes\/wp-json\/wp\/v2\/tags?post=5989"}],"curies":[{"name":"wp","href":"https:\/\/api.w.org\/{rel}","templated":true}]}}