{"id":5991,"date":"2021-01-25T23:02:38","date_gmt":"2021-01-25T22:02:38","guid":{"rendered":"https:\/\/www.dorif.it\/reperes\/?p=5991"},"modified":"2021-07-27T12:18:05","modified_gmt":"2021-07-27T10:18:05","slug":"danielle-londei-micaela-rossi-reflexions-sur-le-parcours-intellectuel-face-a-une-problematique-pedagogique-la-pedagogie-de-lerreur","status":"publish","type":"post","link":"https:\/\/www.dorif.it\/reperes\/danielle-londei-micaela-rossi-reflexions-sur-le-parcours-intellectuel-face-a-une-problematique-pedagogique-la-pedagogie-de-lerreur\/","title":{"rendered":"Danielle LONDEI, Micaela ROSSI, R\u00e9flexions sur le parcours intellectuel face \u00e0 une probl\u00e9matique p\u00e9dagogique. La p\u00e9dagogie de l&#8217;erreur"},"content":{"rendered":"<p><div class=\"fusion-fullwidth fullwidth-box fusion-builder-row-1 nonhundred-percent-fullwidth non-hundred-percent-height-scrolling\" style=\"--awb-border-radius-top-left:0px;--awb-border-radius-top-right:0px;--awb-border-radius-bottom-right:0px;--awb-border-radius-bottom-left:0px;--awb-flex-wrap:wrap;\" ><div class=\"fusion-builder-row fusion-row\"><div class=\"fusion-layout-column fusion_builder_column fusion-builder-column-0 fusion_builder_column_1_1 1_1 fusion-one-full fusion-column-first fusion-column-last\" style=\"--awb-bg-size:cover;--awb-margin-bottom:0px;\"><div class=\"fusion-column-wrapper fusion-flex-column-wrapper-legacy\"><div class=\"fusion-text fusion-text-1\"><div id=\"article_body\" lang=\"FR\">\n<p class=\"align_justify\"><strong><\/p>\n<\/div><div class=\"fusion-text fusion-text-2\"><p><\/strong><\/p>\n<h2 id=\"r\u00e9flexions-sur-le-parcours-in\" style=\"text-align: center;\">Danielle Londei, Micaela Rossi<\/h2>\n<h2 id=\"r\u00e9flexions-sur-le-parcours-in-0\" style=\"text-align: center;\"><strong>R\u00e9flexions sur le parcours intellectuel face \u00e0 une probl\u00e9matique p\u00e9dagogique. La p\u00e9dagogie de l&#8217;erreur<\/strong><\/h2>\n<\/div><div class=\"fusion-clearfix\"><\/div><\/div><\/div><div class=\"fusion-layout-column fusion_builder_column fusion-builder-column-1 fusion_builder_column_1_1 1_1 fusion-one-full fusion-column-first fusion-column-last\" style=\"--awb-bg-size:cover;\"><div class=\"fusion-column-wrapper fusion-column-has-shadow fusion-flex-column-wrapper-legacy\"><div class=\"fusion-clearfix\"><\/div><\/div><\/div><\/div><\/div><div class=\"fusion-fullwidth fullwidth-box fusion-builder-row-2 fusion-flex-container nonhundred-percent-fullwidth non-hundred-percent-height-scrolling\" style=\"--awb-border-radius-top-left:0px;--awb-border-radius-top-right:0px;--awb-border-radius-bottom-right:0px;--awb-border-radius-bottom-left:0px;--awb-flex-wrap:wrap;\" ><div class=\"fusion-builder-row fusion-row fusion-flex-align-items-flex-start fusion-flex-content-wrap\" style=\"max-width:1216.8px;margin-left: calc(-4% \/ 2 );margin-right: calc(-4% \/ 2 );\"><\/div><\/div><div class=\"fusion-fullwidth fullwidth-box fusion-builder-row-3 nonhundred-percent-fullwidth non-hundred-percent-height-scrolling\" style=\"--awb-border-radius-top-left:0px;--awb-border-radius-top-right:0px;--awb-border-radius-bottom-right:0px;--awb-border-radius-bottom-left:0px;--awb-flex-wrap:wrap;\" ><div class=\"fusion-builder-row fusion-row\"><div class=\"fusion-layout-column fusion_builder_column fusion-builder-column-2 fusion_builder_column_1_1 1_1 fusion-one-full fusion-column-first fusion-column-last\" style=\"--awb-bg-size:cover;--awb-margin-bottom:0px;\"><div class=\"fusion-column-wrapper fusion-flex-column-wrapper-legacy\"><div class=\"fusion-text fusion-text-3\"><div id=\"article_notes\">\n<p class=\"note\">\n<\/div>\n<p><strong>Danielle Londei<\/strong><br \/>\nProfessore Alma Mater<br \/>\nUniversit\u00e0 di Bologna<br \/>\ndanielle.digaetano@unibo.it<\/p>\n<p><strong>Micaela Rossi<\/strong><br \/>\nUniversit\u00e0 di Genova<br \/>\nmicaela.rossi@unige.it<\/p>\n<p>Dans son c\u00e9l\u00e8bre\u00a0<em>Discours de la m\u00e9thode<\/em>\u00a0(1637), Ren\u00e9 Descartes entendait par \u00ab m\u00e9thode \u00bb des \u00abr\u00e8gles certaines et faciles, gr\u00e2ce auxquelles tous ceux qui les observent scrupuleusement ne supposeront jamais vrai ce qui est faux, et parviendront, sans se fatiguer en efforts inutiles, mais en accroissant r\u00e9guli\u00e8rement leur savoir, \u00e0 la connaissance exacte de ce qu&#8217;ils peuvent atteindre \u00bb, suivant en cela un \u00ab plan r\u00e9fl\u00e9chi et d\u00e9termin\u00e9 d&#8217;avance \u00bb susceptible d&#8217;\u00ab indiquer les errements \u00e0 \u00e9viter afin de parvenir \u00e0 l&#8217;objectif que l&#8217;on s&#8217;est fix\u00e9 \u00bb.<\/p>\n<p>Deux grandes orientations peuvent \u00eatre, \u00e0 cet \u00e9gard, distingu\u00e9es. La premi\u00e8re insiste sur l&#8217;aspect normatif et traduit une confiance absolue dans le progr\u00e8s de la recherche. Alors, se r\u00e9f\u00e9rer \u00e0 l&#8217;ensemble des proc\u00e9d\u00e9s rationnels \u00e0 mettre en \u0153uvre pour aboutir \u00e0 tel ou tel r\u00e9sultat s&#8217;apparente tr\u00e8s souvent \u00e0 une recension des techniques ayant fait leurs preuves et parfois m\u00eame, \u00e0 un catalogue de \u00ab recettes \u00bb, de \u00ab r\u00e8gles \u00bb pr\u00e9\u00e9tablies qu&#8217;il importe de suivre \u00e0 la lettre. Mais, de fa\u00e7on plus profonde, et conform\u00e9ment \u00e0 l&#8217;\u00e9tymologie, une seconde acception met l&#8217;accent sur l&#8217;id\u00e9e de \u00ab cheminement \u00bb, et prend appui sur des \u00ab id\u00e9es claires et distinctes \u00bb permettant de lutter de mani\u00e8re ad\u00e9quate contre les pr\u00e9notions, les \u00e9vidences du sens commun ou les pr\u00e9jug\u00e9s. De mani\u00e8re g\u00e9n\u00e9rale, nous sommes de la sorte confront\u00e9s au domaine du r\u00e9futable, des \u00e9nonc\u00e9s provisoires, o\u00f9 \u00abrien n&#8217;est d\u00e9finitivement acquis\u00bb et o\u00f9 \u00abtout doit \u00eatre \u00e9prouv\u00e9\u00bb, qu&#8217;il s&#8217;agisse de faits, de mod\u00e8les, de r\u00e8gles ou de sch\u00e9matisations.<\/p>\n<p>Cette d\u00e9marche, face \u00e0 notre probl\u00e9matique \u2013 celle de la p\u00e9dagogie de l&#8217;erreur dans la classe de langue \u00e9trang\u00e8re \u2013 que l&#8217;on raisonne sous l&#8217;angle de l&#8217;\u00ab objet \u00bb (logique de la preuve), du \u00abparcours \u00bb ou de la \u00ab trajectoire \u00bb (logique de la d\u00e9couverte), doit r\u00e9pondre \u00e0 l&#8217;exigence op\u00e9rationnelle primordiale qui consiste dans la formulation de la probl\u00e9matique et dans l&#8217;\u00e9laboration des concepts ou des nomenclatures. De l\u00e0, en cons\u00e9quence, une r\u00e9flexion sur les choix des crit\u00e8res de validation et d&#8217;\u00e9valuation, sur la place de la formalisation, sur la pertinence des typologies ou des taxinomies.<\/p>\n<p>Dans cette optique, les paradigmes dont nous disposons rel\u00e8vent de croyances de type ontologique et servent de base \u00e0 des solutions partisanes. Cependant, s&#8217;il est vrai que les int\u00e9r\u00eats et les id\u00e9ologies qui s&#8217;expriment dans tout processus p\u00e9dagogique peuvent contribuer \u00e0 assurer une audience, la r\u00e9alit\u00e9 garde toujours le dernier mot, \u00e0 condition toutefois que le droit \u00e0 la critique puisse pleinement s&#8217;exercer.<\/p>\n<p>En France, l&#8217;histoire, longuement refoul\u00e9e, a ni\u00e9 la diversit\u00e9 linguistique incarn\u00e9e par les \u00e9l\u00e8ves alloglottes et a \u00e9t\u00e9 souvent le terrain d&#8217;un affrontement, d&#8217;une confrontation faite d&#8217;incompr\u00e9hension. De fait, les r\u00e9ticences traditionnellement manifest\u00e9es par les pouvoirs publics ne peuvent pleinement \u00eatre comprises qu&#8217;au regard du culte exclusif que ce pays voue \u00e0 la langue fran\u00e7aise, \u00e9rig\u00e9e en \u00ab religion d&#8217;\u00c9tat \u00bb<a href=\"#_ftn1\" name=\"_ftnref1\">[1]<\/a>.<\/p>\n<p>Il est donc n\u00e9cessaire, lorsqu&#8217;on affronte la question du concept d&#8217;erreur dans la langue fran\u00e7aise dans la classe de langue, que l&#8217;on tienne \u00e0 l&#8217;esprit ce pr\u00e9suppos\u00e9.<\/p>\n<p>Les choses, dans ce domaine, ont certes \u00e9volu\u00e9. Sur le fond de la cr\u00e9ation de l&#8217;Europe et de l&#8217;internationalisation des \u00e9changes, le plurilinguisme fait figure de n\u00e9cessit\u00e9 incontournable et les institutions \u00e9ducatives se doivent, d\u00e9sormais, d&#8217;avoir comme point d&#8217;ancrage une capacit\u00e9 \u00e0 consid\u00e9rer les publics \u00e9trangers de mani\u00e8re respectueuse, en \u00e9vitant de vouloir transformer les \u00e9l\u00e8ves d\u2019autres pays en autant d&#8217;\u00e9l\u00e8ves abstraits dont on pr\u00e9tendrait une parfaite assimilation de la langue \u00e9trang\u00e8re \u00e9tudi\u00e9e.<\/p>\n<p>La question de la tol\u00e9rance s&#8217;inscrit dans ce contexte, m\u00eame si elle \u00e9tait par ailleurs au centre des discussions des hommes de lettres, des philosophes d\u00e9j\u00e0 au XVII<sup>e<\/sup>\u00a0si\u00e8cle. Il suffit de citer des auteurs comme John Locke (XVII<sup>e<\/sup>\u00a0si\u00e8cle) et Voltaire (XVIII<sup>e<\/sup>\u00a0si\u00e8cle) pour s&#8217;en convaincre. Toutefois, l&#8217;extension \u00e0 la tol\u00e9rance intra et interlinguale, quant \u00e0 elle, est plus r\u00e9cente en\u00a0p\u00e9dagogie et a \u00e9t\u00e9 pos\u00e9e par les didacticiens des langues. Parmi ces derniers citons pour le fran\u00e7ais Andr\u00e9 Lamy, R\u00e9my Porquier et Henri Besse.<\/p>\n<p>Dans un essai de l&#8217;anthropologue italien Franco La Cecla (<em>Le malentendu<\/em>, BALLAND, 1997), la pr\u00e9face sign\u00e9e par Marc Aug\u00e9 reprend une affirmation, apparemment d\u00e9routante de l&#8217;auteur qui consid\u00e8re que la rencontre avec l&#8217;autre devient possible quand le malentendu commence&#8230;. On pourrait le dire \u00e0 l&#8217;envers : toute rencontre engendre des malentendus, des malentendus souvent enrichissants, \u00e0 condition que ceux-ci ne soient pas graves ou qu&#8217;ils vident de tout contenu l&#8217;id\u00e9e de rencontre.<\/p>\n<p>Si nous tentons un parall\u00e8le un peu os\u00e9 de transfert de ce point de vue anthropologique vers la p\u00e9dagogie de l&#8217;erreur linguistique, nous pourrions avancer l&#8217;id\u00e9e qu&#8217;il existerait un malentendu\/une erreur \u00ab bien entendu \u00bb qui serait porteur d&#8217;un revers positif s\u2019il \u00e9tait appliqu\u00e9 au traitement de l&#8217;erreur dans la classe de langue.<\/p>\n<p>Nous vivons\u00a0une \u00e9poque qui se r\u00e9f\u00e8re fortement au principe de l&#8217;\u00e9vidence et de la transparence : on nous invite \u00e0 communiquer, comme si nous savions une fois pour toutes comment s&#8217;y prendre&#8230; De fait, le plus important se situe dans la capacit\u00e9 de d\u00e9limiter la notion de fronti\u00e8re de l&#8217;erreur : jusqu&#8217;o\u00f9 l&#8217;erreur est-elle admissible, voire participant du processus d&#8217;apprentissage ? La relecture de th\u00e9oriciens du syncr\u00e9tisme, de l&#8217;\u00e9clectisme (Christian Puren pour le FLE) peut offrir quelques \u00e9clairages dans cette direction.<\/p>\n<p>Posons ici la probl\u00e9matique du comment affronter la p\u00e9dagogie de l&#8217;erreur en amont, du point de vue scientifique, pour que successivement les orientations m\u00e9thodologiques et les applications didactiques adopt\u00e9es en classe soient rationnellement acceptables et accept\u00e9es par les acteurs impliqu\u00e9s (enseignants\/enseign\u00e9s). Un d\u00e9tour semble utile pour mener cette r\u00e9flexion prop\u00e9deutique au cadre et aux choix r\u00e9f\u00e9rentiels. Kant affirmait \u00ab l&#8217;intelligence d&#8217;une personne se mesure au nombre d&#8217;incertitudes qu&#8217;elle est capable de supporter \u00bb.<\/p>\n<p>Conform\u00e9ment \u00e0 la tradition philosophique occidentale, le terme de \u00ab science \u00bb ne renvoie ni aux sensations, ni aux passions, mais d\u00e9signe la plus haute forme de savoir. Celui-ci est par essence th\u00e9orique et sp\u00e9culatif et r\u00e9pond \u00e0 un id\u00e9al d&#8217;objectivation, r\u00e9gi par des lois et rendu par la suite intelligible \u00e0 toute pens\u00e9e rationnelle. Ainsi, les progr\u00e8s enregistr\u00e9s, dans tous les domaines, sont obtenus au terme d&#8217;un long cheminement ponctu\u00e9 par des essais et des erreurs. Chaque chercheur, chaque enseignant, dans son travail quotidien, s&#8217;ins\u00e8re au sein d&#8217;une communaut\u00e9 donn\u00e9e, en proie tr\u00e8s souvent \u00e0 des doutes ou des incertitudes, des conflits ou des dissensions. Cette m\u00eame exp\u00e9rience est v\u00e9cue par l&#8217;apprenant du fait m\u00eame qu&#8217;on lui demande aujourd&#8217;hui une participation active dans son parcours d&#8217;apprentissage,<\/p>\n<p>Selon une pr\u00e9sentation classique, la science est \u00e0 la fois un processus, un produit et une \u00e9thique, par laquelle nous nous effor\u00e7ons de comprendre le monde et la nature des choses, comme dans notre cas dont l\u2019objectif final est d\u2019apprendre \u00e0 communiquer de mani\u00e8re efficace avec l&#8217;autre.<\/p>\n<p>D\u00e8s lors que l&#8217;on se penche sur les proc\u00e9dures exp\u00e9rimentales ou que l&#8217;on s&#8217;int\u00e9resse \u00e0 la mise \u00e0 l&#8217;\u00e9preuve de th\u00e9ories, une place de plus en plus importante est r\u00e9serv\u00e9e \u00e0 la \u00ab composante op\u00e9ratoire \u00bb. Elle occupe l&#8217;axe central dans le domaine qui nous int\u00e9resse, puisque c&#8217;est la pratique en classe qui est l&#8217;objectif vis\u00e9. Celle-ci pr\u00e9sente plusieurs caract\u00e9ristiques :<\/p>\n<ul>\n<li>les propri\u00e9t\u00e9s qui la d\u00e9finissent sont ind\u00e9pendantes de la nature particuli\u00e8re des objets auxquels elle s&#8217;applique ;<\/li>\n<li>cette proc\u00e9dure ne se fait pas de mani\u00e8re isol\u00e9e mais s&#8217;int\u00e8gre dans des r\u00e9seaux linguistico-discursifs ;<\/li>\n<li>le terme cl\u00e9 est celui de la transformation.<\/li>\n<\/ul>\n<p>Il est alors n\u00e9cessaire pour commencer de d\u00e9crire une \u00ab topographie \u00bb de la p\u00e9dagogie de l&#8217;erreur, de la contigu\u00eft\u00e9 de territoires qui s&#8217;entre-limitent, s&#8217;excluent, mais par cela m\u00eame se touchent : de la norme\/r\u00e8gle et son revers, la faute, \u00e0 la r\u00e9alit\u00e9 et sa pratique et son miroir, l&#8217;erreur. Autrement dit, il s&#8217;agit d&#8217;une part de la sph\u00e8re th\u00e9orique, abstraite, \u00e9labor\u00e9e par les linguistes, les grammairiens et d&#8217;autre part, de la sph\u00e8re issue de la pratique de classe, avec tous ses al\u00e9as, pris en charge par les enseignants de langue. Nous sommes d&#8217;embl\u00e9e dans une \u00ab typologie de l&#8217;asym\u00e9trie \u00bb que nous illustrent les articles ici pr\u00e9sents. Cette probl\u00e9matique n&#8217;est pas nouvelle en didactique du FLE. Une premi\u00e8re prise de position consiste, comme toujours, dans l&#8217;intelligence et la qualit\u00e9 des solutions, \u00e0 partir du lieu d&#8217;observation privil\u00e9gi\u00e9, soit la pratique de classe.<\/p>\n<p>Si le langage \u2013 et la langue ajoutons-nous \u2013 sont, comme le dit \u00c9mile Benveniste, un instrument de communication, \u00e0 quelles propri\u00e9t\u00e9s l&#8217;usage d&#8217;une langue et donc son enseignement\/apprentissage doivent-ils se conformer ?<\/p>\n<p>Si la langue \u00e9trang\u00e8re devient un \u00ab objet \u00bb apte \u00e0 servir d&#8217;instrument, pr\u00eat \u00e0 transmettre la pens\u00e9e, les \u00e9motions et \u00e0 provoquer chez l&#8217;interlocuteur une r\u00e9action ad\u00e9quate, on peut se demander sous un aspect plus technique, s&#8217;il s&#8217;agit bien de la langue dont nous parlons ou si nous ne la confondons pas avec le discours, c&#8217;est-\u00e0-dire la langue activ\u00e9e pour permettre la communication entre interlocuteurs ? Parler d&#8217;instrument \u00e0 propos de la transmission de messages doit nous conduire \u00e0 la prudence, car parler d&#8217;\u00ab instrument \u00bb c&#8217;est mettre en opposition l&#8217;homme et sa nature&#8230; or, \u00ab le langage est dans la nature de l&#8217;homme, il n&#8217;est pas fabriqu\u00e9 \u00bb, comme nous le rappelle Benveniste<a href=\"#_ftn2\" name=\"_ftnref2\">[2]<\/a>. Toutes les caract\u00e9ristiques du langage, sa nature immat\u00e9rielle, son fonctionnement symbolique, son agencement articul\u00e9, le fait qu&#8217;il est porteur de contenu, suffirait d\u00e9j\u00e0 \u00e0 rendre suspecte cette assimilation \u00e0 un instrument qui voudrait dissocier de l&#8217;homme la propri\u00e9t\u00e9 du langage comme l&#8217;indique notre illustre auteur de r\u00e9f\u00e9rence. Pour que la parole soit porteuse, pour qu&#8217;elle assume sa fonction instrumentale ou v\u00e9hiculaire, il faut qu&#8217;elle soit habilit\u00e9e par le langage dont elle n&#8217;est que l&#8217;actualisation : \u00ab En effet, c&#8217;est dans le langage que nous devons chercher la condition de cette aptitude \u00bb (idem, p.259). C&#8217;est par le discours \u00e0 la fois rationnel et subjectif que tout sujet met en acte sa capacit\u00e9 \u00e0 communiquer et c&#8217;est sur cette base que la question du traitement de l&#8217;erreur va trouver son positionnement. Celui-ci implique que les diff\u00e9rents acteurs du processus \u00e9ducatifs vont devoir se mesurer selon les valeurs attribu\u00e9es aux normes, aux r\u00e8gles, \u00e0 la latitude d&#8217;erreur consentie, de la part des institutions, des m\u00e9thodologues, des didacticiens et que ce cheminement aboutira au statut linguistique attribu\u00e9 \u00e0 l&#8217;apprenant.<\/p>\n<p>Aupr\u00e8s des philosophes, des historiens, des linguistes&#8230;, nous avons emprunt\u00e9 des outils intellectuels, des notions, des concepts, l&#8217;id\u00e9e apparemment simple de mim\u00e9tisme relationnel. Id\u00e9e pas si simple, puisqu&#8217;elle se combine et se complique pour d\u00e9crire la complexit\u00e9 du r\u00e9el, c&#8217;est-\u00e0-dire le fait que les hommes s&#8217;imitent dans leur d\u00e9sir du m\u00eame objet : ici, une langue \u00e0 partager pour communiquer. Il importe peu que cette ligne droite soit dict\u00e9e par la libert\u00e9 ou le besoin, les deux sont logiquement \u00e9quivalents.<\/p>\n<p>Toutefois, l&#8217;entr\u00e9e en sc\u00e8ne du \u00ab m\u00e9diateur \u00bb, soit l&#8217;enseignant \u2013 celui qui imite le d\u00e9sir \u2013 transforme cette ligne droite en un triangle et m\u00e9tamorphose l\u2019id\u00e9e paradoxale de la parfaite spontan\u00e9it\u00e9 en m\u00e9diation, en influence des autres et situe l&#8217;objet de notre probl\u00e9matique autour de l&#8217;erreur.<\/p>\n<p>Les textes que nous soumettons \u00e0 nos lecteurs veulent \u00eatre des incursions, des explorations \u00e0 l&#8217;int\u00e9rieur d&#8217;un territoire min\u00e9 par le contexte socio-culturel, repr\u00e9sent\u00e9 par le monde universitaire et l&#8217;institution scolaire. Ils se proposent d&#8217;offrir des approches didactiques applicables dans la classe, mais ces derni\u00e8res proviennent en amont de points de vue th\u00e9oriques partag\u00e9s dont il faut, dans toute bonne formation des enseignants, conna\u00eetre les pr\u00e9suppos\u00e9s.<\/p>\n<p>Dans ce deuxi\u00e8me volet des \u00ab Ateliers Didactique et Recherche \u00bb, r\u00e9alis\u00e9 dans le cadre de formation des enseignants de fran\u00e7ais langue \u00e9trang\u00e8re, en collaboration avec la F\u00e9d\u00e9ration des Alliances Fran\u00e7aises en Italie, nous affrontons un th\u00e8me important et d\u00e9licat \u00e0 la fois, celui de la p\u00e9dagogie de l&#8217;erreur en classe de langue.<\/p>\n<p>Ce th\u00e8me se situe au c\u0153ur m\u00eame de l&#8217;enseignement\/apprentissage\/\u00e9valuation : il pr\u00e9suppose une approche m\u00e9thodologique bien d\u00e9termin\u00e9e et partag\u00e9e dans le processus mis en place. De plus cette question a un impact puissant aupr\u00e8s des enseignants qui doivent l&#8217;introduire dans leur syst\u00e8me d&#8217;\u00e9valuation de la progression d&#8217;enseignement\/apprentissage, car elle repr\u00e9sente une sorte de boussole de la direction \u00e0 suivre, \u00e0 rectifier au moment voulu. En outre, cette question est \u00e9galement ressentie comme \u00e9tant vitale aupr\u00e8s des destinataires, les \u00e9l\u00e8ves, car au final ce sera \u00e0 cette \u00e9chelle que seront jug\u00e9s les r\u00e9sultats obtenus par le groupe et par chacun. Enfin, cette question d&#8217;ordre p\u00e9dagogique et didactique comporte une dimension subjective qui influence profond\u00e9ment le rapport entre les acteurs impliqu\u00e9s ; elle peut cr\u00e9er un lien harmonieux ou conflictuel selon la perception v\u00e9cue de la part des diff\u00e9rents acteurs et donc elle d\u00e9termine une dimension dramatique dans l&#8217;interaction de la classe.<\/p>\n<p>Au fond, cette mise en place de la p\u00e9dagogie de l&#8217;erreur se pr\u00e9sente comme un lieu th\u00e9\u00e2tral (voir \u00e0 ce propos les travaux d\u2019Irvin Goffman), social et culturel. Les protagonistes jouent chacun un r\u00f4le pr\u00e9d\u00e9termin\u00e9, l&#8217;intrigue se d\u00e9veloppe le long du parcours didactique classique choisi (enseignement\/apprentissage\/\u00e9valuation) et d\u00e9bouche sur un final, \u00e0 savoir la qualit\u00e9 des r\u00e9sultats obtenus dont d\u00e9pend le succ\u00e8s ou l&#8217;\u00e9chec de cette dramaturgie. C&#8217;est sans doute pour cela que cette probl\u00e9matique est abord\u00e9e avec d\u00e9termination mais aussi avec inqui\u00e9tude car tout se joue et se mesure sur ces param\u00e8tres. M\u00eame si de nos jours, nous affrontons cet aspect de la didactique avec circonspection, nous le vivons de mani\u00e8re plus d\u00e9tendue que par le pass\u00e9 du fait m\u00eame que la \u00ab faute \u00bb a \u00e9t\u00e9 remplac\u00e9e par l&#8217;\u00ab erreur \u00bb, cette question a \u00e9t\u00e9 en partie\u00a0 d\u00e9pressuris\u00e9e et donc v\u00e9cue avec une tension mineure. Toutefois, elle demeure centrale dans le processus d&#8217;enseignement\/apprentissage, \u00e0 l&#8217;oral comme \u00e0 l&#8217;\u00e9crit : elle requiert une correcte prise de conscience formative et une acquisition m\u00e9thodologique comp\u00e9tente de la part de l&#8217;enseignant qui, \u00e0 son tour, sera le vecteur et le m\u00e9diateur pour affronter cette probl\u00e9matique en classe de langue.<\/p>\n<p><a href=\"#_ftnref1\" name=\"_ftn1\">[1]<\/a> Bernard Cerquiglini, (2003),\u00a0<em>Le fran\u00e7ais, religion d&#8217;Etat ?<\/em>, \u00ab Le Monde \u00bb, 25 novembre.<\/p>\n<p><a href=\"#_ftnref2\" name=\"_ftn2\">[2]<\/a> \u00ab De la subjectivit\u00e9 dans le langage \u00bb,\u00a0<em>Probl\u00e8mes de linguistique g\u00e9n\u00e9rale<\/em>, 1, chap. XXI, TEL-Gallimard, 1966, pp. 258-259.<\/p>\n<\/div><div class=\"fusion-text fusion-text-4\"><\/div>\n<\/div><div class=\"fusion-text fusion-text-5\"><hr \/>\n<p>Per citare questo articolo:<\/p>\n<p>Danielle LONDEI, Micaela ROSSI, \u00ab R\u00e9flexions sur le parcours intellectuel face \u00e0 une probl\u00e9matique p\u00e9dagogique. La p\u00e9dagogie de l&#8217;erreur\u00bb, <em>Rep\u00e8res DoRiF, <\/em>\u00a0Ateliers Didactique et Recherches,\u00a0 n. 2 \u2013 La didactique de l\u2019erreur, F\u00e9d\u00e9ration Alliances Fran\u00e7aises d&#8217;Italie et DoRiF Universit\u00e0, Roma dicembre 2020, https:\/\/www.dorif.it\/reperes\/danielle-londei-micaela-rossi-reflexions-sur-le-parcours-intellectuel-face-a-une-problematique-pedagogique-la-pedagogie-de-lerreur\/<\/p>\n<p style=\"text-align: center;\">ISSN 2281-3020<\/p>\n<\/div><div class=\"fusion-image-element fusion-image-align-center in-legacy-container\" style=\"text-align:center;--awb-caption-title-font-family:var(--h2_typography-font-family);--awb-caption-title-font-weight:var(--h2_typography-font-weight);--awb-caption-title-font-style:var(--h2_typography-font-style);--awb-caption-title-size:var(--h2_typography-font-size);--awb-caption-title-transform:var(--h2_typography-text-transform);--awb-caption-title-line-height:var(--h2_typography-line-height);--awb-caption-title-letter-spacing:var(--h2_typography-letter-spacing);\"><div class=\"imageframe-align-center\"><span class=\" fusion-imageframe imageframe-none imageframe-1 hover-type-none\"><img decoding=\"async\" width=\"500\" height=\"68\" title=\"logo-reperes\" src=\"https:\/\/www.dorif.it\/reperes\/wp-content\/uploads\/2021\/07\/logo-reperes-3.jpg\" alt class=\"img-responsive wp-image-6963\" srcset=\"https:\/\/www.dorif.it\/reperes\/wp-content\/uploads\/2021\/07\/logo-reperes-3-200x27.jpg 200w, https:\/\/www.dorif.it\/reperes\/wp-content\/uploads\/2021\/07\/logo-reperes-3-400x54.jpg 400w, https:\/\/www.dorif.it\/reperes\/wp-content\/uploads\/2021\/07\/logo-reperes-3.jpg 500w\" sizes=\"(max-width: 800px) 100vw, 500px\" \/><\/span><\/div><\/div><div class=\"fusion-text fusion-text-6\"><p style=\"text-align: center;\">Quest&#8217;opera \u00e8 distribuita con Licenza\u00a0<a href=\"http:\/\/creativecommons.org\/licenses\/by-nc-nd\/3.0\/it\/\">Creative Commons Attribuzione &#8211; Non commerciale &#8211; Non opere derivate 3.0 Italia<\/a>.<\/p>\n<\/div><div class=\"fusion-clearfix\"><\/div><\/div><\/div><\/div><div class=\"fusion-builder-row fusion-row\"><\/div><\/div><div class=\"fusion-fullwidth fullwidth-box fusion-builder-row-4 nonhundred-percent-fullwidth non-hundred-percent-height-scrolling\" style=\"--awb-border-radius-top-left:0px;--awb-border-radius-top-right:0px;--awb-border-radius-bottom-right:0px;--awb-border-radius-bottom-left:0px;--awb-flex-wrap:wrap;\" ><\/div><\/p>\n","protected":false},"excerpt":{"rendered":"","protected":false},"author":8,"featured_media":0,"comment_status":"closed","ping_status":"closed","sticky":false,"template":"","format":"standard","meta":{"_acf_changed":false,"_bbp_topic_count":0,"_bbp_reply_count":0,"_bbp_total_topic_count":0,"_bbp_total_reply_count":0,"_bbp_voice_count":0,"_bbp_anonymous_reply_count":0,"_bbp_topic_count_hidden":0,"_bbp_reply_count_hidden":0,"_bbp_forum_subforum_count":0,"footnotes":""},"categories":[307],"tags":[311,319],"class_list":["post-5991","post","type-post","status-publish","format-standard","hentry","category-presentation-de-la-formation","tag-ateliers-didactique-et-recherches-federation-alliances-francaises-ditalie-et-dorif-universita-n-2-la-didactique-de-lerreur","tag-danielle-londei-micaela-rossi"],"acf":[],"yoast_head":"<!-- This site is optimized with the Yoast SEO plugin v27.3 - https:\/\/yoast.com\/product\/yoast-seo-wordpress\/ -->\n<title>Danielle LONDEI, Micaela ROSSI, R\u00e9flexions sur le parcours intellectuel face \u00e0 une probl\u00e9matique p\u00e9dagogique. La p\u00e9dagogie de l&#039;erreur - Rep\u00e8res-Dorif<\/title>\n<meta name=\"robots\" content=\"index, follow, max-snippet:-1, max-image-preview:large, max-video-preview:-1\" \/>\n<link rel=\"canonical\" href=\"https:\/\/www.dorif.it\/reperes\/danielle-londei-micaela-rossi-reflexions-sur-le-parcours-intellectuel-face-a-une-problematique-pedagogique-la-pedagogie-de-lerreur\/\" \/>\n<meta property=\"og:locale\" content=\"it_IT\" \/>\n<meta property=\"og:type\" content=\"article\" \/>\n<meta property=\"og:title\" content=\"Danielle LONDEI, Micaela ROSSI, R\u00e9flexions sur le parcours intellectuel face \u00e0 une probl\u00e9matique p\u00e9dagogique. La p\u00e9dagogie de l&#039;erreur - Rep\u00e8res-Dorif\" \/>\n<meta property=\"og:url\" content=\"https:\/\/www.dorif.it\/reperes\/danielle-londei-micaela-rossi-reflexions-sur-le-parcours-intellectuel-face-a-une-problematique-pedagogique-la-pedagogie-de-lerreur\/\" \/>\n<meta property=\"og:site_name\" content=\"Rep\u00e8res-Dorif\" \/>\n<meta property=\"article:published_time\" content=\"2021-01-25T22:02:38+00:00\" \/>\n<meta property=\"article:modified_time\" content=\"2021-07-27T10:18:05+00:00\" \/>\n<meta name=\"author\" content=\"Orvale\" \/>\n<meta name=\"twitter:card\" content=\"summary_large_image\" \/>\n<meta name=\"twitter:label1\" content=\"Scritto da\" \/>\n\t<meta name=\"twitter:data1\" content=\"Danielle LONDEI, Micaela ROSSI\" \/>\n\t<meta name=\"twitter:label2\" content=\"Tempo di lettura stimato\" \/>\n\t<meta name=\"twitter:data2\" content=\"12 minuti\" \/>\n<script type=\"application\/ld+json\" class=\"yoast-schema-graph\">{\"@context\":\"https:\\\/\\\/schema.org\",\"@graph\":[{\"@type\":\"Article\",\"@id\":\"https:\\\/\\\/www.dorif.it\\\/reperes\\\/danielle-londei-micaela-rossi-reflexions-sur-le-parcours-intellectuel-face-a-une-problematique-pedagogique-la-pedagogie-de-lerreur\\\/#article\",\"isPartOf\":{\"@id\":\"https:\\\/\\\/www.dorif.it\\\/reperes\\\/danielle-londei-micaela-rossi-reflexions-sur-le-parcours-intellectuel-face-a-une-problematique-pedagogique-la-pedagogie-de-lerreur\\\/\"},\"author\":{\"name\":\"Orvale\",\"@id\":\"https:\\\/\\\/www.dorif.it\\\/reperes\\\/#\\\/schema\\\/person\\\/be5f529c70120fdda9afb763971d717f\"},\"headline\":\"Danielle LONDEI, Micaela ROSSI, R\u00e9flexions sur le parcours intellectuel face \u00e0 une probl\u00e9matique p\u00e9dagogique. La p\u00e9dagogie de l&#8217;erreur\",\"datePublished\":\"2021-01-25T22:02:38+00:00\",\"dateModified\":\"2021-07-27T10:18:05+00:00\",\"mainEntityOfPage\":{\"@id\":\"https:\\\/\\\/www.dorif.it\\\/reperes\\\/danielle-londei-micaela-rossi-reflexions-sur-le-parcours-intellectuel-face-a-une-problematique-pedagogique-la-pedagogie-de-lerreur\\\/\"},\"wordCount\":4109,\"keywords\":[\"Ateliers Didactique et Recherches - F\u00e9d\u00e9ration Alliances Fran\u00e7aises d'Italie et DoRiF Universit\u00e0 N.2 - La didactique de l'erreur\",\"Danielle Londei Micaela Rossi\"],\"articleSection\":[\"Pr\u00e9sentation de la formation\"],\"inLanguage\":\"it-IT\"},{\"@type\":\"WebPage\",\"@id\":\"https:\\\/\\\/www.dorif.it\\\/reperes\\\/danielle-londei-micaela-rossi-reflexions-sur-le-parcours-intellectuel-face-a-une-problematique-pedagogique-la-pedagogie-de-lerreur\\\/\",\"url\":\"https:\\\/\\\/www.dorif.it\\\/reperes\\\/danielle-londei-micaela-rossi-reflexions-sur-le-parcours-intellectuel-face-a-une-problematique-pedagogique-la-pedagogie-de-lerreur\\\/\",\"name\":\"Danielle LONDEI, Micaela ROSSI, R\u00e9flexions sur le parcours intellectuel face \u00e0 une probl\u00e9matique p\u00e9dagogique. La p\u00e9dagogie de l'erreur - Rep\u00e8res-Dorif\",\"isPartOf\":{\"@id\":\"https:\\\/\\\/www.dorif.it\\\/reperes\\\/#website\"},\"datePublished\":\"2021-01-25T22:02:38+00:00\",\"dateModified\":\"2021-07-27T10:18:05+00:00\",\"author\":{\"@id\":\"https:\\\/\\\/www.dorif.it\\\/reperes\\\/#\\\/schema\\\/person\\\/be5f529c70120fdda9afb763971d717f\"},\"breadcrumb\":{\"@id\":\"https:\\\/\\\/www.dorif.it\\\/reperes\\\/danielle-londei-micaela-rossi-reflexions-sur-le-parcours-intellectuel-face-a-une-problematique-pedagogique-la-pedagogie-de-lerreur\\\/#breadcrumb\"},\"inLanguage\":\"it-IT\",\"potentialAction\":[{\"@type\":\"ReadAction\",\"target\":[\"https:\\\/\\\/www.dorif.it\\\/reperes\\\/danielle-londei-micaela-rossi-reflexions-sur-le-parcours-intellectuel-face-a-une-problematique-pedagogique-la-pedagogie-de-lerreur\\\/\"]}]},{\"@type\":\"BreadcrumbList\",\"@id\":\"https:\\\/\\\/www.dorif.it\\\/reperes\\\/danielle-londei-micaela-rossi-reflexions-sur-le-parcours-intellectuel-face-a-une-problematique-pedagogique-la-pedagogie-de-lerreur\\\/#breadcrumb\",\"itemListElement\":[{\"@type\":\"ListItem\",\"position\":1,\"name\":\"Home\",\"item\":\"https:\\\/\\\/www.dorif.it\\\/reperes\\\/\"},{\"@type\":\"ListItem\",\"position\":2,\"name\":\"Danielle LONDEI, Micaela ROSSI, R\u00e9flexions sur le parcours intellectuel face \u00e0 une probl\u00e9matique p\u00e9dagogique. La p\u00e9dagogie de l&#8217;erreur\"}]},{\"@type\":\"WebSite\",\"@id\":\"https:\\\/\\\/www.dorif.it\\\/reperes\\\/#website\",\"url\":\"https:\\\/\\\/www.dorif.it\\\/reperes\\\/\",\"name\":\"Rep\u00e8res-Dorif\",\"description\":\"Autor du Fran\u00e7ais: langues, cultures et plurilinguisme\",\"potentialAction\":[{\"@type\":\"SearchAction\",\"target\":{\"@type\":\"EntryPoint\",\"urlTemplate\":\"https:\\\/\\\/www.dorif.it\\\/reperes\\\/?s={search_term_string}\"},\"query-input\":{\"@type\":\"PropertyValueSpecification\",\"valueRequired\":true,\"valueName\":\"search_term_string\"}}],\"inLanguage\":\"it-IT\"},{\"@type\":\"Person\",\"@id\":\"https:\\\/\\\/www.dorif.it\\\/reperes\\\/#\\\/schema\\\/person\\\/be5f529c70120fdda9afb763971d717f\",\"name\":\"Orvale\",\"image\":{\"@type\":\"ImageObject\",\"inLanguage\":\"it-IT\",\"@id\":\"https:\\\/\\\/secure.gravatar.com\\\/avatar\\\/d1f962340761948aa72825921b12c22d66f83c4526d447ab70ba4e4167f348d5?s=96&d=mm&r=g\",\"url\":\"https:\\\/\\\/secure.gravatar.com\\\/avatar\\\/d1f962340761948aa72825921b12c22d66f83c4526d447ab70ba4e4167f348d5?s=96&d=mm&r=g\",\"contentUrl\":\"https:\\\/\\\/secure.gravatar.com\\\/avatar\\\/d1f962340761948aa72825921b12c22d66f83c4526d447ab70ba4e4167f348d5?s=96&d=mm&r=g\",\"caption\":\"Orvale\"},\"url\":\"#\"}]}<\/script>\n<!-- \/ Yoast SEO plugin. -->","yoast_head_json":{"title":"Danielle LONDEI, Micaela ROSSI, R\u00e9flexions sur le parcours intellectuel face \u00e0 une probl\u00e9matique p\u00e9dagogique. La p\u00e9dagogie de l'erreur - Rep\u00e8res-Dorif","robots":{"index":"index","follow":"follow","max-snippet":"max-snippet:-1","max-image-preview":"max-image-preview:large","max-video-preview":"max-video-preview:-1"},"canonical":"https:\/\/www.dorif.it\/reperes\/danielle-londei-micaela-rossi-reflexions-sur-le-parcours-intellectuel-face-a-une-problematique-pedagogique-la-pedagogie-de-lerreur\/","og_locale":"it_IT","og_type":"article","og_title":"Danielle LONDEI, Micaela ROSSI, R\u00e9flexions sur le parcours intellectuel face \u00e0 une probl\u00e9matique p\u00e9dagogique. La p\u00e9dagogie de l'erreur - Rep\u00e8res-Dorif","og_url":"https:\/\/www.dorif.it\/reperes\/danielle-londei-micaela-rossi-reflexions-sur-le-parcours-intellectuel-face-a-une-problematique-pedagogique-la-pedagogie-de-lerreur\/","og_site_name":"Rep\u00e8res-Dorif","article_published_time":"2021-01-25T22:02:38+00:00","article_modified_time":"2021-07-27T10:18:05+00:00","author":"Orvale","twitter_card":"summary_large_image","twitter_misc":{"Scritto da":"Danielle LONDEI, Micaela ROSSI","Tempo di lettura stimato":"12 minuti"},"schema":{"@context":"https:\/\/schema.org","@graph":[{"@type":"Article","@id":"https:\/\/www.dorif.it\/reperes\/danielle-londei-micaela-rossi-reflexions-sur-le-parcours-intellectuel-face-a-une-problematique-pedagogique-la-pedagogie-de-lerreur\/#article","isPartOf":{"@id":"https:\/\/www.dorif.it\/reperes\/danielle-londei-micaela-rossi-reflexions-sur-le-parcours-intellectuel-face-a-une-problematique-pedagogique-la-pedagogie-de-lerreur\/"},"author":{"name":"Orvale","@id":"https:\/\/www.dorif.it\/reperes\/#\/schema\/person\/be5f529c70120fdda9afb763971d717f"},"headline":"Danielle LONDEI, Micaela ROSSI, R\u00e9flexions sur le parcours intellectuel face \u00e0 une probl\u00e9matique p\u00e9dagogique. La p\u00e9dagogie de l&#8217;erreur","datePublished":"2021-01-25T22:02:38+00:00","dateModified":"2021-07-27T10:18:05+00:00","mainEntityOfPage":{"@id":"https:\/\/www.dorif.it\/reperes\/danielle-londei-micaela-rossi-reflexions-sur-le-parcours-intellectuel-face-a-une-problematique-pedagogique-la-pedagogie-de-lerreur\/"},"wordCount":4109,"keywords":["Ateliers Didactique et Recherches - F\u00e9d\u00e9ration Alliances Fran\u00e7aises d'Italie et DoRiF Universit\u00e0 N.2 - La didactique de l'erreur","Danielle Londei Micaela Rossi"],"articleSection":["Pr\u00e9sentation de la formation"],"inLanguage":"it-IT"},{"@type":"WebPage","@id":"https:\/\/www.dorif.it\/reperes\/danielle-londei-micaela-rossi-reflexions-sur-le-parcours-intellectuel-face-a-une-problematique-pedagogique-la-pedagogie-de-lerreur\/","url":"https:\/\/www.dorif.it\/reperes\/danielle-londei-micaela-rossi-reflexions-sur-le-parcours-intellectuel-face-a-une-problematique-pedagogique-la-pedagogie-de-lerreur\/","name":"Danielle LONDEI, Micaela ROSSI, R\u00e9flexions sur le parcours intellectuel face \u00e0 une probl\u00e9matique p\u00e9dagogique. La p\u00e9dagogie de l'erreur - Rep\u00e8res-Dorif","isPartOf":{"@id":"https:\/\/www.dorif.it\/reperes\/#website"},"datePublished":"2021-01-25T22:02:38+00:00","dateModified":"2021-07-27T10:18:05+00:00","author":{"@id":"https:\/\/www.dorif.it\/reperes\/#\/schema\/person\/be5f529c70120fdda9afb763971d717f"},"breadcrumb":{"@id":"https:\/\/www.dorif.it\/reperes\/danielle-londei-micaela-rossi-reflexions-sur-le-parcours-intellectuel-face-a-une-problematique-pedagogique-la-pedagogie-de-lerreur\/#breadcrumb"},"inLanguage":"it-IT","potentialAction":[{"@type":"ReadAction","target":["https:\/\/www.dorif.it\/reperes\/danielle-londei-micaela-rossi-reflexions-sur-le-parcours-intellectuel-face-a-une-problematique-pedagogique-la-pedagogie-de-lerreur\/"]}]},{"@type":"BreadcrumbList","@id":"https:\/\/www.dorif.it\/reperes\/danielle-londei-micaela-rossi-reflexions-sur-le-parcours-intellectuel-face-a-une-problematique-pedagogique-la-pedagogie-de-lerreur\/#breadcrumb","itemListElement":[{"@type":"ListItem","position":1,"name":"Home","item":"https:\/\/www.dorif.it\/reperes\/"},{"@type":"ListItem","position":2,"name":"Danielle LONDEI, Micaela ROSSI, R\u00e9flexions sur le parcours intellectuel face \u00e0 une probl\u00e9matique p\u00e9dagogique. La p\u00e9dagogie de l&#8217;erreur"}]},{"@type":"WebSite","@id":"https:\/\/www.dorif.it\/reperes\/#website","url":"https:\/\/www.dorif.it\/reperes\/","name":"Rep\u00e8res-Dorif","description":"Autor du Fran\u00e7ais: langues, cultures et plurilinguisme","potentialAction":[{"@type":"SearchAction","target":{"@type":"EntryPoint","urlTemplate":"https:\/\/www.dorif.it\/reperes\/?s={search_term_string}"},"query-input":{"@type":"PropertyValueSpecification","valueRequired":true,"valueName":"search_term_string"}}],"inLanguage":"it-IT"},{"@type":"Person","@id":"https:\/\/www.dorif.it\/reperes\/#\/schema\/person\/be5f529c70120fdda9afb763971d717f","name":"Orvale","image":{"@type":"ImageObject","inLanguage":"it-IT","@id":"https:\/\/secure.gravatar.com\/avatar\/d1f962340761948aa72825921b12c22d66f83c4526d447ab70ba4e4167f348d5?s=96&d=mm&r=g","url":"https:\/\/secure.gravatar.com\/avatar\/d1f962340761948aa72825921b12c22d66f83c4526d447ab70ba4e4167f348d5?s=96&d=mm&r=g","contentUrl":"https:\/\/secure.gravatar.com\/avatar\/d1f962340761948aa72825921b12c22d66f83c4526d447ab70ba4e4167f348d5?s=96&d=mm&r=g","caption":"Orvale"},"url":"#"}]}},"_links":{"self":[{"href":"https:\/\/www.dorif.it\/reperes\/wp-json\/wp\/v2\/posts\/5991","targetHints":{"allow":["GET"]}}],"collection":[{"href":"https:\/\/www.dorif.it\/reperes\/wp-json\/wp\/v2\/posts"}],"about":[{"href":"https:\/\/www.dorif.it\/reperes\/wp-json\/wp\/v2\/types\/post"}],"author":[{"embeddable":true,"href":"https:\/\/www.dorif.it\/reperes\/wp-json\/wp\/v2\/users\/8"}],"replies":[{"embeddable":true,"href":"https:\/\/www.dorif.it\/reperes\/wp-json\/wp\/v2\/comments?post=5991"}],"version-history":[{"count":18,"href":"https:\/\/www.dorif.it\/reperes\/wp-json\/wp\/v2\/posts\/5991\/revisions"}],"predecessor-version":[{"id":6973,"href":"https:\/\/www.dorif.it\/reperes\/wp-json\/wp\/v2\/posts\/5991\/revisions\/6973"}],"wp:attachment":[{"href":"https:\/\/www.dorif.it\/reperes\/wp-json\/wp\/v2\/media?parent=5991"}],"wp:term":[{"taxonomy":"category","embeddable":true,"href":"https:\/\/www.dorif.it\/reperes\/wp-json\/wp\/v2\/categories?post=5991"},{"taxonomy":"post_tag","embeddable":true,"href":"https:\/\/www.dorif.it\/reperes\/wp-json\/wp\/v2\/tags?post=5991"}],"curies":[{"name":"wp","href":"https:\/\/api.w.org\/{rel}","templated":true}]}}