{"id":6001,"date":"2021-01-25T23:16:06","date_gmt":"2021-01-25T22:16:06","guid":{"rendered":"https:\/\/www.dorif.it\/reperes\/?p=6001"},"modified":"2021-07-27T12:08:48","modified_gmt":"2021-07-27T10:08:48","slug":"yannick-hamon-bibliographie-generale-la-didactique-de-lerreur","status":"publish","type":"post","link":"https:\/\/www.dorif.it\/reperes\/yannick-hamon-bibliographie-generale-la-didactique-de-lerreur\/","title":{"rendered":"Yannick HAMON, Bibliographie g\u00e9n\u00e9rale : la didactique de l&#8217;erreur"},"content":{"rendered":"<p><div class=\"fusion-fullwidth fullwidth-box fusion-builder-row-1 nonhundred-percent-fullwidth non-hundred-percent-height-scrolling\" style=\"--awb-border-radius-top-left:0px;--awb-border-radius-top-right:0px;--awb-border-radius-bottom-right:0px;--awb-border-radius-bottom-left:0px;--awb-flex-wrap:wrap;\" ><div class=\"fusion-builder-row fusion-row\"><div class=\"fusion-layout-column fusion_builder_column fusion-builder-column-0 fusion_builder_column_1_1 1_1 fusion-one-full fusion-column-first fusion-column-last\" style=\"--awb-bg-size:cover;--awb-margin-bottom:0px;\"><div class=\"fusion-column-wrapper fusion-flex-column-wrapper-legacy\"><div class=\"fusion-text fusion-text-1\"><p class=\"align_justify\">\n<\/div><div class=\"fusion-text fusion-text-2\"><h2 id=\"yannick-hamon\" style=\"text-align: center;\">Yannick Hamon<\/h2>\n<h2 id=\"bibliographie-g\u00e9n\u00e9rale-:-la-\" style=\"text-align: center;\"><strong>Bibliographie g\u00e9n\u00e9rale : la didactique de l&#8217;erreur<\/strong><\/h2>\n<\/div><div class=\"fusion-clearfix\"><\/div><\/div><\/div><div class=\"fusion-layout-column fusion_builder_column fusion-builder-column-1 fusion_builder_column_1_1 1_1 fusion-one-full fusion-column-first fusion-column-last\" style=\"--awb-bg-size:cover;\"><div class=\"fusion-column-wrapper fusion-column-has-shadow fusion-flex-column-wrapper-legacy\"><div class=\"fusion-clearfix\"><\/div><\/div><\/div><\/div><\/div><div class=\"fusion-fullwidth fullwidth-box fusion-builder-row-2 fusion-flex-container nonhundred-percent-fullwidth non-hundred-percent-height-scrolling\" style=\"--awb-border-radius-top-left:0px;--awb-border-radius-top-right:0px;--awb-border-radius-bottom-right:0px;--awb-border-radius-bottom-left:0px;--awb-flex-wrap:wrap;\" ><div class=\"fusion-builder-row fusion-row fusion-flex-align-items-flex-start fusion-flex-content-wrap\" style=\"max-width:1216.8px;margin-left: calc(-4% \/ 2 );margin-right: calc(-4% \/ 2 );\"><\/div><\/div><div class=\"fusion-fullwidth fullwidth-box fusion-builder-row-3 nonhundred-percent-fullwidth non-hundred-percent-height-scrolling\" style=\"--awb-border-radius-top-left:0px;--awb-border-radius-top-right:0px;--awb-border-radius-bottom-right:0px;--awb-border-radius-bottom-left:0px;--awb-flex-wrap:wrap;\" ><div class=\"fusion-builder-row fusion-row\"><div class=\"fusion-layout-column fusion_builder_column fusion-builder-column-2 fusion_builder_column_1_1 1_1 fusion-one-full fusion-column-first fusion-column-last\" style=\"--awb-bg-size:cover;--awb-margin-bottom:0px;\"><div class=\"fusion-column-wrapper fusion-flex-column-wrapper-legacy\"><div class=\"fusion-text fusion-text-3\"><p>ASTOLFI, Jean-Pierre,\u00a0<em>L\u2019erreur, un outil pour enseigner.<\/em>\u00a0Thiron: ESF \u00e9diteur, collection \u00abPratiques &amp; enjeux p\u00e9dagogiques\u00bb, 1997.<\/p>\n<p class=\"align_justify\">BOCH, Raoul,\u00a0<em>Les faux amis aux aguets.<\/em>\u00a0Dizionario di false analogie e ambigue affinit\u00e0 tra francese e italiano, Bologna, Zanichelli, 1988.<\/p>\n<p class=\"align_justify\">CALV\u00c9, Pierre, \u00ab Corriger ou ne pas corriger, l\u00e0 n\u2019est pas la question \u00bb ,\u00a0<em>Revue Canadienne des langues vivantes<\/em>, 48.3, 1992, p. 21-29.<\/p>\n<p class=\"align_justify\">CIZEK, Gregory-J. (dir.),\u00a0<em>Setting performance standards: Concepts, methods and perspectives.<\/em>\u00a0Mahwah, Lawrence Erlbaum, 2001.<\/p>\n<p class=\"align_justify\">CONSEIL DE L\u2019EUROPE,\u00a0<em>Cadre europ\u00e9en commun de r\u00e9f\u00e9rence pour les langues\u202f: apprendre, enseigner, \u00e9valuer<\/em>, Paris, Didier, 2001.<\/p>\n<p class=\"align_justify\">CORDER, Stephen Pit,<em>\u00a0Error analysis and interlanguage<\/em>, Oxford : Oxford University Press, 1981.<\/p>\n<p class=\"align_justify\">CORNAIRE, Claudette, RAYMOND, Patricia-Mary,\u00a0<em>La production \u00e9crite<\/em>, Paris, Cl\u00e9 international, 1999.<\/p>\n<p class=\"align_justify\">DEROCQUIGNY, Jules, K\u0152SSLER, Maxime,\u00a0<em>Les Faux Amis ou les pi\u00e8ges du vocabulaire anglais (Conseil aux traducteurs)<\/em>, Paris, Vuibert, [\u00e9d. or. 1928], 1949, 4<sup>e<\/sup>\u00a0\u00e9d.<\/p>\n<p class=\"align_justify\">DOUCET, Patrick, \u00ab Pour un test utile \u00bb,\u00a0<em>ASp<\/em>\u00a034, 2001, http:\/\/journals.openedition.org\/asp\/1696<\/p>\n<p class=\"align_justify\">GALAZZI, Enrica; FALBO, Caterina: JANOT, Pascale; MURANO, Michela; PATERNOSTRO Roberto, \u00ab Autour d&#8217;un corpus d&#8217;apprenants italophones de FLE : pr\u00e9sentation du projet Interphonologie du Fran\u00e7ais Contemporain \u2013 italien \u00bb, in\u00a0<em>Rep\u00e8res DoRiF<\/em>, 3, Projets de recherches sur le multi\/plurilinguisme et alentours, 2013.<\/p>\n<p class=\"align_justify\">JAMET, Marie-Christine, \u00ab Contacts entre langues apparent\u00e9es : les transferts n\u00e9gatifs et positifs d\u2019apprenants italophones en fran\u00e7ais \u00bb,\u00a0<em>SYNERGIES ITALIE<\/em>, vol. n\u00b0 5 in Raus R. (ed), Rencontres des langues et politique linguistique, 2009, p. 49-59.<\/p>\n<p class=\"align_justify\">KISS, Monika, \u00ab Les pi\u00e8ges du vocabulaire bilingue: les faux amis \u00bb,\u00a0<em>Revue d\u2019\u00e9tudes fran\u00e7aises<\/em>, 7, 2002, p. 41-55.<\/p>\n<p class=\"align_justify\">MANGENOT, Fran\u00e7ois, \u00ab Contexte et conditions pour une r\u00e9elle production d\u2019\u00e9crits en A L AO \u00bb,\u00a0<em>Alsic<\/em>, vol. 3 (n\u00b0 2), 2000, p. 187-206, http:\/\/alsic.revues.org\/1833 (consult\u00e9 le 10 mai 2020).<\/p>\n<p class=\"align_justify\">MARQUILL\u00d3-LARRUY, Martine,\u00a0<em>L\u2019interpr\u00e9tation de l\u2019erreur<\/em>, Paris, CLE International, 2003.<\/p>\n<p class=\"align_justify\">PORCELLI, Gianfranco, \u00ab Veri\ufb01che comode e veri\ufb01che valide \u00bb, in Jafrancesco E. (a cura di),\u00a0<em>La valutazione delle competenze linguistico-comunicative<\/em>, Roma, Edizioni Edilingua, 2006.<\/p>\n<p class=\"align_justify\">PUREN, Christian, \u00ab Relations entre activit\u00e9s d&#8217;\u00e9valuation, activit\u00e9s d&#8217;apprentissage et d&#8217;usage : un chantier \u00e0 reprendre en didactique des langues \u00bb,\u00a0<em>L&#8217;\u00e9valuation en langue : pour qui ? pour\/quoi ? Comment ?<\/em>, IUFM de Rouen, 2003.<\/p>\n<p class=\"align_justify\">SELINKER, Larry, 1984 [1972]. \u00ab Interlingua \u00bb, in E. Arcaini et B. Py (\u00e9d).\u00a0<em>Interlingua, aspetti teorici e implicazioni didattiche<\/em>, Roma : Istituto dell&#8217;enciclopedia italiana.<\/p>\n<p class=\"align_justify\">TARDIEU, Claire, \u00ab Corriger ou \u00e9valuer ? \u00bb,\u00a0<em>Cahiers de l\u2019APLIUT<\/em>\u00a0[En ligne], Vol. XXVIII N\u00b0 3, 2009, http:\/\/journals.openedition.org\/apliut\/65<\/p>\n<p class=\"align_justify\">V\u00c9RONIQUE, Daniel,1992, \u00abRecherches sur l\u2019acquisition des langues secondes: un \u00e9tat des lieux et quelques perspectives\u00bb [online].\u00a0<em>Acquisition et interaction en langue \u00e9trang\u00e8re<\/em>, 1, 5-36. URL http:\/\/aile.revues.org\/4845 (2016-22-16).<\/p>\n<p class=\"align_justify\">WALTER, Henriette, \u00ab En traduisant, faut-il toujours \u00eatre pr\u00e9cis? \u00bb,\u00a0<em>La linguistique<\/em>, vol. 47, 2011, p. 27-36.<\/p>\n<\/div><div class=\"fusion-text fusion-text-4\"><hr \/>\n<p>Per citare questo articolo:<\/p>\n<p>Yannick HAMON, \u00ab Bibliographie g\u00e9n\u00e9rale : la didactique de l&#8217;erreur \u00bb, <em>Rep\u00e8res DoRiF, <\/em>\u00a0Ateliers Didactique et Recherches,\u00a0 n. 2 \u2013 La didactique de l\u2019erreur, F\u00e9d\u00e9ration Alliances Fran\u00e7aises d&#8217;Italie et DoRiF Universit\u00e0, Roma dicembre 2020, https:\/\/www.dorif.it\/reperes\/yannick-hamon-bibliographie-generale-la-didactique-de-lerreur\/<\/p>\n<p style=\"text-align: center;\">ISSN 2281-3020<\/p>\n<\/div><div class=\"fusion-image-element fusion-image-align-center in-legacy-container\" style=\"text-align:center;--awb-caption-title-font-family:var(--h2_typography-font-family);--awb-caption-title-font-weight:var(--h2_typography-font-weight);--awb-caption-title-font-style:var(--h2_typography-font-style);--awb-caption-title-size:var(--h2_typography-font-size);--awb-caption-title-transform:var(--h2_typography-text-transform);--awb-caption-title-line-height:var(--h2_typography-line-height);--awb-caption-title-letter-spacing:var(--h2_typography-letter-spacing);\"><div class=\"imageframe-align-center\"><span class=\" fusion-imageframe imageframe-none imageframe-1 hover-type-none\"><img decoding=\"async\" width=\"500\" height=\"68\" title=\"logo-reperes\" src=\"https:\/\/www.dorif.it\/reperes\/wp-content\/uploads\/2021\/07\/logo-reperes-3.jpg\" alt class=\"img-responsive wp-image-6963\" srcset=\"https:\/\/www.dorif.it\/reperes\/wp-content\/uploads\/2021\/07\/logo-reperes-3-200x27.jpg 200w, https:\/\/www.dorif.it\/reperes\/wp-content\/uploads\/2021\/07\/logo-reperes-3-400x54.jpg 400w, https:\/\/www.dorif.it\/reperes\/wp-content\/uploads\/2021\/07\/logo-reperes-3.jpg 500w\" sizes=\"(max-width: 800px) 100vw, 500px\" \/><\/span><\/div><\/div><div class=\"fusion-text fusion-text-5\"><p style=\"text-align: center;\">Quest&#8217;opera \u00e8 distribuita con Licenza\u00a0<a href=\"http:\/\/creativecommons.org\/licenses\/by-nc-nd\/3.0\/it\/\">Creative Commons Attribuzione &#8211; Non commerciale &#8211; Non opere derivate 3.0 Italia<\/a>.<\/p>\n<\/div><div class=\"fusion-clearfix\"><\/div><\/div><\/div><\/div><\/div><\/p>\n","protected":false},"excerpt":{"rendered":"","protected":false},"author":8,"featured_media":0,"comment_status":"closed","ping_status":"closed","sticky":false,"template":"","format":"standard","meta":{"_acf_changed":false,"_bbp_topic_count":0,"_bbp_reply_count":0,"_bbp_total_topic_count":0,"_bbp_total_reply_count":0,"_bbp_voice_count":0,"_bbp_anonymous_reply_count":0,"_bbp_topic_count_hidden":0,"_bbp_reply_count_hidden":0,"_bbp_forum_subforum_count":0,"footnotes":""},"categories":[308],"tags":[311,321],"class_list":["post-6001","post","type-post","status-publish","format-standard","hentry","category-contributions-des-formateurs","tag-ateliers-didactique-et-recherches-federation-alliances-francaises-ditalie-et-dorif-universita-n-2-la-didactique-de-lerreur","tag-yannick-hamon"],"acf":[],"yoast_head":"<!-- This site is optimized with the Yoast SEO plugin v27.3 - https:\/\/yoast.com\/product\/yoast-seo-wordpress\/ -->\n<title>Yannick HAMON, Bibliographie g\u00e9n\u00e9rale : la didactique de l&#039;erreur - Rep\u00e8res-Dorif<\/title>\n<meta name=\"robots\" content=\"index, follow, max-snippet:-1, max-image-preview:large, max-video-preview:-1\" \/>\n<link rel=\"canonical\" href=\"https:\/\/www.dorif.it\/reperes\/yannick-hamon-bibliographie-generale-la-didactique-de-lerreur\/\" \/>\n<meta property=\"og:locale\" content=\"it_IT\" \/>\n<meta property=\"og:type\" content=\"article\" \/>\n<meta property=\"og:title\" content=\"Yannick HAMON, Bibliographie g\u00e9n\u00e9rale : la didactique de l&#039;erreur - Rep\u00e8res-Dorif\" \/>\n<meta property=\"og:url\" content=\"https:\/\/www.dorif.it\/reperes\/yannick-hamon-bibliographie-generale-la-didactique-de-lerreur\/\" \/>\n<meta property=\"og:site_name\" content=\"Rep\u00e8res-Dorif\" \/>\n<meta property=\"article:published_time\" content=\"2021-01-25T22:16:06+00:00\" \/>\n<meta property=\"article:modified_time\" content=\"2021-07-27T10:08:48+00:00\" \/>\n<meta name=\"author\" content=\"Orvale\" \/>\n<meta name=\"twitter:card\" content=\"summary_large_image\" \/>\n<meta name=\"twitter:label1\" content=\"Scritto da\" \/>\n\t<meta name=\"twitter:data1\" content=\"Yannick HAMON\" \/>\n\t<meta name=\"twitter:label2\" content=\"Tempo di lettura stimato\" \/>\n\t<meta name=\"twitter:data2\" content=\"4 minuti\" \/>\n<script type=\"application\/ld+json\" class=\"yoast-schema-graph\">{\"@context\":\"https:\\\/\\\/schema.org\",\"@graph\":[{\"@type\":\"Article\",\"@id\":\"https:\\\/\\\/www.dorif.it\\\/reperes\\\/yannick-hamon-bibliographie-generale-la-didactique-de-lerreur\\\/#article\",\"isPartOf\":{\"@id\":\"https:\\\/\\\/www.dorif.it\\\/reperes\\\/yannick-hamon-bibliographie-generale-la-didactique-de-lerreur\\\/\"},\"author\":{\"name\":\"Orvale\",\"@id\":\"https:\\\/\\\/www.dorif.it\\\/reperes\\\/#\\\/schema\\\/person\\\/be5f529c70120fdda9afb763971d717f\"},\"headline\":\"Yannick HAMON, Bibliographie g\u00e9n\u00e9rale : la didactique de l&#8217;erreur\",\"datePublished\":\"2021-01-25T22:16:06+00:00\",\"dateModified\":\"2021-07-27T10:08:48+00:00\",\"mainEntityOfPage\":{\"@id\":\"https:\\\/\\\/www.dorif.it\\\/reperes\\\/yannick-hamon-bibliographie-generale-la-didactique-de-lerreur\\\/\"},\"wordCount\":1710,\"keywords\":[\"Ateliers Didactique et Recherches - F\u00e9d\u00e9ration Alliances Fran\u00e7aises d'Italie et DoRiF Universit\u00e0 N.2 - La didactique de l'erreur\",\"Yannick Hamon\"],\"articleSection\":[\"Contributions des formateurs\"],\"inLanguage\":\"it-IT\"},{\"@type\":\"WebPage\",\"@id\":\"https:\\\/\\\/www.dorif.it\\\/reperes\\\/yannick-hamon-bibliographie-generale-la-didactique-de-lerreur\\\/\",\"url\":\"https:\\\/\\\/www.dorif.it\\\/reperes\\\/yannick-hamon-bibliographie-generale-la-didactique-de-lerreur\\\/\",\"name\":\"Yannick HAMON, Bibliographie g\u00e9n\u00e9rale : la didactique de l'erreur - Rep\u00e8res-Dorif\",\"isPartOf\":{\"@id\":\"https:\\\/\\\/www.dorif.it\\\/reperes\\\/#website\"},\"datePublished\":\"2021-01-25T22:16:06+00:00\",\"dateModified\":\"2021-07-27T10:08:48+00:00\",\"author\":{\"@id\":\"https:\\\/\\\/www.dorif.it\\\/reperes\\\/#\\\/schema\\\/person\\\/be5f529c70120fdda9afb763971d717f\"},\"breadcrumb\":{\"@id\":\"https:\\\/\\\/www.dorif.it\\\/reperes\\\/yannick-hamon-bibliographie-generale-la-didactique-de-lerreur\\\/#breadcrumb\"},\"inLanguage\":\"it-IT\",\"potentialAction\":[{\"@type\":\"ReadAction\",\"target\":[\"https:\\\/\\\/www.dorif.it\\\/reperes\\\/yannick-hamon-bibliographie-generale-la-didactique-de-lerreur\\\/\"]}]},{\"@type\":\"BreadcrumbList\",\"@id\":\"https:\\\/\\\/www.dorif.it\\\/reperes\\\/yannick-hamon-bibliographie-generale-la-didactique-de-lerreur\\\/#breadcrumb\",\"itemListElement\":[{\"@type\":\"ListItem\",\"position\":1,\"name\":\"Home\",\"item\":\"https:\\\/\\\/www.dorif.it\\\/reperes\\\/\"},{\"@type\":\"ListItem\",\"position\":2,\"name\":\"Yannick HAMON, Bibliographie g\u00e9n\u00e9rale : la didactique de l&#8217;erreur\"}]},{\"@type\":\"WebSite\",\"@id\":\"https:\\\/\\\/www.dorif.it\\\/reperes\\\/#website\",\"url\":\"https:\\\/\\\/www.dorif.it\\\/reperes\\\/\",\"name\":\"Rep\u00e8res-Dorif\",\"description\":\"Autor du Fran\u00e7ais: langues, cultures et plurilinguisme\",\"potentialAction\":[{\"@type\":\"SearchAction\",\"target\":{\"@type\":\"EntryPoint\",\"urlTemplate\":\"https:\\\/\\\/www.dorif.it\\\/reperes\\\/?s={search_term_string}\"},\"query-input\":{\"@type\":\"PropertyValueSpecification\",\"valueRequired\":true,\"valueName\":\"search_term_string\"}}],\"inLanguage\":\"it-IT\"},{\"@type\":\"Person\",\"@id\":\"https:\\\/\\\/www.dorif.it\\\/reperes\\\/#\\\/schema\\\/person\\\/be5f529c70120fdda9afb763971d717f\",\"name\":\"Orvale\",\"image\":{\"@type\":\"ImageObject\",\"inLanguage\":\"it-IT\",\"@id\":\"https:\\\/\\\/secure.gravatar.com\\\/avatar\\\/d1f962340761948aa72825921b12c22d66f83c4526d447ab70ba4e4167f348d5?s=96&d=mm&r=g\",\"url\":\"https:\\\/\\\/secure.gravatar.com\\\/avatar\\\/d1f962340761948aa72825921b12c22d66f83c4526d447ab70ba4e4167f348d5?s=96&d=mm&r=g\",\"contentUrl\":\"https:\\\/\\\/secure.gravatar.com\\\/avatar\\\/d1f962340761948aa72825921b12c22d66f83c4526d447ab70ba4e4167f348d5?s=96&d=mm&r=g\",\"caption\":\"Orvale\"},\"url\":\"#\"}]}<\/script>\n<!-- \/ Yoast SEO plugin. -->","yoast_head_json":{"title":"Yannick HAMON, Bibliographie g\u00e9n\u00e9rale : la didactique de l'erreur - Rep\u00e8res-Dorif","robots":{"index":"index","follow":"follow","max-snippet":"max-snippet:-1","max-image-preview":"max-image-preview:large","max-video-preview":"max-video-preview:-1"},"canonical":"https:\/\/www.dorif.it\/reperes\/yannick-hamon-bibliographie-generale-la-didactique-de-lerreur\/","og_locale":"it_IT","og_type":"article","og_title":"Yannick HAMON, Bibliographie g\u00e9n\u00e9rale : la didactique de l'erreur - Rep\u00e8res-Dorif","og_url":"https:\/\/www.dorif.it\/reperes\/yannick-hamon-bibliographie-generale-la-didactique-de-lerreur\/","og_site_name":"Rep\u00e8res-Dorif","article_published_time":"2021-01-25T22:16:06+00:00","article_modified_time":"2021-07-27T10:08:48+00:00","author":"Orvale","twitter_card":"summary_large_image","twitter_misc":{"Scritto da":"Yannick HAMON","Tempo di lettura stimato":"4 minuti"},"schema":{"@context":"https:\/\/schema.org","@graph":[{"@type":"Article","@id":"https:\/\/www.dorif.it\/reperes\/yannick-hamon-bibliographie-generale-la-didactique-de-lerreur\/#article","isPartOf":{"@id":"https:\/\/www.dorif.it\/reperes\/yannick-hamon-bibliographie-generale-la-didactique-de-lerreur\/"},"author":{"name":"Orvale","@id":"https:\/\/www.dorif.it\/reperes\/#\/schema\/person\/be5f529c70120fdda9afb763971d717f"},"headline":"Yannick HAMON, Bibliographie g\u00e9n\u00e9rale : la didactique de l&#8217;erreur","datePublished":"2021-01-25T22:16:06+00:00","dateModified":"2021-07-27T10:08:48+00:00","mainEntityOfPage":{"@id":"https:\/\/www.dorif.it\/reperes\/yannick-hamon-bibliographie-generale-la-didactique-de-lerreur\/"},"wordCount":1710,"keywords":["Ateliers Didactique et Recherches - F\u00e9d\u00e9ration Alliances Fran\u00e7aises d'Italie et DoRiF Universit\u00e0 N.2 - La didactique de l'erreur","Yannick Hamon"],"articleSection":["Contributions des formateurs"],"inLanguage":"it-IT"},{"@type":"WebPage","@id":"https:\/\/www.dorif.it\/reperes\/yannick-hamon-bibliographie-generale-la-didactique-de-lerreur\/","url":"https:\/\/www.dorif.it\/reperes\/yannick-hamon-bibliographie-generale-la-didactique-de-lerreur\/","name":"Yannick HAMON, Bibliographie g\u00e9n\u00e9rale : la didactique de l'erreur - Rep\u00e8res-Dorif","isPartOf":{"@id":"https:\/\/www.dorif.it\/reperes\/#website"},"datePublished":"2021-01-25T22:16:06+00:00","dateModified":"2021-07-27T10:08:48+00:00","author":{"@id":"https:\/\/www.dorif.it\/reperes\/#\/schema\/person\/be5f529c70120fdda9afb763971d717f"},"breadcrumb":{"@id":"https:\/\/www.dorif.it\/reperes\/yannick-hamon-bibliographie-generale-la-didactique-de-lerreur\/#breadcrumb"},"inLanguage":"it-IT","potentialAction":[{"@type":"ReadAction","target":["https:\/\/www.dorif.it\/reperes\/yannick-hamon-bibliographie-generale-la-didactique-de-lerreur\/"]}]},{"@type":"BreadcrumbList","@id":"https:\/\/www.dorif.it\/reperes\/yannick-hamon-bibliographie-generale-la-didactique-de-lerreur\/#breadcrumb","itemListElement":[{"@type":"ListItem","position":1,"name":"Home","item":"https:\/\/www.dorif.it\/reperes\/"},{"@type":"ListItem","position":2,"name":"Yannick HAMON, Bibliographie g\u00e9n\u00e9rale : la didactique de l&#8217;erreur"}]},{"@type":"WebSite","@id":"https:\/\/www.dorif.it\/reperes\/#website","url":"https:\/\/www.dorif.it\/reperes\/","name":"Rep\u00e8res-Dorif","description":"Autor du Fran\u00e7ais: langues, cultures et plurilinguisme","potentialAction":[{"@type":"SearchAction","target":{"@type":"EntryPoint","urlTemplate":"https:\/\/www.dorif.it\/reperes\/?s={search_term_string}"},"query-input":{"@type":"PropertyValueSpecification","valueRequired":true,"valueName":"search_term_string"}}],"inLanguage":"it-IT"},{"@type":"Person","@id":"https:\/\/www.dorif.it\/reperes\/#\/schema\/person\/be5f529c70120fdda9afb763971d717f","name":"Orvale","image":{"@type":"ImageObject","inLanguage":"it-IT","@id":"https:\/\/secure.gravatar.com\/avatar\/d1f962340761948aa72825921b12c22d66f83c4526d447ab70ba4e4167f348d5?s=96&d=mm&r=g","url":"https:\/\/secure.gravatar.com\/avatar\/d1f962340761948aa72825921b12c22d66f83c4526d447ab70ba4e4167f348d5?s=96&d=mm&r=g","contentUrl":"https:\/\/secure.gravatar.com\/avatar\/d1f962340761948aa72825921b12c22d66f83c4526d447ab70ba4e4167f348d5?s=96&d=mm&r=g","caption":"Orvale"},"url":"#"}]}},"_links":{"self":[{"href":"https:\/\/www.dorif.it\/reperes\/wp-json\/wp\/v2\/posts\/6001","targetHints":{"allow":["GET"]}}],"collection":[{"href":"https:\/\/www.dorif.it\/reperes\/wp-json\/wp\/v2\/posts"}],"about":[{"href":"https:\/\/www.dorif.it\/reperes\/wp-json\/wp\/v2\/types\/post"}],"author":[{"embeddable":true,"href":"https:\/\/www.dorif.it\/reperes\/wp-json\/wp\/v2\/users\/8"}],"replies":[{"embeddable":true,"href":"https:\/\/www.dorif.it\/reperes\/wp-json\/wp\/v2\/comments?post=6001"}],"version-history":[{"count":10,"href":"https:\/\/www.dorif.it\/reperes\/wp-json\/wp\/v2\/posts\/6001\/revisions"}],"predecessor-version":[{"id":6968,"href":"https:\/\/www.dorif.it\/reperes\/wp-json\/wp\/v2\/posts\/6001\/revisions\/6968"}],"wp:attachment":[{"href":"https:\/\/www.dorif.it\/reperes\/wp-json\/wp\/v2\/media?parent=6001"}],"wp:term":[{"taxonomy":"category","embeddable":true,"href":"https:\/\/www.dorif.it\/reperes\/wp-json\/wp\/v2\/categories?post=6001"},{"taxonomy":"post_tag","embeddable":true,"href":"https:\/\/www.dorif.it\/reperes\/wp-json\/wp\/v2\/tags?post=6001"}],"curies":[{"name":"wp","href":"https:\/\/api.w.org\/{rel}","templated":true}]}}